{"id":131136,"date":"2025-02-09T00:13:49","date_gmt":"2025-02-08T21:13:49","guid":{"rendered":"https:\/\/www.tgrthaber.com\/mavikadin\/?p=131136"},"modified":"2025-02-09T00:13:49","modified_gmt":"2025-02-08T21:13:49","slug":"o-ses-turkiyeye-yaptigi-dublajlarla-damga-vurdu-funda-kayacik-kimdir-meslegi-ve-kariyeri-arastiriliyor","status":"publish","type":"post","link":"https:\/\/www.tgrthaber.com\/mavikadin\/o-ses-turkiyeye-yaptigi-dublajlarla-damga-vurdu-funda-kayacik-kimdir-meslegi-ve-kariyeri-arastiriliyor\/","title":{"rendered":"O Ses T\u00fcrkiye&#8217;ye yapt\u0131\u011f\u0131 dublajlarla damga vurdu! Funda Kayac\u0131k kimdir? Mesle\u011fi ve kariyeri ara\u015ft\u0131r\u0131l\u0131yor!"},"content":{"rendered":"<p>O Ses T\u00fcrkiye&#8217;ye\u00a0 kat\u0131lan Funda Kayac\u0131k, g\u00fc\u00e7l\u00fc sesiyle j\u00fcri \u00fcyelerini ve izleyicileri etkileyerek b\u00fcy\u00fck ilgi g\u00f6rd\u00fc. Daha \u00f6nce dublaj sanat\u00e7\u0131l\u0131\u011f\u0131yla tan\u0131nan gen\u00e7 yetenek, sahnedeki performans\u0131yla sosyal medyada da g\u00fcndem oldu. Peki, Funda Kayac\u0131k kimdir, hangi projelerde yer ald\u0131, mesle\u011fi ne? \u0130\u015fte Funda Kayac\u0131k&#8217;\u0131n hayat\u0131 ve kariyerine dair merak edilenler&#8230;<\/p>\n<h3>FUNDA KAYACIK K\u0130MD\u0130R?<\/h3>\n<p>1998 do\u011fumlu olan Funda Kayac\u0131k, seslendirme sanat\u00e7\u0131s\u0131 olarak kariyerine gen\u00e7 ya\u015fta ad\u0131m att\u0131. \u0130lk olarak 2016 y\u0131l\u0131nda dublaj sekt\u00f6r\u00fcne giri\u015f yapan Kayac\u0131k, \u2018rabarba\u2019 olarak bilinen toplu dublaj \u00e7al\u0131\u015fmalar\u0131nda yer alarak bu alandaki yetene\u011fini geli\u015ftirdi. Ancak, m\u00fczi\u011fe olan ilgisi nedeniyle konservatuvara y\u00f6neldi ve opera e\u011fitimi ald\u0131. 2019 y\u0131l\u0131nda ise aktif olarak dublaja geri d\u00f6nd\u00fc ve pek \u00e7ok projede seslendirme yapt\u0131. Seslendirme d\u00fcnyas\u0131nda kendini kan\u0131tlayan Kayac\u0131k, League of Legends oyunundaki Briar, Barbie filmlerindeki Brooklyn Roberts ve \u00e7ocuk program\u0131 Cocomelon\u2019daki Nico-Nina karakterleriyle tan\u0131n\u0131yor.<\/p>\n<p><img loading=\"lazy\" decoding=\"async\" class=\"alignnone wp-image-131137 size-large\" src=\"https:\/\/www.tgrthaber.com\/mavikadin\/wp-content\/uploads\/Ekran-Resmi-2025-02-09-00.08.40-1024x588.png\" alt=\"\" width=\"1024\" height=\"588\" title=\"\" srcset=\"https:\/\/www.tgrthaber.com\/mavikadin\/wp-content\/uploads\/Ekran-Resmi-2025-02-09-00.08.40-1024x588.png 1024w, https:\/\/www.tgrthaber.com\/mavikadin\/wp-content\/uploads\/Ekran-Resmi-2025-02-09-00.08.40-300x172.png 300w, https:\/\/www.tgrthaber.com\/mavikadin\/wp-content\/uploads\/Ekran-Resmi-2025-02-09-00.08.40-768x441.png 768w, https:\/\/www.tgrthaber.com\/mavikadin\/wp-content\/uploads\/Ekran-Resmi-2025-02-09-00.08.40.png 1278w\" sizes=\"(max-width: 1024px) 100vw, 1024px\" \/><\/p>\n<hr \/>\n<p>Funda Kayac\u0131k, dublaj sanat\u00e7\u0131l\u0131\u011f\u0131yla \u00f6ne \u00e7\u0131karken ayn\u0131 zamanda m\u00fczik alan\u0131nda da yetkin bir isim. Konservatuvarda opera e\u011fitimi alarak klasik m\u00fczik alan\u0131nda kendini geli\u015ftirdi. M\u00fczik y\u00f6netmenli\u011fi yaparak projelerde farkl\u0131 roller \u00fcstlenen Kayac\u0131k, piyano, gitar, ukulele, kalimba ve ocarina gibi bir\u00e7ok enstr\u00fcman\u0131 \u00e7alabiliyor. Dublaj sanat\u00e7\u0131l\u0131\u011f\u0131n\u0131n yan\u0131 s\u0131ra, m\u00fczikal yeteneklerini projelere yans\u0131tan Kayac\u0131k, seslendirme ve m\u00fczik y\u00f6netimi alanlar\u0131nda aktif olarak \u00e7al\u0131\u015fmalar\u0131na devam ediyor.<\/p>\n<p><img loading=\"lazy\" decoding=\"async\" class=\"alignnone wp-image-131139 size-large\" src=\"https:\/\/www.tgrthaber.com\/mavikadin\/wp-content\/uploads\/Ekran-Resmi-2025-02-09-00.08.55-1024x537.png\" alt=\"\" width=\"1024\" height=\"537\" title=\"\" srcset=\"https:\/\/www.tgrthaber.com\/mavikadin\/wp-content\/uploads\/Ekran-Resmi-2025-02-09-00.08.55-1024x537.png 1024w, https:\/\/www.tgrthaber.com\/mavikadin\/wp-content\/uploads\/Ekran-Resmi-2025-02-09-00.08.55-300x157.png 300w, https:\/\/www.tgrthaber.com\/mavikadin\/wp-content\/uploads\/Ekran-Resmi-2025-02-09-00.08.55-768x403.png 768w, https:\/\/www.tgrthaber.com\/mavikadin\/wp-content\/uploads\/Ekran-Resmi-2025-02-09-00.08.55.png 1262w\" sizes=\"(max-width: 1024px) 100vw, 1024px\" \/><\/p>\n<hr \/>\n<h3>FUNDA KAYACIK O SES T\u00dcRK\u0130YE SAHNES\u0130NDE HANG\u0130 J\u00dcR\u0130Y\u0130 SE\u00c7T\u0130?<\/h3>\n<p>Funda Kayac\u0131k, O Ses T\u00fcrkiye sahnesinde G\u00f6khan \u00d6zo\u011fuz\u2019u se\u00e7mek istiyordu. Ancak Hadise\u2019nin blokaj hamlesi nedeniyle bu se\u00e7ene\u011fi ortadan kalkt\u0131. Performans\u0131nda G\u00f6khan \u00d6zo\u011fuz ile \u201cBen Mesela\u201d \u015fark\u0131s\u0131n\u0131 s\u00f6yleyen Kayac\u0131k, j\u00fcri karar\u0131nda zorland\u0131 ve sonunda Beyaz\u0131t \u00d6zt\u00fcrk\u2019\u00fc se\u00e7erek yar\u0131\u015fmaya devam etme karar\u0131 ald\u0131. G\u00fc\u00e7l\u00fc sesi ve sahne performans\u0131yla dikkat \u00e7eken Kayac\u0131k, O Ses T\u00fcrkiye maceras\u0131na Beyaz\u0131t \u00d6zt\u00fcrk\u2019\u00fcn tak\u0131m\u0131nda devam edecek. Kariyerinde seslendirme ve m\u00fczik alan\u0131nda \u00f6nemli ad\u0131mlar atan gen\u00e7 sanat\u00e7\u0131n\u0131n yar\u0131\u015fmadaki performans\u0131 \u015fimdiden merak konusu oldu.<\/p>\n","protected":false},"excerpt":{"rendered":"<p>O Ses T\u00fcrkiye sahnesinde sesiyle b\u00fcy\u00fck be\u011feni toplayan Funda Kayac\u0131k, performans\u0131yla izleyicileri etkiledi. Seslendirme sanat\u00e7\u0131s\u0131 olarak tan\u0131nan gen\u00e7 yetenek, m\u00fczikal yetene\u011fini sahneye ta\u015f\u0131yarak sosyal medyada da g\u00fcndem oldu. Peki, Funda Kayac\u0131k kimdir, mesle\u011fi ne? \u0130\u015fte detaylar\u2026 <\/p>\n","protected":false},"author":16,"featured_media":131140,"comment_status":"closed","ping_status":"closed","sticky":false,"template":"","format":"standard","meta":{"rank_math_lock_modified_date":false,"footnotes":""},"categories":[76],"tags":[10345,10346,10347,10348,10349],"class_list":["post-131136","post","type-post","status-publish","format-standard","has-post-thumbnail","hentry","category-magazin","tag-funda-kayacik-o-ses-turkiye","tag-funda-kayacik-o-ses-turkiye-dublaj","tag-funda-kayacik-o-ses-turkiye-dublaj-sanatcisi","tag-o-ses-turkiye-funda-kayacik-kimdir","tag-o-ses-turkiye-funda-kayacik-meslegi-ne"],"_links":{"self":[{"href":"https:\/\/www.tgrthaber.com\/mavikadin\/wp-json\/wp\/v2\/posts\/131136"}],"collection":[{"href":"https:\/\/www.tgrthaber.com\/mavikadin\/wp-json\/wp\/v2\/posts"}],"about":[{"href":"https:\/\/www.tgrthaber.com\/mavikadin\/wp-json\/wp\/v2\/types\/post"}],"author":[{"embeddable":true,"href":"https:\/\/www.tgrthaber.com\/mavikadin\/wp-json\/wp\/v2\/users\/16"}],"replies":[{"embeddable":true,"href":"https:\/\/www.tgrthaber.com\/mavikadin\/wp-json\/wp\/v2\/comments?post=131136"}],"version-history":[{"count":1,"href":"https:\/\/www.tgrthaber.com\/mavikadin\/wp-json\/wp\/v2\/posts\/131136\/revisions"}],"predecessor-version":[{"id":131141,"href":"https:\/\/www.tgrthaber.com\/mavikadin\/wp-json\/wp\/v2\/posts\/131136\/revisions\/131141"}],"wp:featuredmedia":[{"embeddable":true,"href":"https:\/\/www.tgrthaber.com\/mavikadin\/wp-json\/wp\/v2\/media\/131140"}],"wp:attachment":[{"href":"https:\/\/www.tgrthaber.com\/mavikadin\/wp-json\/wp\/v2\/media?parent=131136"}],"wp:term":[{"taxonomy":"category","embeddable":true,"href":"https:\/\/www.tgrthaber.com\/mavikadin\/wp-json\/wp\/v2\/categories?post=131136"},{"taxonomy":"post_tag","embeddable":true,"href":"https:\/\/www.tgrthaber.com\/mavikadin\/wp-json\/wp\/v2\/tags?post=131136"}],"curies":[{"name":"wp","href":"https:\/\/api.w.org\/{rel}","templated":true}]}}