{"id":131138,"date":"2025-02-09T00:50:13","date_gmt":"2025-02-08T21:50:13","guid":{"rendered":"https:\/\/www.tgrthaber.com\/mavikadin\/?p=131138"},"modified":"2025-02-09T00:54:48","modified_gmt":"2025-02-08T21:54:48","slug":"kereviz-salatasina-ne-konur-yesil-elmali-kereviz-salatasi-tarifi","status":"publish","type":"post","link":"https:\/\/www.tgrthaber.com\/mavikadin\/kereviz-salatasina-ne-konur-yesil-elmali-kereviz-salatasi-tarifi\/","title":{"rendered":"Kereviz salatas\u0131na ne konur? Ye\u015fil elmal\u0131 kereviz salatas\u0131 tarifi"},"content":{"rendered":"<p>\u00d6zellikle de kilosuna dikkat eden ve formunu korumak isteyen kimselerin olmazsa olmaz olan \u00f6\u011f\u00fcnlerinden salatalar; hem lezzetli hem de olduk\u00e7a doyurucu olmaktad\u0131r.<\/p>\n<p>Herkesin kendi damak zevkine uygun envai \u00e7e\u015fit salata tarifi var iken pek \u00e7o\u011fumuzun bir numaral\u0131 salatas\u0131 olan kerevizli ve elmal\u0131 salata, hem kalori a\u00e7\u0131s\u0131ndan \u00e7ok d\u00fc\u015f\u00fck hem de A ve K vitamini bak\u0131m\u0131ndan olduk\u00e7a k\u0131ymetli bir besin kayna\u011f\u0131d\u0131r.<\/p>\n<p>Peki herkesin bay\u0131la bay\u0131la yiyece\u011fi bu elmal\u0131 kerevizli salatay\u0131 evimizde nas\u0131l yapabiliriz? \u0130\u015fte tad\u0131na doyum olmayan mayho\u015f tad\u0131 ile g\u00f6nl\u00fcn\u00fcz\u00fc fethedecek olan elmal\u0131 kereviz salatas\u0131&#8230;.<\/p>\n<h3>ELMALI KEREV\u0130Z SALATASI TAR\u0130F\u0130!<\/h3>\n<p>Evde \u015fip\u015fak bir \u015fekilde haz\u0131rlayabilece\u011finiz ve adeta bir lezzet patlamas\u0131 ya\u015fatabilece\u011finiz bu enfes kerevizli salata ile misafirlerinizden tam puan alacaks\u0131n\u0131z!<\/p>\n<p><img loading=\"lazy\" decoding=\"async\" class=\"alignnone wp-image-131146\" src=\"https:\/\/www.tgrthaber.com\/mavikadin\/wp-content\/uploads\/dfdfd.png\" alt=\"\" width=\"1208\" height=\"686\" title=\"\" srcset=\"https:\/\/www.tgrthaber.com\/mavikadin\/wp-content\/uploads\/dfdfd.png 770w, https:\/\/www.tgrthaber.com\/mavikadin\/wp-content\/uploads\/dfdfd-300x170.png 300w, https:\/\/www.tgrthaber.com\/mavikadin\/wp-content\/uploads\/dfdfd-768x436.png 768w\" sizes=\"(max-width: 1208px) 100vw, 1208px\" \/><\/p>\n<hr \/>\n<p>\u0130\u015fte lezzetli mi lezzetli yo\u011furtlu, elmal\u0131 ve kerevizli salata&#8230;<\/p>\n<h3>MALZEMELER:<\/h3>\n<p>2 adet orta boy kereviz<br \/>\n1 adet ye\u015fil elma<br \/>\n1\/2 adet limonun suyu<br \/>\n2 di\u015f sar\u0131msak<br \/>\n4 yemek ka\u015f\u0131\u011f\u0131 yo\u011furt<br \/>\n1 yemek ka\u015f\u0131\u011f\u0131 mayonez<br \/>\n1 \u00e7ay ka\u015f\u0131\u011f\u0131 tuz<br \/>\n8-10 adet ceviz i\u00e7i<\/p>\n<h3>YAPILI\u015eI:<\/h3>\n<p>Elmal\u0131 kereviz salatas\u0131 i\u00e7in i\u015fe ilk olarak y\u0131kanm\u0131\u015f kerevizleri soyup rendelemekle ba\u015flay\u0131n. Rendeledi\u011finiz kerevizlere limon suyu ve tuz ilave edin. Daha sonra elmay\u0131 g\u00fczelce soyup rendeleyin. Sonras\u0131nda ise rendeledi\u011finiz elman\u0131n suyunu iyice s\u00fcz\u00fcn ve elmalar\u0131 kerevizlere ekleyin.<\/p>\n<p><img loading=\"lazy\" decoding=\"async\" class=\"alignnone wp-image-131148\" src=\"https:\/\/www.tgrthaber.com\/mavikadin\/wp-content\/uploads\/24368kerevizsalata.jpg\" alt=\"\" width=\"1208\" height=\"678\" title=\"\" srcset=\"https:\/\/www.tgrthaber.com\/mavikadin\/wp-content\/uploads\/24368kerevizsalata.jpg 730w, https:\/\/www.tgrthaber.com\/mavikadin\/wp-content\/uploads\/24368kerevizsalata-300x168.jpg 300w\" sizes=\"(max-width: 1208px) 100vw, 1208px\" \/><\/p>\n<hr \/>\n<p>Ceviz i\u00e7lerini olmas\u0131n\u0131 istedi\u011finiz ebatta irili ufakl\u0131 \u015fekilde k\u0131r\u0131p ya da d\u00f6vd\u00fckten sonra ayr\u0131 bir kab\u0131n i\u00e7inde mayonez ve yo\u011furdu iyice birbirine harmanlay\u0131p ceviz ile beraber kar\u0131\u015f\u0131ma d\u00f6k\u00fcn. T\u00fcm malzemeleri birbirine kar\u0131\u015ft\u0131r\u0131n.<\/p>\n<p>\u0130\u015fte salata bitti bile, afiyet olsun&#8230;<\/p>\n<h3>KEREV\u0130Z\u0130N FAYDALARI:<\/h3>\n<p>V\u00fccudun pH dengesini korumaya yard\u0131mc\u0131 olur.<br \/>\nBa\u011f\u0131rsak ge\u00e7i\u015fini kolayla\u015ft\u0131rarak kab\u0131zl\u0131k sorununu \u00f6nler.<br \/>\nKalp-damar sa\u011fl\u0131\u011f\u0131na olumlu etkiler sunar.<br \/>\nZay\u0131f olan ba\u011f\u0131\u015f\u0131kl\u0131k sistemini kuvvetlendirir.<br \/>\nSo\u011fuk alg\u0131nl\u0131\u011f\u0131na kar\u015f\u0131 iyi gelir<br \/>\n\u0130drar s\u00f6kt\u00fcr\u00fcc\u00fc ve \u00f6dem att\u0131r\u0131c\u0131 \u00f6zelli\u011fi ile me\u015fhurdur.<\/p>\n<h3>KEREV\u0130Z DE HANG\u0130 BES\u0130N DE\u011eERLER\u0130 VAR?<\/h3>\n<p><em><strong>100 gr kerevizin besin de\u011ferleri \u015fu \u015fekildedir:<\/strong><\/em><\/p>\n<p><img loading=\"lazy\" decoding=\"async\" class=\"alignnone wp-image-131149\" src=\"https:\/\/www.tgrthaber.com\/mavikadin\/wp-content\/uploads\/Kerevizin_Faydalari_Nelerdir_-_Buyuk_Anadolu_Hastanesi-1.jpg\" alt=\"\" width=\"1208\" height=\"680\" title=\"\" srcset=\"https:\/\/www.tgrthaber.com\/mavikadin\/wp-content\/uploads\/Kerevizin_Faydalari_Nelerdir_-_Buyuk_Anadolu_Hastanesi-1.jpg 960w, https:\/\/www.tgrthaber.com\/mavikadin\/wp-content\/uploads\/Kerevizin_Faydalari_Nelerdir_-_Buyuk_Anadolu_Hastanesi-1-300x169.jpg 300w, https:\/\/www.tgrthaber.com\/mavikadin\/wp-content\/uploads\/Kerevizin_Faydalari_Nelerdir_-_Buyuk_Anadolu_Hastanesi-1-768x432.jpg 768w\" sizes=\"(max-width: 1208px) 100vw, 1208px\" \/><\/p>\n<hr \/>\n<p>Kalori: 42 kcal<br \/>\nKarbonhidratlar: 9,2 gr<br \/>\nLif: 1,8 gr<br \/>\nSodyum: 100 mg<br \/>\nPotasyum: 115 mg<br \/>\nKalsiyum: 43 mg<br \/>\nMagnezyum: 15 mg<br \/>\nFosfat: 70 mg<br \/>\nDemir: 0,7 mg<br \/>\n\u00c7inko: 0,4 mg<br \/>\nBeta-karoten: 15 \u00b5g<br \/>\nE vitamini: 0,5 mg<br \/>\nB1 Vitamini: 0.04 mg<br \/>\nB2 vitamini: 0.07 mg<br \/>\nB6 Vitamini: 0.20 mg<br \/>\nFolik asit: 75 \u00b5g<br \/>\nC vitamini: 8 mg<\/p>\n","protected":false},"excerpt":{"rendered":"<p>Elman\u0131n ve kerevizin bir noktada bulu\u015ftu\u011fu lezzetli mi lezzetli bu salata tarifine bay\u0131lacaks\u0131n\u0131z! Sofralarda muhakkak yer verilmesi gereken &#8216;Ye\u015fil elmal\u0131 kereviz salatas\u0131 tarifi:&#8217;<\/p>\n","protected":false},"author":27,"featured_media":131142,"comment_status":"closed","ping_status":"closed","sticky":false,"template":"","format":"standard","meta":{"rank_math_lock_modified_date":false,"footnotes":""},"categories":[191],"tags":[10350,501,10351,10352],"class_list":["post-131138","post","type-post","status-publish","format-standard","has-post-thumbnail","hentry","category-yemek-tarifleri","tag-elmali-kereviz-salatasi-tarifi","tag-salata","tag-salata-tarifi","tag-yogurtlu-salata"],"_links":{"self":[{"href":"https:\/\/www.tgrthaber.com\/mavikadin\/wp-json\/wp\/v2\/posts\/131138"}],"collection":[{"href":"https:\/\/www.tgrthaber.com\/mavikadin\/wp-json\/wp\/v2\/posts"}],"about":[{"href":"https:\/\/www.tgrthaber.com\/mavikadin\/wp-json\/wp\/v2\/types\/post"}],"author":[{"embeddable":true,"href":"https:\/\/www.tgrthaber.com\/mavikadin\/wp-json\/wp\/v2\/users\/27"}],"replies":[{"embeddable":true,"href":"https:\/\/www.tgrthaber.com\/mavikadin\/wp-json\/wp\/v2\/comments?post=131138"}],"version-history":[{"count":5,"href":"https:\/\/www.tgrthaber.com\/mavikadin\/wp-json\/wp\/v2\/posts\/131138\/revisions"}],"predecessor-version":[{"id":131150,"href":"https:\/\/www.tgrthaber.com\/mavikadin\/wp-json\/wp\/v2\/posts\/131138\/revisions\/131150"}],"wp:featuredmedia":[{"embeddable":true,"href":"https:\/\/www.tgrthaber.com\/mavikadin\/wp-json\/wp\/v2\/media\/131142"}],"wp:attachment":[{"href":"https:\/\/www.tgrthaber.com\/mavikadin\/wp-json\/wp\/v2\/media?parent=131138"}],"wp:term":[{"taxonomy":"category","embeddable":true,"href":"https:\/\/www.tgrthaber.com\/mavikadin\/wp-json\/wp\/v2\/categories?post=131138"},{"taxonomy":"post_tag","embeddable":true,"href":"https:\/\/www.tgrthaber.com\/mavikadin\/wp-json\/wp\/v2\/tags?post=131138"}],"curies":[{"name":"wp","href":"https:\/\/api.w.org\/{rel}","templated":true}]}}