{"id":131175,"date":"2025-02-09T10:18:14","date_gmt":"2025-02-09T07:18:14","guid":{"rendered":"https:\/\/www.tgrthaber.com\/mavikadin\/?p=131175"},"modified":"2025-02-09T10:18:15","modified_gmt":"2025-02-09T07:18:15","slug":"o-ses-turkiye-melike-sahinle-sallandi","status":"publish","type":"post","link":"https:\/\/www.tgrthaber.com\/mavikadin\/o-ses-turkiye-melike-sahinle-sallandi\/","title":{"rendered":"O Ses T\u00fcrkiye Melike \u015eahin\u2019le salland\u0131"},"content":{"rendered":"<p>O Ses T\u00fcrkiye 2025 sezonu 8 \u015eubat ak\u015fam\u0131 TV 8 ekranlar\u0131nda izleyicisiyle bulu\u015ftu. J\u00fcri koltu\u011funda ilk defa yer alan, Melike \u015eahin programa renk katt\u0131. Acun Il\u0131cal\u0131 programda sunucu koltu\u011funda bulunmazken, ilk kez j\u00fcrilik yapan \u015eahin sosyal medyay\u0131 salland\u0131. Merak edilenler haberimizde\u2026<\/p>\n<hr \/>\n<p>T\u00fcrkiye\u2019 de ba\u015flad\u0131\u011f\u0131 g\u00fcnden beri sevilerek takip edilen yar\u0131\u015fmalardan biri olan O Ses T\u00fcrkiye, 2025 sezonuyla TV 8 ekranlar\u0131nda izleyici kar\u015f\u0131s\u0131na \u00e7\u0131kt\u0131. Bu sezon, j\u00fcride \u00f6nemli de\u011fi\u015fikli\u011fe giden program, Murat Boz yerine yeni d\u00f6nemin en sevilen \u015fark\u0131c\u0131lar\u0131ndan olan Melike \u015eahin j\u00fcri de yerini ald\u0131. Hadise, Beyaz\u0131t \u00d6zt\u00fcrk ve G\u00f6khan \u00d6zo\u011fuz gibi sanat\u00e7\u0131lar yeni sezonda j\u00fcri koltu\u011funda oturuyor.<\/p>\n<h3>MEL\u0130KE \u015eAH\u0130N SOSYAL MEDYAYA DAMGA VURDU<\/h3>\n<p>Son d\u00f6nemlerde ad\u0131n\u0131 s\u0131k\u00e7a duydu\u011fumuz \u015fark\u0131c\u0131 Melike \u015eahin bu sefer de O Ses T\u00fcrkiye yar\u0131\u015fmas\u0131nda j\u00fcri koltu\u011funda oturuyor. Tutu\u015fmu\u015f Beraber, Nas\u0131r, Ortak ve Can\u0131n Beni \u00c7ekti \u015fark\u0131lar\u0131 ile son d\u00f6nemde pop\u00fcler olan Melike \u015eahin ise geceye damgas\u0131n\u0131 vurdu. \u015eahin\u2019e sosyal medyada bir\u00e7ok yorum yap\u0131l\u0131rken, sark\u0131c\u0131 b\u00fcy\u00fck bir ilgi g\u00f6rd\u00fc. Acun Il\u0131cal\u0131\u2019n\u0131n O Ses T\u00fcrkiye yar\u0131\u015fmas\u0131nda yapt\u0131\u011f\u0131 j\u00fcri de\u011fi\u015fikli\u011fi izleyiciler aras\u0131nda merak konusu olmu\u015ftu. Yeni yay\u0131nlanan b\u00f6l\u00fcm sonras\u0131nda izleyenler sosyal medyalar\u0131ndan j\u00fcri de\u011fi\u015fikli\u011fi ile yapt\u0131klar\u0131 payla\u015f\u0131mlarla \u015eahin\u2019i be\u011fendiklerini s\u00f6ylediler.<\/p>\n<p><img loading=\"lazy\" decoding=\"async\" class=\"wp-image-131176\" src=\"https:\/\/www.tgrthaber.com\/mavikadin\/wp-content\/uploads\/melike-sahin-2-1024x576.jpg\" alt=\"melike \u015fahin \" width=\"1208\" height=\"680\" title=\"\" srcset=\"https:\/\/www.tgrthaber.com\/mavikadin\/wp-content\/uploads\/melike-sahin-2-1024x576.jpg 1024w, https:\/\/www.tgrthaber.com\/mavikadin\/wp-content\/uploads\/melike-sahin-2-300x169.jpg 300w, https:\/\/www.tgrthaber.com\/mavikadin\/wp-content\/uploads\/melike-sahin-2-768x432.jpg 768w, https:\/\/www.tgrthaber.com\/mavikadin\/wp-content\/uploads\/melike-sahin-2-1536x864.jpg 1536w, https:\/\/www.tgrthaber.com\/mavikadin\/wp-content\/uploads\/melike-sahin-2.jpg 1600w\" sizes=\"(max-width: 1208px) 100vw, 1208px\" \/><\/p>\n<hr \/>\n<p>O Ses T\u00fcrkiye seyircileri sosyal medya da \u2018Melike \u015eahin j\u00fcriye \u00e7ok yak\u0131\u015ft\u0131, son zamanlar\u0131n en iyi kad\u0131n sanat\u00e7\u0131lar\u0131ndan biri\u2019 gibi s\u00f6zlerle sosyal medyaya damga vurdu. Sosyal medyaya damga vurmas\u0131n\u0131n ard\u0131ndan bir di\u011fer j\u00fcri koltu\u011funds oturan Hadise i\u00e7in kullan\u0131c\u0131lar \u2018Melike \u015eahin programa \u00e7ok yak\u0131\u015ft\u0131, Hadise k\u0131skan\u00e7l\u0131ktan \u00e7atlar bu sezon\u2019 gibi payla\u015f\u0131mlar yapt\u0131lar. \u00a0Acun Il\u0131cal\u0131\u2019 n\u0131n bu sezon yar\u0131\u015fmada sunucu koltu\u011funda olmayaca\u011f\u0131n\u0131 duyuran Beyaz\u0131t \u00d6zt\u00fcrk program\u0131n takip\u00e7ileri taraf\u0131ndan \u015fa\u015fk\u0131nl\u0131kla kar\u015f\u0131land\u0131.<\/p>\n<p><img loading=\"lazy\" decoding=\"async\" class=\"wp-image-131177\" src=\"https:\/\/www.tgrthaber.com\/mavikadin\/wp-content\/uploads\/melike-sahin-3-1024x576.jpg\" alt=\"melike \u015fahin \" width=\"1208\" height=\"680\" title=\"\" srcset=\"https:\/\/www.tgrthaber.com\/mavikadin\/wp-content\/uploads\/melike-sahin-3-1024x576.jpg 1024w, https:\/\/www.tgrthaber.com\/mavikadin\/wp-content\/uploads\/melike-sahin-3-300x169.jpg 300w, https:\/\/www.tgrthaber.com\/mavikadin\/wp-content\/uploads\/melike-sahin-3-768x432.jpg 768w, https:\/\/www.tgrthaber.com\/mavikadin\/wp-content\/uploads\/melike-sahin-3-1536x864.jpg 1536w, https:\/\/www.tgrthaber.com\/mavikadin\/wp-content\/uploads\/melike-sahin-3.jpg 1600w\" sizes=\"(max-width: 1208px) 100vw, 1208px\" \/><\/p>\n<hr \/>\n<h3><strong>MEL\u0130KE \u015eAH\u0130N K\u0130MD\u0130R<\/strong><\/h3>\n<p>G\u00fczel \u015fark\u0131c\u0131 18 Nisan 1989\u2019da \u0130stanbul\u2019da d\u00fcnyaya geldi. Aslen Divri\u011fili olan \u015eahin, m\u00fczi\u011fe \u00e7ocukluk y\u0131llar\u0131ndan itibaren b\u00fcy\u00fck bir ilgi duymu\u015ftur. Lise y\u0131llar\u0131nda \u00c7a\u011fda\u015f M\u00fczik Merkezi\u2019nde Timur Sel\u00e7uk\u2019tan \u015fan dersleri alan Melike \u015eahin, m\u00fczikle olan ba\u011f\u0131n\u0131 erken ya\u015flarda g\u00fc\u00e7lendirmi\u015f ve m\u00fczikle i\u00e7 i\u00e7e bir hayat s\u00fcrm\u00fc\u015ft\u00fcr. 2012\u2019de Bo\u011fazi\u00e7i \u00dcniversitesi Sosyoloji B\u00f6l\u00fcm\u00fc\u2019nden mezun olmu\u015ftur. M\u00fczik kariyerine, \u201cBaBa Zula\u201d grubunun vokalisti olarak ba\u015flam\u0131\u015f ve grupla birlikte bir\u00e7ok uluslararas\u0131 konser vermi\u015ftir. 2017 y\u0131l\u0131nda solo kariyerine y\u00f6nelmi\u015f ve \u201cDeli Kan\u201d \u015fark\u0131s\u0131yla dikkat \u00e7ekmi\u015ftir. 2021\u2019de \u00e7\u0131kard\u0131\u011f\u0131 \u201cMerhem\u201d alb\u00fcm\u00fc b\u00fcy\u00fck be\u011feni toplam\u0131\u015f ve \u201cUykumun Boynunu B\u00fckme\u201d, \u201cTutu\u015fmu\u015f Beraber\u201d gibi \u015fark\u0131lar\u0131yla geni\u015f bir dinleyici kitlesine ula\u015fm\u0131\u015ft\u0131r. Melike \u015eahin, duygusal ve etkileyici vokaliyle \u00f6zellikle alternatif m\u00fczik ve arabesk-pop tarz\u0131nda eserler \u00fcretmektedir.<\/p>\n","protected":false},"excerpt":{"rendered":"<p>O Ses T\u00fcrkiye 2025 sezonu 8 \u015eubat ak\u015fam\u0131 TV 8 ekranlar\u0131nda izleyicisiyle bulu\u015ftu. J\u00fcri koltu\u011funda ilk defa yer alan, Melike \u015eahin programa renk katt\u0131.<\/p>\n","protected":false},"author":34,"featured_media":131178,"comment_status":"closed","ping_status":"closed","sticky":false,"template":"","format":"standard","meta":{"rank_math_lock_modified_date":false,"footnotes":""},"categories":[76],"tags":[4301,6532,6534],"class_list":["post-131175","post","type-post","status-publish","format-standard","has-post-thumbnail","hentry","category-magazin","tag-melike-sahin","tag-o-ses-turkiye-2025","tag-o-ses-turkiye-2025-jurileri"],"_links":{"self":[{"href":"https:\/\/www.tgrthaber.com\/mavikadin\/wp-json\/wp\/v2\/posts\/131175"}],"collection":[{"href":"https:\/\/www.tgrthaber.com\/mavikadin\/wp-json\/wp\/v2\/posts"}],"about":[{"href":"https:\/\/www.tgrthaber.com\/mavikadin\/wp-json\/wp\/v2\/types\/post"}],"author":[{"embeddable":true,"href":"https:\/\/www.tgrthaber.com\/mavikadin\/wp-json\/wp\/v2\/users\/34"}],"replies":[{"embeddable":true,"href":"https:\/\/www.tgrthaber.com\/mavikadin\/wp-json\/wp\/v2\/comments?post=131175"}],"version-history":[{"count":1,"href":"https:\/\/www.tgrthaber.com\/mavikadin\/wp-json\/wp\/v2\/posts\/131175\/revisions"}],"predecessor-version":[{"id":131180,"href":"https:\/\/www.tgrthaber.com\/mavikadin\/wp-json\/wp\/v2\/posts\/131175\/revisions\/131180"}],"wp:featuredmedia":[{"embeddable":true,"href":"https:\/\/www.tgrthaber.com\/mavikadin\/wp-json\/wp\/v2\/media\/131178"}],"wp:attachment":[{"href":"https:\/\/www.tgrthaber.com\/mavikadin\/wp-json\/wp\/v2\/media?parent=131175"}],"wp:term":[{"taxonomy":"category","embeddable":true,"href":"https:\/\/www.tgrthaber.com\/mavikadin\/wp-json\/wp\/v2\/categories?post=131175"},{"taxonomy":"post_tag","embeddable":true,"href":"https:\/\/www.tgrthaber.com\/mavikadin\/wp-json\/wp\/v2\/tags?post=131175"}],"curies":[{"name":"wp","href":"https:\/\/api.w.org\/{rel}","templated":true}]}}