{"id":131226,"date":"2025-02-09T12:18:28","date_gmt":"2025-02-09T09:18:28","guid":{"rendered":"https:\/\/www.tgrthaber.com\/mavikadin\/?p=131226"},"modified":"2025-02-09T12:19:35","modified_gmt":"2025-02-09T09:19:35","slug":"survivor-2025-adem-sedat-kavgasina-nagihanda-dahil-oldu-paylasimi-sosyal-medyanin-gundeminde","status":"publish","type":"post","link":"https:\/\/www.tgrthaber.com\/mavikadin\/survivor-2025-adem-sedat-kavgasina-nagihanda-dahil-oldu-paylasimi-sosyal-medyanin-gundeminde\/","title":{"rendered":"Survivor 2025 Adem Sedat kavgas\u0131na Nagihan&#8217;da dahil oldu! Payla\u015f\u0131m\u0131 sosyal medyan\u0131n g\u00fcndeminde"},"content":{"rendered":"<p class=\"p1\">TV8 ekranlar\u0131nda izleyiciyle bulu\u015fan Survivor All Star 2025, rekabetin giderek artt\u0131\u011f\u0131 bir m\u00fccadeleye sahne olurken, 9 \u015eubat Pazar ak\u015fam\u0131 yay\u0131nlanacak yeni b\u00f6l\u00fcm fragman\u0131 sosyal medyada b\u00fcy\u00fck yank\u0131 uyand\u0131rd\u0131. Fragmanda, Adem K\u0131l\u0131\u00e7\u00e7\u0131 ve \u00c7\u0131lg\u0131n Sedat aras\u0131nda ya\u015fanan gerilim dikkat \u00e7ekti. Tart\u0131\u015fman\u0131n alevlenmesiyle kavgan\u0131n b\u00fcy\u00fcd\u00fc\u011f\u00fc anlarda ekran\u0131n bir anda karart\u0131lmas\u0131, izleyicilerde b\u00fcy\u00fck merak uyand\u0131rd\u0131. Yay\u0131nlanan fragman sonras\u0131 eski Survivor yar\u0131\u015fmac\u0131s\u0131 Nagihan Karadere\u2019nin payla\u015f\u0131m\u0131 da g\u00fcndem oldu. Karadere, sosyal medya hesab\u0131ndan yapt\u0131\u011f\u0131 payla\u015f\u0131m\u0131nda, \u2018Adem ile Sedat kavga etmi\u015fler, durduk yere ben TT oluyorum\u2019 diyerek tepki g\u00f6sterdi. <b><\/b><\/p>\n<h3 class=\"p1\"><b>ADEM VE \u00c7ILGIN SEDAT NEDEN KAVGA ETT\u0130?<\/b><\/h3>\n<p class=\"p1\">Survivor All Star 2025\u2019in yeni b\u00f6l\u00fcm fragman\u0131nda, Adem K\u0131l\u0131\u00e7\u00e7\u0131\u2019n\u0131n sinirlerine hakim olamayarak tak\u0131m arkada\u015f\u0131 \u00c7\u0131lg\u0131n Sedat\u2019\u0131n \u00fczerine y\u00fcr\u00fcd\u00fc\u011f\u00fc g\u00f6r\u00fcl\u00fcyor. Kar\u015f\u0131l\u0131kl\u0131 s\u00f6zl\u00fc at\u0131\u015fmalar\u0131n h\u0131zla b\u00fcy\u00fcd\u00fc\u011f\u00fc anlarda, Adem\u2019in \u201cPi\u015fmi\u015f pi\u015fmi\u015f g\u00fcl\u00fcyorsun\u201d s\u00f6zleri \u00fczerine Sedat\u2019\u0131n \u201cNe g\u00fclece\u011fim\u201d yan\u0131t\u0131 verdi\u011fi duyuluyor. Gerilimin t\u0131rmand\u0131\u011f\u0131 anda ekrana gelen karart\u0131lm\u0131\u015f sahneler, ikili aras\u0131nda fiziksel bir m\u00fcdahale olup olmad\u0131\u011f\u0131 y\u00f6n\u00fcnde spek\u00fclasyonlara yol a\u00e7t\u0131. Adem\u2019in Survivor kurallar\u0131na ayk\u0131r\u0131 bir hareket yap\u0131p yapmad\u0131\u011f\u0131 ve olas\u0131 bir ceza al\u0131p almayaca\u011f\u0131 ise hen\u00fcz netle\u015fmedi.<\/p>\n<p><img loading=\"lazy\" decoding=\"async\" class=\"alignnone wp-image-131235 size-large\" src=\"https:\/\/www.tgrthaber.com\/mavikadin\/wp-content\/uploads\/Ekran-Resmi-2025-02-09-12.11.23-1024x624.png\" alt=\"\" width=\"1024\" height=\"624\" title=\"\" srcset=\"https:\/\/www.tgrthaber.com\/mavikadin\/wp-content\/uploads\/Ekran-Resmi-2025-02-09-12.11.23-1024x624.png 1024w, https:\/\/www.tgrthaber.com\/mavikadin\/wp-content\/uploads\/Ekran-Resmi-2025-02-09-12.11.23-300x183.png 300w, https:\/\/www.tgrthaber.com\/mavikadin\/wp-content\/uploads\/Ekran-Resmi-2025-02-09-12.11.23-768x468.png 768w, https:\/\/www.tgrthaber.com\/mavikadin\/wp-content\/uploads\/Ekran-Resmi-2025-02-09-12.11.23-1536x936.png 1536w, https:\/\/www.tgrthaber.com\/mavikadin\/wp-content\/uploads\/Ekran-Resmi-2025-02-09-12.11.23.png 1668w\" sizes=\"(max-width: 1024px) 100vw, 1024px\" \/><\/p>\n<hr \/>\n<h3 class=\"p1\"><b>NAG\u0130HAN KARADERE\u2019DEN D\u0130KKAT \u00c7EKEN PAYLA\u015eIM <\/b><\/h3>\n<p class=\"p1\">Fragman\u0131n yay\u0131nlanmas\u0131n\u0131n ard\u0131ndan sosyal medya, Adem K\u0131l\u0131\u00e7\u00e7\u0131\u2019n\u0131n diskalifiye olup olmayaca\u011f\u0131 tart\u0131\u015fmalar\u0131yla \u00e7alkalan\u0131rken, eski Survivor yar\u0131\u015fmac\u0131s\u0131 Nagihan Karadere\u2019den ilgin\u00e7 bir payla\u015f\u0131m geldi. Ge\u00e7ti\u011fimiz y\u0131l yar\u0131\u015fmada Aleyna Kalayc\u0131o\u011flu ile ya\u015fad\u0131\u011f\u0131 kavgayla hat\u0131rlanan Karadere, kendi ad\u0131 etiketlenerek g\u00fcndeme gelmesine tepki g\u00f6sterdi.<\/p>\n<p><img loading=\"lazy\" decoding=\"async\" class=\"alignnone wp-image-131236 size-large\" src=\"https:\/\/www.tgrthaber.com\/mavikadin\/wp-content\/uploads\/Ekran-Resmi-2025-02-09-12.10.51-1024x609.png\" alt=\"\" width=\"1024\" height=\"609\" title=\"\" srcset=\"https:\/\/www.tgrthaber.com\/mavikadin\/wp-content\/uploads\/Ekran-Resmi-2025-02-09-12.10.51-1024x609.png 1024w, https:\/\/www.tgrthaber.com\/mavikadin\/wp-content\/uploads\/Ekran-Resmi-2025-02-09-12.10.51-300x178.png 300w, https:\/\/www.tgrthaber.com\/mavikadin\/wp-content\/uploads\/Ekran-Resmi-2025-02-09-12.10.51-768x457.png 768w, https:\/\/www.tgrthaber.com\/mavikadin\/wp-content\/uploads\/Ekran-Resmi-2025-02-09-12.10.51.png 1184w\" sizes=\"(max-width: 1024px) 100vw, 1024px\" \/><\/p>\n<hr \/>\n<p class=\"p1\">Sosyal medya hesab\u0131ndan bir payla\u015f\u0131m yapan Karadere, \u201cAdem ile Sedat kavga etmi\u015fler, durduk yere ben TT oluyorum. Arkada\u015flar beni niye i\u015fin i\u00e7ine kat\u0131yorsunuz? Bak\u0131n ben e\u011fleniyorum vallahi keyfim yerinde. Sal\u0131n beni art\u0131k, her olay\u0131n i\u00e7inde ben var\u0131m. Konu \u015fimdi anla\u015f\u0131ld\u0131. \u0130tme olay\u0131 m\u0131 g\u00fcndem olmu\u015f? Vay arkada\u015f pes! Tamam, hakl\u0131s\u0131n\u0131z, devam o zaman.\u201d ifadelerini kulland\u0131.<\/p>\n<p><img loading=\"lazy\" decoding=\"async\" class=\"alignnone wp-image-131238 size-large\" src=\"https:\/\/www.tgrthaber.com\/mavikadin\/wp-content\/uploads\/Ekran-Resmi-2025-02-09-12.12.52-1024x652.png\" alt=\"\" width=\"1024\" height=\"652\" title=\"\" srcset=\"https:\/\/www.tgrthaber.com\/mavikadin\/wp-content\/uploads\/Ekran-Resmi-2025-02-09-12.12.52-1024x652.png 1024w, https:\/\/www.tgrthaber.com\/mavikadin\/wp-content\/uploads\/Ekran-Resmi-2025-02-09-12.12.52-300x191.png 300w, https:\/\/www.tgrthaber.com\/mavikadin\/wp-content\/uploads\/Ekran-Resmi-2025-02-09-12.12.52-768x489.png 768w, https:\/\/www.tgrthaber.com\/mavikadin\/wp-content\/uploads\/Ekran-Resmi-2025-02-09-12.12.52-1536x977.png 1536w, https:\/\/www.tgrthaber.com\/mavikadin\/wp-content\/uploads\/Ekran-Resmi-2025-02-09-12.12.52.png 1820w\" sizes=\"(max-width: 1024px) 100vw, 1024px\" \/><\/p>\n<hr \/>\n<h3 class=\"p1\"><b>SURV\u0130VOR 2025 ADEM KILI\u00c7CI D\u0130SKAL\u0130F\u0130YE OLACAK MI? <\/b><\/h3>\n<p class=\"p1\">Adem K\u0131l\u0131\u00e7\u00e7\u0131 ve \u00c7\u0131lg\u0131n Sedat aras\u0131nda ya\u015fanan kavgan\u0131n ard\u0131ndan yap\u0131m ekibinin nas\u0131l bir karar verece\u011fi merak konusu oldu. Survivor\u2019\u0131n kurallar\u0131 gere\u011fi fiziksel temas\u0131n yasak olmas\u0131 nedeniyle, K\u0131l\u0131\u00e7\u00e7\u0131\u2019n\u0131n ceza al\u0131p almayaca\u011f\u0131 yeni b\u00f6l\u00fcmde netlik kazanacak. \u0130zleyiciler, Survivor All Star 2025\u2019in yeni b\u00f6l\u00fcm\u00fcnde bu olay\u0131n nas\u0131l sonu\u00e7lanaca\u011f\u0131n\u0131 heyecanla bekliyor.<\/p>\n","protected":false},"excerpt":{"rendered":"<p>Survivor All Star 2025\u2019te Adem K\u0131l\u0131\u00e7\u00e7\u0131 ve \u00c7\u0131lg\u0131n Sedat aras\u0131ndaki kavga g\u00fcndem oldu. Fragmanda tansiyonun y\u00fckseldi\u011fi anlar dikkat \u00e7ekerken, eski Survivor yar\u0131\u015fmac\u0131s\u0131 Nagihan Karadere de sosyal medya payla\u015f\u0131m\u0131yla olaya dahil oldu. Nagihan Karadere\u2019nin payla\u015f\u0131m\u0131 k\u0131sa s\u00fcrede g\u00fcndem oldu. <\/p>\n","protected":false},"author":16,"featured_media":131248,"comment_status":"closed","ping_status":"closed","sticky":false,"template":"","format":"standard","meta":{"rank_math_lock_modified_date":false,"footnotes":""},"categories":[101],"tags":[10331,10377,10378],"class_list":["post-131226","post","type-post","status-publish","format-standard","has-post-thumbnail","hentry","category-kesfet","tag-survivor-2025-adem-sedat-kavgasi","tag-survivor-2025-adem-sedat-nagihan-kavgasi","tag-survivor-2025-nagihan-karadere-sedat-adem-kavgasi"],"_links":{"self":[{"href":"https:\/\/www.tgrthaber.com\/mavikadin\/wp-json\/wp\/v2\/posts\/131226"}],"collection":[{"href":"https:\/\/www.tgrthaber.com\/mavikadin\/wp-json\/wp\/v2\/posts"}],"about":[{"href":"https:\/\/www.tgrthaber.com\/mavikadin\/wp-json\/wp\/v2\/types\/post"}],"author":[{"embeddable":true,"href":"https:\/\/www.tgrthaber.com\/mavikadin\/wp-json\/wp\/v2\/users\/16"}],"replies":[{"embeddable":true,"href":"https:\/\/www.tgrthaber.com\/mavikadin\/wp-json\/wp\/v2\/comments?post=131226"}],"version-history":[{"count":1,"href":"https:\/\/www.tgrthaber.com\/mavikadin\/wp-json\/wp\/v2\/posts\/131226\/revisions"}],"predecessor-version":[{"id":131251,"href":"https:\/\/www.tgrthaber.com\/mavikadin\/wp-json\/wp\/v2\/posts\/131226\/revisions\/131251"}],"wp:featuredmedia":[{"embeddable":true,"href":"https:\/\/www.tgrthaber.com\/mavikadin\/wp-json\/wp\/v2\/media\/131248"}],"wp:attachment":[{"href":"https:\/\/www.tgrthaber.com\/mavikadin\/wp-json\/wp\/v2\/media?parent=131226"}],"wp:term":[{"taxonomy":"category","embeddable":true,"href":"https:\/\/www.tgrthaber.com\/mavikadin\/wp-json\/wp\/v2\/categories?post=131226"},{"taxonomy":"post_tag","embeddable":true,"href":"https:\/\/www.tgrthaber.com\/mavikadin\/wp-json\/wp\/v2\/tags?post=131226"}],"curies":[{"name":"wp","href":"https:\/\/api.w.org\/{rel}","templated":true}]}}