{"id":131234,"date":"2025-02-09T12:18:12","date_gmt":"2025-02-09T09:18:12","guid":{"rendered":"https:\/\/www.tgrthaber.com\/mavikadin\/?p=131234"},"modified":"2025-02-09T12:18:13","modified_gmt":"2025-02-09T09:18:13","slug":"anne-babasinin-izinde-ada-yarar-seyirci-karsisina-cikiyor","status":"publish","type":"post","link":"https:\/\/www.tgrthaber.com\/mavikadin\/anne-babasinin-izinde-ada-yarar-seyirci-karsisina-cikiyor\/","title":{"rendered":"Anne babas\u0131n\u0131n izinde! Ada Yarar seyirci kar\u015f\u0131s\u0131na \u00e7\u0131k\u0131yor"},"content":{"rendered":"<p>Bennu Y\u0131ld\u0131r\u0131mlar ve B\u00fclent Emin Yarar\u2019\u0131n k\u0131zlar\u0131 Ada Yarar, ald\u0131\u011f\u0131 oyunculuk e\u011fitiminden sonra T\u00fcrkiye\u2019ye d\u00f6nd\u00fc. Yarar \u015fimdilerde ilk rol\u00fcyle seyirci kar\u015f\u0131s\u0131na \u00e7\u0131kmaya haz\u0131rlan\u0131yor.<\/p>\n<hr \/>\n<p>\u00dcnl\u00fc oyuncu \u00e7iftin k\u0131z\u0131 Ada Yarar, oyunculuk kariyerine ad\u0131m atarak seyircinin kar\u015f\u0131s\u0131na \u00e7\u0131kmaya haz\u0131rlan\u0131yor. Gen\u00e7 yetenek, ailesinin izinden giderek bir projeyle ekranlarda yer alacak. Hen\u00fcz 20\u2019li ya\u015flar\u0131n\u0131n ortas\u0131nda olan Ada Yarar, \u0130ngiltere\u2019de ald\u0131\u011f\u0131 oyunculuk e\u011fitiminin ard\u0131ndan T\u00fcrkiye\u2019ye d\u00f6nd\u00fc. Sanat\u00e7\u0131 bir aileden gelmenin avantajlar\u0131n\u0131 ta\u015f\u0131yan gen\u00e7 yetenek, ilk rol\u00fcyle b\u00fcy\u00fck bir \u00e7\u0131k\u0131\u015f yapmaya haz\u0131rlan\u0131yor. Annesi ve babas\u0131, y\u0131llard\u0131r tiyatro ve televizyon d\u00fcnyas\u0131nda \u00f6nemli projelere imza atarken, Ada da bu miras\u0131 devam ettirmek istiyor.<\/p>\n<p><img loading=\"lazy\" decoding=\"async\" class=\"alignnone wp-image-131245\" src=\"https:\/\/www.tgrthaber.com\/mavikadin\/wp-content\/uploads\/Adsiz-tasarim-145-1024x576.jpg\" alt=\"ada yarar \" width=\"1208\" height=\"680\" title=\"\" srcset=\"https:\/\/www.tgrthaber.com\/mavikadin\/wp-content\/uploads\/Adsiz-tasarim-145-1024x576.jpg 1024w, https:\/\/www.tgrthaber.com\/mavikadin\/wp-content\/uploads\/Adsiz-tasarim-145-300x169.jpg 300w, https:\/\/www.tgrthaber.com\/mavikadin\/wp-content\/uploads\/Adsiz-tasarim-145-768x432.jpg 768w, https:\/\/www.tgrthaber.com\/mavikadin\/wp-content\/uploads\/Adsiz-tasarim-145-1536x864.jpg 1536w, https:\/\/www.tgrthaber.com\/mavikadin\/wp-content\/uploads\/Adsiz-tasarim-145.jpg 1600w\" sizes=\"(max-width: 1208px) 100vw, 1208px\" \/><\/p>\n<hr \/>\n<p>Yeni dizi projesiyle ad\u0131ndan s\u00f6z ettirecek olan Ada Yarar, ilk r\u00f6portaj\u0131nda \u201cK\u00fc\u00e7\u00fckl\u00fc\u011f\u00fcmden beri sahnelerin b\u00fcy\u00fcs\u00fcne kap\u0131ld\u0131m. Ailem, bu mesle\u011fin zorluklar\u0131n\u0131 ve g\u00fczelliklerini hep anlatt\u0131. \u015eimdi ise kendi yolumu \u00e7izmeye haz\u0131r\u0131m\u201d dedi. Proje hakk\u0131nda detaylar hen\u00fcz netle\u015fmese de gen\u00e7 oyuncunun performans\u0131 \u015fimdiden merak konusu oldu. Ada Yarar\u2019\u0131n ailesi, k\u0131zlar\u0131n\u0131n bu heyecan verici yolculu\u011funda ona tam destek veriyor. Usta oyuncu anne ve babas\u0131, k\u0131zlar\u0131n\u0131n ba\u015far\u0131s\u0131ndan gurur duyduklar\u0131n\u0131 belirterek, \u201cBizim i\u00e7in en \u00f6nemlisi, Ada\u2019n\u0131n ger\u00e7ekten bu i\u015fi severek yapmas\u0131. Onun yetene\u011fine inan\u0131yoruz\u201d \u015feklinde konu\u015ftu.<\/p>\n<p><img loading=\"lazy\" decoding=\"async\" class=\"wp-image-131240\" src=\"https:\/\/www.tgrthaber.com\/mavikadin\/wp-content\/uploads\/ada-yarar-2-1-1024x576.jpg\" alt=\"ada yarar \" width=\"1208\" height=\"680\" title=\"\" srcset=\"https:\/\/www.tgrthaber.com\/mavikadin\/wp-content\/uploads\/ada-yarar-2-1-1024x576.jpg 1024w, https:\/\/www.tgrthaber.com\/mavikadin\/wp-content\/uploads\/ada-yarar-2-1-300x169.jpg 300w, https:\/\/www.tgrthaber.com\/mavikadin\/wp-content\/uploads\/ada-yarar-2-1-768x432.jpg 768w, https:\/\/www.tgrthaber.com\/mavikadin\/wp-content\/uploads\/ada-yarar-2-1-1536x864.jpg 1536w, https:\/\/www.tgrthaber.com\/mavikadin\/wp-content\/uploads\/ada-yarar-2-1.jpg 1600w\" sizes=\"(max-width: 1208px) 100vw, 1208px\" \/><\/p>\n<hr \/>\n<h3><strong>ADA YARAR K\u0130MD\u0130R<\/strong><\/h3>\n<p>Gen\u00e7 oyuncu Ada Yarar, 5 Aral\u0131k 1999 tarihinde \u0130stanbul\u2019da d\u00fcnyaya geldi. Annesi Bennu Y\u0131ld\u0131r\u0131mlar ve babas\u0131 B\u00fclent Emin Yarar gibi tan\u0131nm\u0131\u015f \u00fcnl\u00fc isimlerin \u00e7ocu\u011fu olarak sanatla tan\u0131\u015ft\u0131. Anne ve babas\u0131 gibi oyuncu olmak isteyen gen\u00e7 yetenek bunun \u00fczerine e\u011fitimler ald\u0131. Ada Yarar, 2008 y\u0131l\u0131nda \u0130\u015f Sanat\u2019\u0131n d\u00fczenledi\u011fi \u2018Bir Sergiden Tablolar&#8217; adl\u0131 klasik m\u00fczik g\u00f6sterisinde sahne alarak yeteneklerini sergiledi.<\/p>\n<p>Gen\u00e7 oyuncu Ada Yarar \u015fimdilerde \u2018Yeni Hayat\u2019 dizinde \u2018Yasemin\u2019 karakteriyle rol alaca\u011f\u0131 konu\u015fulanlar aras\u0131nda yer ald\u0131.<\/p>\n","protected":false},"excerpt":{"rendered":"<p>Bennu Y\u0131ld\u0131r\u0131mlar ve B\u00fclent Emin Yarar\u2019\u0131n k\u0131zlar\u0131 Ada Yarar, ald\u0131\u011f\u0131 oyunculuk e\u011fitiminden sonra T\u00fcrkiye\u2019ye d\u00f6nd\u00fc. Yarar \u015fimdilerde ilk rol\u00fcyle seyirci kar\u015f\u0131s\u0131na \u00e7\u0131kmaya haz\u0131rlan\u0131yor.<\/p>\n","protected":false},"author":34,"featured_media":131239,"comment_status":"closed","ping_status":"closed","sticky":false,"template":"","format":"standard","meta":{"rank_math_lock_modified_date":false,"footnotes":""},"categories":[76],"tags":[10375,5865,10376],"class_list":["post-131234","post","type-post","status-publish","format-standard","has-post-thumbnail","hentry","category-magazin","tag-ada-yarar","tag-bennu-yildirimlar","tag-bulent-emin-yarar"],"_links":{"self":[{"href":"https:\/\/www.tgrthaber.com\/mavikadin\/wp-json\/wp\/v2\/posts\/131234"}],"collection":[{"href":"https:\/\/www.tgrthaber.com\/mavikadin\/wp-json\/wp\/v2\/posts"}],"about":[{"href":"https:\/\/www.tgrthaber.com\/mavikadin\/wp-json\/wp\/v2\/types\/post"}],"author":[{"embeddable":true,"href":"https:\/\/www.tgrthaber.com\/mavikadin\/wp-json\/wp\/v2\/users\/34"}],"replies":[{"embeddable":true,"href":"https:\/\/www.tgrthaber.com\/mavikadin\/wp-json\/wp\/v2\/comments?post=131234"}],"version-history":[{"count":2,"href":"https:\/\/www.tgrthaber.com\/mavikadin\/wp-json\/wp\/v2\/posts\/131234\/revisions"}],"predecessor-version":[{"id":131250,"href":"https:\/\/www.tgrthaber.com\/mavikadin\/wp-json\/wp\/v2\/posts\/131234\/revisions\/131250"}],"wp:featuredmedia":[{"embeddable":true,"href":"https:\/\/www.tgrthaber.com\/mavikadin\/wp-json\/wp\/v2\/media\/131239"}],"wp:attachment":[{"href":"https:\/\/www.tgrthaber.com\/mavikadin\/wp-json\/wp\/v2\/media?parent=131234"}],"wp:term":[{"taxonomy":"category","embeddable":true,"href":"https:\/\/www.tgrthaber.com\/mavikadin\/wp-json\/wp\/v2\/categories?post=131234"},{"taxonomy":"post_tag","embeddable":true,"href":"https:\/\/www.tgrthaber.com\/mavikadin\/wp-json\/wp\/v2\/tags?post=131234"}],"curies":[{"name":"wp","href":"https:\/\/api.w.org\/{rel}","templated":true}]}}