{"id":131255,"date":"2025-02-09T13:06:21","date_gmt":"2025-02-09T10:06:21","guid":{"rendered":"https:\/\/www.tgrthaber.com\/mavikadin\/?p=131255"},"modified":"2025-02-09T13:06:21","modified_gmt":"2025-02-09T10:06:21","slug":"kardelenler-dizisinin-yankisi-ahmet-haktan-zavlak-kimdir-oyuncunun-yasi-ve-kariyeri-arastiriliyor","status":"publish","type":"post","link":"https:\/\/www.tgrthaber.com\/mavikadin\/kardelenler-dizisinin-yankisi-ahmet-haktan-zavlak-kimdir-oyuncunun-yasi-ve-kariyeri-arastiriliyor\/","title":{"rendered":"Kardelenler dizisinin Yank\u0131\u2019s\u0131 Ahmet Haktan Zavlak kimdir? Oyuncunun ya\u015f\u0131 ve kariyeri ara\u015ft\u0131r\u0131l\u0131yor"},"content":{"rendered":"<p>Ge\u00e7ti\u011fimiz hafta ATV ekranlar\u0131nda izleyici kar\u015f\u0131s\u0131na \u00e7\u0131kan Kardelenler dizisi, seyirci taraf\u0131ndan tam not ald\u0131. Hem konusu hem de g\u00fc\u00e7l\u00fc oyuncu kadrosuyla dikkatleri \u00fczerine \u00e7eken dizide Yank\u0131 karakterini oynayan Ahmet Haktan Zavlak\u2019\u0131n kim oldu\u011fu merak edildi. Peki, Kardelenler dizisinin Yank\u0131\u2019s\u0131 Ahmet Haktan Zavlak kimdir? Ahmet Haktan Zavlak ka\u00e7 ya\u015f\u0131nda, nereli? Ahmet Haktan Zavlak hangi projelerde yer ald\u0131? Ahmet Haktan Zavlak hakk\u0131nda merak edilenleri sizin i\u00e7in ara\u015ft\u0131rd\u0131k. \u0130\u015fte Ahmet Haktan Zavlak hakk\u0131nda bilinmeyenler\u2026<\/p>\n<hr \/>\n<h3>KARDELENLER YANKI K\u0130MD\u0130R?<\/h3>\n<p>ATV ekranlar\u0131nda izleyici kar\u015f\u0131s\u0131na \u00e7\u0131kan Kardelenler dizisi yay\u0131nlanan ilk b\u00f6l\u00fcm\u00fcyle seyirciden tam not almay\u0131 ba\u015fard\u0131. Hem konu hem de g\u00fc\u00e7l\u00fc oyuncu kadrosuyla dikkatleri \u00fczerine \u00e7eken dizi ge\u00e7ti\u011fimiz hafta ekran maceras\u0131na ba\u015flad\u0131. Bir\u00e7ok ba\u015far\u0131l\u0131 ismin yer ald\u0131\u011f\u0131 dizide gen\u00e7 yeteneklerde performanslar\u0131n\u0131 sergiliyor. Dizide Yank\u0131 karakterini oynayan Ahmet Haktan Zavlak\u2019\u0131n da kim oldu\u011fu seyirci taraf\u0131ndan merak ediliyor.<\/p>\n<p><img loading=\"lazy\" decoding=\"async\" class=\"alignnone wp-image-131261\" src=\"https:\/\/www.tgrthaber.com\/mavikadin\/wp-content\/uploads\/Ahmet-Haktan-Zavlak-9-1024x576.jpg\" alt=\"Kardelenler dizisinin Yank\u0131\u2019s\u0131 Ahmet Haktan Zavlak kimdir? \" width=\"1208\" height=\"680\" title=\"\" srcset=\"https:\/\/www.tgrthaber.com\/mavikadin\/wp-content\/uploads\/Ahmet-Haktan-Zavlak-9-1024x576.jpg 1024w, https:\/\/www.tgrthaber.com\/mavikadin\/wp-content\/uploads\/Ahmet-Haktan-Zavlak-9-300x169.jpg 300w, https:\/\/www.tgrthaber.com\/mavikadin\/wp-content\/uploads\/Ahmet-Haktan-Zavlak-9-768x432.jpg 768w, https:\/\/www.tgrthaber.com\/mavikadin\/wp-content\/uploads\/Ahmet-Haktan-Zavlak-9-1536x864.jpg 1536w, https:\/\/www.tgrthaber.com\/mavikadin\/wp-content\/uploads\/Ahmet-Haktan-Zavlak-9.jpg 1600w\" sizes=\"(max-width: 1208px) 100vw, 1208px\" \/><\/p>\n<hr \/>\n<p>Kardelenler dizisinin \u00f6nemli karakteri aras\u0131nda bulunan \u201cYank\u0131\u201d, okulun yak\u0131\u015f\u0131kl\u0131, karizmatik, zengin ama bir o kadar da \u0131l\u0131ml\u0131 bir \u00e7ocu\u011fu olarak kar\u015f\u0131m\u0131za \u00e7\u0131k\u0131yor. Aysel\u2019e g\u00f6rd\u00fc\u011f\u00fc ilk andan itibaren ilgi duymaya ba\u015flayan Yank\u0131, onun duru g\u00fczelli\u011fi, hal ve hareketlerinden etkilenmektedir. Yank\u0131\u2019n\u0131n Aysel ile ili\u015fkilerindeki hesaba katamad\u0131\u011f\u0131 durum ise Gizem\u2019in kendisine olan b\u00fcy\u00fck tak\u0131nt\u0131s\u0131d\u0131r.<\/p>\n<p><img loading=\"lazy\" decoding=\"async\" class=\"alignnone wp-image-131262\" src=\"https:\/\/www.tgrthaber.com\/mavikadin\/wp-content\/uploads\/Ahmet-Haktan-Zavlak-6-1024x576.jpg\" alt=\"Kardelenler dizisinin Yank\u0131\u2019s\u0131 Ahmet Haktan Zavlak kimdir? \" width=\"1208\" height=\"680\" title=\"\" srcset=\"https:\/\/www.tgrthaber.com\/mavikadin\/wp-content\/uploads\/Ahmet-Haktan-Zavlak-6-1024x576.jpg 1024w, https:\/\/www.tgrthaber.com\/mavikadin\/wp-content\/uploads\/Ahmet-Haktan-Zavlak-6-300x169.jpg 300w, https:\/\/www.tgrthaber.com\/mavikadin\/wp-content\/uploads\/Ahmet-Haktan-Zavlak-6-768x432.jpg 768w, https:\/\/www.tgrthaber.com\/mavikadin\/wp-content\/uploads\/Ahmet-Haktan-Zavlak-6-1536x864.jpg 1536w, https:\/\/www.tgrthaber.com\/mavikadin\/wp-content\/uploads\/Ahmet-Haktan-Zavlak-6.jpg 1600w\" sizes=\"(max-width: 1208px) 100vw, 1208px\" \/><\/p>\n<hr \/>\n<h3>AHMET HAKTAN ZAVLAK K\u0130MD\u0130R?<\/h3>\n<p>Ahmet Haktan Zavlak, 21 A\u011fustos 2001 tarihinde \u0130stanbul\u2019un \u00dcmraniye il\u00e7esinde d\u00fcnyaya geldi. \u0130lkokul, ortaokul ve lise e\u011fitimini ba\u015far\u0131yla tamamlayan Zavlak, y\u00fcksek\u00f6\u011frenimini Ege \u00dcniversitesi \u0130n\u015faat M\u00fchendisli\u011fi B\u00f6l\u00fcm\u00fc\u2019nde okumaya karar verdi. Okumak istedi\u011fi b\u00f6l\u00fcm\u00fcn d\u0131\u015f\u0131na \u00e7\u0131karak oyuncuk sekt\u00f6r\u00fcne merak salan Zavlak, oyunculuk kariyerine ilk ad\u0131m\u0131n\u0131 lise y\u0131llar\u0131nda rol ald\u0131\u011f\u0131 \u00e7e\u015fitli reklam filmleriyle att\u0131.<\/p>\n<p><img loading=\"lazy\" decoding=\"async\" class=\"alignnone wp-image-131263\" src=\"https:\/\/www.tgrthaber.com\/mavikadin\/wp-content\/uploads\/Ahmet-Haktan-Zavlak-1-1024x576.jpg\" alt=\"Kardelenler dizisinin Yank\u0131\u2019s\u0131 Ahmet Haktan Zavlak kimdir? \" width=\"1208\" height=\"680\" title=\"\" srcset=\"https:\/\/www.tgrthaber.com\/mavikadin\/wp-content\/uploads\/Ahmet-Haktan-Zavlak-1-1024x576.jpg 1024w, https:\/\/www.tgrthaber.com\/mavikadin\/wp-content\/uploads\/Ahmet-Haktan-Zavlak-1-300x169.jpg 300w, https:\/\/www.tgrthaber.com\/mavikadin\/wp-content\/uploads\/Ahmet-Haktan-Zavlak-1-768x432.jpg 768w, https:\/\/www.tgrthaber.com\/mavikadin\/wp-content\/uploads\/Ahmet-Haktan-Zavlak-1-1536x864.jpg 1536w, https:\/\/www.tgrthaber.com\/mavikadin\/wp-content\/uploads\/Ahmet-Haktan-Zavlak-1.jpg 1600w\" sizes=\"(max-width: 1208px) 100vw, 1208px\" \/><\/p>\n<hr \/>\n<p>Hayat\u0131n\u0131n b\u00fcy\u00fck bir \u00e7o\u011funlu\u011funu \u0130stanbul ve Yalova\u2019da ge\u00e7iren ba\u015far\u0131l\u0131 oyuncu Ahmet Haktan Zavlak, oyunculuk kariyerine \u00e7ok erken ya\u015flarda ba\u015flam\u0131\u015f ve g\u00fcn\u00fcm\u00fczde hala devam etmektedir. Televizyon dizilerinin yan\u0131 s\u0131ra dijital platform dizilerinde ve sinema filmlerinde boy g\u00f6steren Zavlak, ba\u015far\u0131l\u0131 oyunculu\u011fuyla ad\u0131ndan s\u00f6z ettirmeye devam ediyor.<\/p>\n<h3>AHMET HAKTAN ZAVLAK KA\u00c7 YA\u015eINDA?<\/h3>\n<p>\u015eimdilerde 23-24 ya\u015flar\u0131nda olan ba\u015far\u0131l\u0131 oyuncu Ahmet Haktan Zavlak, ilk oyunculuk deneyimini lise son s\u0131n\u0131ftayken yer ald\u0131\u011f\u0131 \u201cBir Aile Hikayesi\u201d dizisiyle ger\u00e7ekle\u015ftirdi. 2019 y\u0131l\u0131nda ilk oyunculuk deneyimiyle izleyici kar\u015f\u0131s\u0131na \u00e7\u0131kan Zavlak, M\u00fcfit Aytekin, Reha \u00d6zcan, \u0130brahim \u00c7i\u00e7ek ve Yi\u011fit Engin gibi isimlerden oyunculuk e\u011fitimi ald\u0131.<\/p>\n<p><img loading=\"lazy\" decoding=\"async\" class=\"alignnone wp-image-131265\" src=\"https:\/\/www.tgrthaber.com\/mavikadin\/wp-content\/uploads\/Ahmet-Haktan-Zavlak-8-1024x576.jpg\" alt=\"Kardelenler dizisinin Yank\u0131\u2019s\u0131 Ahmet Haktan Zavlak kimdir? \" width=\"1208\" height=\"680\" title=\"\" srcset=\"https:\/\/www.tgrthaber.com\/mavikadin\/wp-content\/uploads\/Ahmet-Haktan-Zavlak-8-1024x576.jpg 1024w, https:\/\/www.tgrthaber.com\/mavikadin\/wp-content\/uploads\/Ahmet-Haktan-Zavlak-8-300x169.jpg 300w, https:\/\/www.tgrthaber.com\/mavikadin\/wp-content\/uploads\/Ahmet-Haktan-Zavlak-8-768x432.jpg 768w, https:\/\/www.tgrthaber.com\/mavikadin\/wp-content\/uploads\/Ahmet-Haktan-Zavlak-8-1536x864.jpg 1536w, https:\/\/www.tgrthaber.com\/mavikadin\/wp-content\/uploads\/Ahmet-Haktan-Zavlak-8.jpg 1600w\" sizes=\"(max-width: 1208px) 100vw, 1208px\" \/><\/p>\n<hr \/>\n<p>Bir Aile Hikayesi adl\u0131 dizinin ard\u0131ndan \u201cYasak Elma\u201d dizisiyle kamera kar\u015f\u0131s\u0131na ge\u00e7en Ahmet Haktan Zavlak, daha sonra \u201cYe\u015fil\u00e7am\u201d, \u201cOrta Kafa A\u015fk\u201d, \u201cO\u011flum\u201d gibi dizilerde yer ald\u0131. As\u0131l \u00f6nemli \u00e7\u0131k\u0131\u015f\u0131n\u0131 2022 y\u0131l\u0131nda Tozluyaka dizisiyle ger\u00e7ekle\u015ftiren Zavlak bu dizideki \u201c\u00c7a\u011fr\u0131\u201d karakteriyle seyircinin ilgisini kazand\u0131. Daha sonra Star TV ekranlar\u0131nda yay\u0131nlanan \u201c\u00d6mer\u201d dizisiyle izleyici kar\u015f\u0131s\u0131na \u00e7\u0131kan Zavlak, Demir Kad\u0131n: Neslican ve 3391 Kilometre gibi filmlerde yer ald\u0131.<\/p>\n<p><img loading=\"lazy\" decoding=\"async\" class=\"alignnone wp-image-131268\" src=\"https:\/\/www.tgrthaber.com\/mavikadin\/wp-content\/uploads\/Ahmet-Haktan-Zavlak-5-1024x576.jpg\" alt=\"Kardelenler dizisinin Yank\u0131\u2019s\u0131 Ahmet Haktan Zavlak kimdir? \" width=\"1208\" height=\"680\" title=\"\" srcset=\"https:\/\/www.tgrthaber.com\/mavikadin\/wp-content\/uploads\/Ahmet-Haktan-Zavlak-5-1024x576.jpg 1024w, https:\/\/www.tgrthaber.com\/mavikadin\/wp-content\/uploads\/Ahmet-Haktan-Zavlak-5-300x169.jpg 300w, https:\/\/www.tgrthaber.com\/mavikadin\/wp-content\/uploads\/Ahmet-Haktan-Zavlak-5-768x432.jpg 768w, https:\/\/www.tgrthaber.com\/mavikadin\/wp-content\/uploads\/Ahmet-Haktan-Zavlak-5-1536x864.jpg 1536w, https:\/\/www.tgrthaber.com\/mavikadin\/wp-content\/uploads\/Ahmet-Haktan-Zavlak-5.jpg 1600w\" sizes=\"(max-width: 1208px) 100vw, 1208px\" \/><\/p>\n<hr \/>\n<h3>AHMET HAKTAN ZAVLAK\u2019IN YER ALDI\u011eI PROJELER<\/h3>\n<p>Kardelenler \u2013 2025<\/p>\n<p>0000 Kilometre \u2013 2024<\/p>\n<p>3391 Kilometre \u2013 2023<\/p>\n<p>Demir Kad\u0131n: Neslican \u2013 2023<\/p>\n<p>\u00d6mer \u2013 2023<\/p>\n<p>Tozluyaka \u2013 2022<\/p>\n<p>O\u011flum \u2013 2022<\/p>\n<p>Orta Kafa A\u015fk \u2013 2022<\/p>\n<p>Ye\u015fil\u00e7am \u2013 2021<\/p>\n<p>Yasak Elma \u2013 2020<\/p>\n<p>Bir Aile Hikayesi \u2013 2019<\/p>\n","protected":false},"excerpt":{"rendered":"<p>ATV ekranlar\u0131nda izleyici kar\u015f\u0131s\u0131na \u00e7\u0131kan Kardelenler dizisinde Yank\u0131 karakterini oynayan Ahmet Haktan Zavlak\u2019\u0131n kim oldu\u011fu merak ediliyor. Peki, Kardelenler dizisinin Yank\u0131\u2019s\u0131 Ahmet Haktan Zavlak kimdir? \u0130\u015fte detaylar\u2026 <\/p>\n","protected":false},"author":26,"featured_media":131260,"comment_status":"closed","ping_status":"closed","sticky":false,"template":"","format":"standard","meta":{"rank_math_lock_modified_date":false,"footnotes":""},"categories":[491],"tags":[10380,3274,9738,8801],"class_list":["post-131255","post","type-post","status-publish","format-standard","has-post-thumbnail","hentry","category-biyografi","tag-ahmet-haktan-zavlak","tag-kardelenler","tag-kardelenler-dizi","tag-kardelenler-dizisi"],"_links":{"self":[{"href":"https:\/\/www.tgrthaber.com\/mavikadin\/wp-json\/wp\/v2\/posts\/131255"}],"collection":[{"href":"https:\/\/www.tgrthaber.com\/mavikadin\/wp-json\/wp\/v2\/posts"}],"about":[{"href":"https:\/\/www.tgrthaber.com\/mavikadin\/wp-json\/wp\/v2\/types\/post"}],"author":[{"embeddable":true,"href":"https:\/\/www.tgrthaber.com\/mavikadin\/wp-json\/wp\/v2\/users\/26"}],"replies":[{"embeddable":true,"href":"https:\/\/www.tgrthaber.com\/mavikadin\/wp-json\/wp\/v2\/comments?post=131255"}],"version-history":[{"count":1,"href":"https:\/\/www.tgrthaber.com\/mavikadin\/wp-json\/wp\/v2\/posts\/131255\/revisions"}],"predecessor-version":[{"id":131270,"href":"https:\/\/www.tgrthaber.com\/mavikadin\/wp-json\/wp\/v2\/posts\/131255\/revisions\/131270"}],"wp:featuredmedia":[{"embeddable":true,"href":"https:\/\/www.tgrthaber.com\/mavikadin\/wp-json\/wp\/v2\/media\/131260"}],"wp:attachment":[{"href":"https:\/\/www.tgrthaber.com\/mavikadin\/wp-json\/wp\/v2\/media?parent=131255"}],"wp:term":[{"taxonomy":"category","embeddable":true,"href":"https:\/\/www.tgrthaber.com\/mavikadin\/wp-json\/wp\/v2\/categories?post=131255"},{"taxonomy":"post_tag","embeddable":true,"href":"https:\/\/www.tgrthaber.com\/mavikadin\/wp-json\/wp\/v2\/tags?post=131255"}],"curies":[{"name":"wp","href":"https:\/\/api.w.org\/{rel}","templated":true}]}}