{"id":131284,"date":"2025-02-09T14:01:04","date_gmt":"2025-02-09T11:01:04","guid":{"rendered":"https:\/\/www.tgrthaber.com\/mavikadin\/?p=131284"},"modified":"2025-02-09T14:02:40","modified_gmt":"2025-02-09T11:02:40","slug":"yasemin-sefkatli-ve-ido-tatlises-cifti-cocuklar-neden-uyumuyor-sorusuna-cevap-ariyor-babalari-boyle-olunca","status":"publish","type":"post","link":"https:\/\/www.tgrthaber.com\/mavikadin\/yasemin-sefkatli-ve-ido-tatlises-cifti-cocuklar-neden-uyumuyor-sorusuna-cevap-ariyor-babalari-boyle-olunca\/","title":{"rendered":"Yasemin \u015eefkatli ve \u0130do Tatl\u0131ses \u00e7ifti \u2018\u00c7ocuklar neden uyumuyor\u2019 sorusuna cevap ar\u0131yor! &#8220;Babalar\u0131 b\u00f6yle olunca&#8230;&#8221;"},"content":{"rendered":"<p>Ge\u00e7ti\u011fimiz haftalarda ikiz bebeklerinin 1 ya\u015f g\u00fcn\u00fcn\u00fc kutlayan \u0130do Tatl\u0131ses ve Yasemin \u015eefkatli \u00e7ifti, \u015fimdilerde \u201c\u00c7ocuklar\u0131n\u0131n neden uyumad\u0131\u011f\u0131na dair\u201d sorulara cevap ar\u0131yor. Anne ve baba olma duygusunu zirvede ya\u015fayan \u00fcnl\u00fc \u00e7ift, ikiz \u00e7ocuklar\u0131n\u0131n sa\u011fl\u0131k sorunlar\u0131yla g\u00fcndeme geliyor. \u00dcnl\u00fc \u00e7ift, s\u0131k s\u0131k rahats\u0131zlanan \u00e7ocuklar\u0131 Ayel ve Emir\u2019in neden uyumad\u0131klar\u0131na dair cevap bulmaya \u00e7al\u0131\u015f\u0131yor.<\/p>\n<hr \/>\n<h3>TATLISES \u00c7\u0130FT\u0130 \u2018\u00c7OCUKLAR NEDEN UYUMUYOR\u2019 SORUSUNA CEVAP ARIYOR!<\/h3>\n<p>\u0130do Tatl\u0131ses ve Yasemin \u015eefkatli \u00e7ifti, \u00e7ocuklar\u0131 Ayel ve Emir\u2019in neden uyumad\u0131klar\u0131na dair sorulara cevap ar\u0131yor. Ge\u00e7ti\u011fimiz haftalarda 1 ya\u015f\u0131na giren Ayel ve Emir karde\u015fler son zamanlarda ya\u015fad\u0131klar\u0131 sa\u011fl\u0131k sorunlar\u0131yla g\u00fcndeme geliyor. \u0130kiz \u00e7ocuklar\u0131n\u0131n ya\u015fad\u0131klar\u0131 her s\u00fcreci sosyal medya hesab\u0131ndan payla\u015fan \u00e7ift, bu kez \u00e7ocuklar\u0131n\u0131n neden uyumad\u0131klar\u0131na dair sorulara cevap bulmaya \u00e7al\u0131\u015f\u0131yor.<\/p>\n<p><img loading=\"lazy\" decoding=\"async\" class=\"alignnone wp-image-131285\" src=\"https:\/\/www.tgrthaber.com\/mavikadin\/wp-content\/uploads\/Tatlises-cifti-7-1024x576.jpg\" alt=\"Yasemin \u015eefkatli ve \u0130do Tatl\u0131ses \u00e7ifti \u2018\u00c7ocuklar neden uyumuyor\u2019 sorusuna cevap ar\u0131yor! \" width=\"1208\" height=\"680\" title=\"\" srcset=\"https:\/\/www.tgrthaber.com\/mavikadin\/wp-content\/uploads\/Tatlises-cifti-7-1024x576.jpg 1024w, https:\/\/www.tgrthaber.com\/mavikadin\/wp-content\/uploads\/Tatlises-cifti-7-300x169.jpg 300w, https:\/\/www.tgrthaber.com\/mavikadin\/wp-content\/uploads\/Tatlises-cifti-7-768x432.jpg 768w, https:\/\/www.tgrthaber.com\/mavikadin\/wp-content\/uploads\/Tatlises-cifti-7-1536x864.jpg 1536w, https:\/\/www.tgrthaber.com\/mavikadin\/wp-content\/uploads\/Tatlises-cifti-7.jpg 1600w\" sizes=\"(max-width: 1208px) 100vw, 1208px\" \/><\/p>\n<hr \/>\n<p>\u0130do Tatl\u0131ses ve Yasemin \u015eefkatli \u00e7ifti, do\u011fum s\u00fcrecinin ard\u0131ndan ikiz bebeklerinin sa\u011fl\u0131k sorunlar\u0131yla alakal\u0131 zorlu bir s\u00fcre\u00e7ten ge\u00e7mi\u015fti. \u0130kiz \u00e7ocuklar\u0131yla zorlu bir s\u00fcre\u00e7 ge\u00e7iren Tatl\u0131ses \u00e7ifti, \u2018\u00c7ocuklar neden uyumuyor\u2019 sorusuna cevap ar\u0131yor. Sosyal medyadan ikiz \u00e7ocuklar\u0131n\u0131n neden uyumad\u0131klar\u0131na dair bir video payla\u015fan Tatl\u0131ses \u00e7ifti, sohbetleriyle t\u00fcm takip\u00e7ilerini g\u00fcld\u00fcrd\u00fc. Yasemin \u015eefkatli, ikizlerin neden uyumad\u0131\u011f\u0131na dair \u201cBurunlar\u0131 t\u0131kal\u0131, neredeyse 10 g\u00fcnd\u00fcr hastalar. Di\u015fleri bir bir patl\u0131yor. Onun da sebep oldu\u011funu d\u00fc\u015f\u00fcn\u00fcyorum. Yataklar\u0131 gitti.\u201d ifadelerini kulland\u0131. Di\u011fer yandan \u0130do Tatl\u0131ses ise esprili bir cevap vererek \u201cBu art\u0131k zevke giriyor. Bilerek yapt\u0131klar\u0131n\u0131 d\u00fc\u015f\u00fcn\u00fcyorum\u201d ifadelerine yer verdi.<\/p>\n<p><img loading=\"lazy\" decoding=\"async\" class=\"alignnone wp-image-131286\" src=\"https:\/\/www.tgrthaber.com\/mavikadin\/wp-content\/uploads\/Tatlises-cifti-5-1024x576.jpg\" alt=\"Yasemin \u015eefkatli ve \u0130do Tatl\u0131ses \u00e7ifti \u2018\u00c7ocuklar neden uyumuyor\u2019 sorusuna cevap ar\u0131yor! \" width=\"1208\" height=\"680\" title=\"\" srcset=\"https:\/\/www.tgrthaber.com\/mavikadin\/wp-content\/uploads\/Tatlises-cifti-5-1024x576.jpg 1024w, https:\/\/www.tgrthaber.com\/mavikadin\/wp-content\/uploads\/Tatlises-cifti-5-300x169.jpg 300w, https:\/\/www.tgrthaber.com\/mavikadin\/wp-content\/uploads\/Tatlises-cifti-5-768x432.jpg 768w, https:\/\/www.tgrthaber.com\/mavikadin\/wp-content\/uploads\/Tatlises-cifti-5-1536x864.jpg 1536w, https:\/\/www.tgrthaber.com\/mavikadin\/wp-content\/uploads\/Tatlises-cifti-5.jpg 1600w\" sizes=\"(max-width: 1208px) 100vw, 1208px\" \/><\/p>\n<hr \/>\n<p>\u0130\u015fte \u0130do Tatl\u0131ses ve Yasemin \u015eefkatli \u00e7iftinin \u201c\u00c7ocuklar neden uyumuyor\u201d sorusuna cevap arad\u0131klar\u0131 o anlar\u2026<\/p>\n<div style=\"width: 640px;\" class=\"wp-video\"><!--[if lt IE 9]><script>document.createElement('video');<\/script><![endif]-->\n<video class=\"wp-video-shortcode\" id=\"video-131284-1\" width=\"640\" height=\"640\" preload=\"metadata\" controls=\"controls\"><source type=\"video\/mp4\" src=\"https:\/\/www.tgrthaber.com\/mavikadin\/wp-content\/uploads\/Tatlises-cifti.mp4?_=1\" \/><a href=\"https:\/\/www.tgrthaber.com\/mavikadin\/wp-content\/uploads\/Tatlises-cifti.mp4\">https:\/\/www.tgrthaber.com\/mavikadin\/wp-content\/uploads\/Tatlises-cifti.mp4<\/a><\/video><\/div>\n<hr \/>\n<h3>TATLISES \u00c7\u0130FT\u0130 \u0130K\u0130Z \u00c7OCUKLARININ HASTALIKLARIYLA G\u00dcNDEME GEL\u0130YOR!<\/h3>\n<p>\u0130do Tatl\u0131ses ve Yasemin \u015eefkatli \u00e7ifti 2021 y\u0131l\u0131nda d\u00fcnyaevine girmi\u015f, 2024 y\u0131l\u0131n\u0131n ocak ay\u0131nda ise ikiz bebekleri \u0130brahim Ayel ve Sinan Emir\u2019i kucaklar\u0131na alm\u0131\u015ft\u0131. Uzun s\u00fcredir mutlu beraberliklerini devam ettiren \u00fcnl\u00fc \u00e7ift, s\u0131k s\u0131k \u00e7ocuklar\u0131n\u0131n hastal\u0131klar\u0131yla g\u00fcndeme geliyor. Ayel ve Emir\u2019in do\u011fum s\u00fcrecinin ard\u0131ndan zor bir s\u00fcre\u00e7ten ge\u00e7en Tatl\u0131ses \u00e7ifti, \u015fimdilerde anne ve baba olman\u0131n zorluklar\u0131yla kar\u015f\u0131 kar\u015f\u0131ya geliyor. Ge\u00e7ti\u011fimiz haftalarda 1 ya\u015f\u0131na giren Ayel ve Emir karde\u015fler, bu kez anne ve babalar\u0131na uyku uyutmad\u0131\u011f\u0131 i\u00e7in g\u00fcndeme geliyor.<\/p>\n<p><img loading=\"lazy\" decoding=\"async\" class=\"alignnone wp-image-131289\" src=\"https:\/\/www.tgrthaber.com\/mavikadin\/wp-content\/uploads\/Tatlises-cifti-8-1024x576.jpg\" alt=\"Yasemin \u015eefkatli ve \u0130do Tatl\u0131ses \u00e7ifti \u2018\u00c7ocuklar neden uyumuyor\u2019 sorusuna cevap ar\u0131yor! \" width=\"1208\" height=\"680\" title=\"\" srcset=\"https:\/\/www.tgrthaber.com\/mavikadin\/wp-content\/uploads\/Tatlises-cifti-8-1024x576.jpg 1024w, https:\/\/www.tgrthaber.com\/mavikadin\/wp-content\/uploads\/Tatlises-cifti-8-300x169.jpg 300w, https:\/\/www.tgrthaber.com\/mavikadin\/wp-content\/uploads\/Tatlises-cifti-8-768x432.jpg 768w, https:\/\/www.tgrthaber.com\/mavikadin\/wp-content\/uploads\/Tatlises-cifti-8-1536x864.jpg 1536w, https:\/\/www.tgrthaber.com\/mavikadin\/wp-content\/uploads\/Tatlises-cifti-8.jpg 1600w\" sizes=\"(max-width: 1208px) 100vw, 1208px\" \/><\/p>\n<hr \/>\n<p>Yasemin \u015eefkatli, ge\u00e7ti\u011fimiz aylarda ikiz bebeklerinden \u0130brahim Ayel\u2019in kalp yetmezli\u011fi ya\u015fad\u0131\u011f\u0131n\u0131 dile getirmi\u015fti. Ayel\u2019in sa\u011fl\u0131k durumuyla alakal\u0131 sosyal medya hesab\u0131ndan payla\u015f\u0131m yapan \u015eefkatli, \u201cBug\u00fcn Ayelikom i\u00e7in g\u00fczel haberler ald\u0131k. Allah kimseyi evlad\u0131yla s\u0131namas\u0131n. Hadi bitti gitti diyelim\u201d ifadelerini kullanm\u0131\u015ft\u0131. Yine ge\u00e7ti\u011fimiz aylarda ikiz bebeklerinin sa\u011fl\u0131k sorunlar\u0131yla alakal\u0131 bir bilgiyi takip\u00e7ileriyle payla\u015fan \u015eefkatli, \u201cHep soruyorsunuz \u2018g\u00f6zler niye ya\u015fl\u0131?\u2019 diye. G\u00f6zya\u015f\u0131 kanal\u0131 t\u0131kan\u0131kl\u0131\u011f\u0131m\u0131z var. Emir\u2019de de tek g\u00f6z\u00fcnde var, in\u015fallah ge\u00e7ecek\u201d ifadelerine yer vermi\u015fti.<\/p>\n<p><img loading=\"lazy\" decoding=\"async\" class=\"alignnone wp-image-131290\" src=\"https:\/\/www.tgrthaber.com\/mavikadin\/wp-content\/uploads\/Tatlises-cifti-4-1024x576.jpg\" alt=\"Yasemin \u015eefkatli ve \u0130do Tatl\u0131ses \u00e7ifti \u2018\u00c7ocuklar neden uyumuyor\u2019 sorusuna cevap ar\u0131yor! \" width=\"1208\" height=\"680\" title=\"\" srcset=\"https:\/\/www.tgrthaber.com\/mavikadin\/wp-content\/uploads\/Tatlises-cifti-4-1024x576.jpg 1024w, https:\/\/www.tgrthaber.com\/mavikadin\/wp-content\/uploads\/Tatlises-cifti-4-300x169.jpg 300w, https:\/\/www.tgrthaber.com\/mavikadin\/wp-content\/uploads\/Tatlises-cifti-4-768x432.jpg 768w, https:\/\/www.tgrthaber.com\/mavikadin\/wp-content\/uploads\/Tatlises-cifti-4-1536x864.jpg 1536w, https:\/\/www.tgrthaber.com\/mavikadin\/wp-content\/uploads\/Tatlises-cifti-4.jpg 1600w\" sizes=\"(max-width: 1208px) 100vw, 1208px\" \/><\/p>\n<hr \/>\n<h3>AYEL VE EM\u0130R KARDE\u015eLER ATE\u015eLENM\u0130\u015eT\u0130!<\/h3>\n<p>Son olarak ge\u00e7ti\u011fimiz haftalarda \u00e7ocuklar\u0131 Ayel ve Emir\u2019in, 1. ya\u015f g\u00fcn\u00fc partisinden sonra rahats\u0131zland\u0131\u011f\u0131n\u0131 dile getiren Yasemin \u015eefkatli, \u201cGece Ayelikom ate\u015flendi. B\u00fct\u00fcn gece uyumad\u0131k. Ondan selam veremedim size. Allah\u2019\u0131m t\u00fcm \u00e7ocuklara sa\u011fl\u0131k versin\u201d ifadelerini kullanm\u0131\u015ft\u0131.<\/p>\n<p><img loading=\"lazy\" decoding=\"async\" class=\"alignnone wp-image-131291\" src=\"https:\/\/www.tgrthaber.com\/mavikadin\/wp-content\/uploads\/Tatlises-cifti-1-1024x576.jpg\" alt=\"Yasemin \u015eefkatli ve \u0130do Tatl\u0131ses \u00e7ifti \u2018\u00c7ocuklar neden uyumuyor\u2019 sorusuna cevap ar\u0131yor! \" width=\"1208\" height=\"680\" title=\"\" srcset=\"https:\/\/www.tgrthaber.com\/mavikadin\/wp-content\/uploads\/Tatlises-cifti-1-1024x576.jpg 1024w, https:\/\/www.tgrthaber.com\/mavikadin\/wp-content\/uploads\/Tatlises-cifti-1-300x169.jpg 300w, https:\/\/www.tgrthaber.com\/mavikadin\/wp-content\/uploads\/Tatlises-cifti-1-768x432.jpg 768w, https:\/\/www.tgrthaber.com\/mavikadin\/wp-content\/uploads\/Tatlises-cifti-1-1536x864.jpg 1536w, https:\/\/www.tgrthaber.com\/mavikadin\/wp-content\/uploads\/Tatlises-cifti-1.jpg 1600w\" sizes=\"(max-width: 1208px) 100vw, 1208px\" \/><\/p>\n<hr \/>\n<p>Aylin\u2019in hemen ard\u0131ndan ise karde\u015fi Emir rahats\u0131zlanm\u0131\u015f ve Yasemin \u015eefkatli, sosyal medya hesab\u0131ndan yapt\u0131\u011f\u0131 payla\u015f\u0131mda, \u201cD\u00fcn gece Emir de k\u00f6t\u00fcle\u015fti ve ikisini de \u0130do\u2019yla koynumuza al\u0131p uyutmaya \u00e7al\u0131\u015ft\u0131k. Ama burun t\u0131kan\u0131kl\u0131\u011f\u0131 \u00f6yle berbat bir \u015fey ki 10 dakikada bir uyand\u0131lar. Neyse, buna da \u015f\u00fck\u00fcr. Ne diyelim, ge\u00e7ecek. Bizde durumlar b\u00f6yle\u201d ifadelerine yer vermi\u015fti.<\/p>\n","protected":false},"excerpt":{"rendered":"<p>Yasemin \u015eefkatli ve \u0130do Tatl\u0131ses \u00e7ifti \u00e7ocuklar\u0131n\u0131n neden uyumad\u0131\u011f\u0131na dair sorulara cevap aramaya ba\u015flad\u0131. \u0130kilinin sosyal medyada yay\u0131nlad\u0131\u011f\u0131 sohbet herkesi g\u00fcld\u00fcrd\u00fc. \u0130\u015fte detaylar\u2026 <\/p>\n","protected":false},"author":26,"featured_media":131287,"comment_status":"closed","ping_status":"closed","sticky":false,"template":"","format":"standard","meta":{"rank_math_lock_modified_date":false,"footnotes":""},"categories":[76],"tags":[2415,133,2218,2414],"class_list":["post-131284","post","type-post","status-publish","format-standard","has-post-thumbnail","hentry","category-magazin","tag-ido-tatlises","tag-magazin","tag-magazin-haberleri","tag-yasemin-sefkatli"],"_links":{"self":[{"href":"https:\/\/www.tgrthaber.com\/mavikadin\/wp-json\/wp\/v2\/posts\/131284"}],"collection":[{"href":"https:\/\/www.tgrthaber.com\/mavikadin\/wp-json\/wp\/v2\/posts"}],"about":[{"href":"https:\/\/www.tgrthaber.com\/mavikadin\/wp-json\/wp\/v2\/types\/post"}],"author":[{"embeddable":true,"href":"https:\/\/www.tgrthaber.com\/mavikadin\/wp-json\/wp\/v2\/users\/26"}],"replies":[{"embeddable":true,"href":"https:\/\/www.tgrthaber.com\/mavikadin\/wp-json\/wp\/v2\/comments?post=131284"}],"version-history":[{"count":4,"href":"https:\/\/www.tgrthaber.com\/mavikadin\/wp-json\/wp\/v2\/posts\/131284\/revisions"}],"predecessor-version":[{"id":131295,"href":"https:\/\/www.tgrthaber.com\/mavikadin\/wp-json\/wp\/v2\/posts\/131284\/revisions\/131295"}],"wp:featuredmedia":[{"embeddable":true,"href":"https:\/\/www.tgrthaber.com\/mavikadin\/wp-json\/wp\/v2\/media\/131287"}],"wp:attachment":[{"href":"https:\/\/www.tgrthaber.com\/mavikadin\/wp-json\/wp\/v2\/media?parent=131284"}],"wp:term":[{"taxonomy":"category","embeddable":true,"href":"https:\/\/www.tgrthaber.com\/mavikadin\/wp-json\/wp\/v2\/categories?post=131284"},{"taxonomy":"post_tag","embeddable":true,"href":"https:\/\/www.tgrthaber.com\/mavikadin\/wp-json\/wp\/v2\/tags?post=131284"}],"curies":[{"name":"wp","href":"https:\/\/api.w.org\/{rel}","templated":true}]}}