{"id":131296,"date":"2025-02-09T14:23:43","date_gmt":"2025-02-09T11:23:43","guid":{"rendered":"https:\/\/www.tgrthaber.com\/mavikadin\/?p=131296"},"modified":"2025-02-09T14:27:13","modified_gmt":"2025-02-09T11:27:13","slug":"ilayda-sezgin-ve-hakan-celebi-arasinda-surpriz-yakinlasma","status":"publish","type":"post","link":"https:\/\/www.tgrthaber.com\/mavikadin\/ilayda-sezgin-ve-hakan-celebi-arasinda-surpriz-yakinlasma\/","title":{"rendered":"\u0130layda Sezgin ve Hakan \u00c7elebi aras\u0131nda s\u00fcrpriz yak\u0131nla\u015fma!"},"content":{"rendered":"<p>Karde\u015flerim dizisiyle \u00e7\u0131k\u0131\u015f yapan \u0130layda Sezgin ve son oynad\u0131\u011f\u0131 \u2018Yabani\u2019 dizisindeki rol arkada\u015f\u0131 Hakan \u00c7elebi ile g\u00f6r\u00fcnt\u00fclendi. \u0130kilinin bir araya gelmesi \u00fczerine sosyal medya da dikkat \u00e7ektiler.<\/p>\n<hr \/>\n<p>ATV ekranlar\u0131nda yay\u0131nlanan \u2018Karde\u015flerim\u2019 dizisi ile tan\u0131nan gen\u00e7 oyuncu \u0130layda Sezgin, kendisi gibi oyuncu olan Hakan \u00c7elebi ile sabah saatlerinde beraber g\u00f6r\u00fcnt\u00fclendi. \u0130kilinin beraberken \u00e7ekilen g\u00f6r\u00fcnt\u00fcleri k\u0131sa s\u00fcrede merak konusu oldu.<\/p>\n<p>Sosyal medya da ikiliyi yan yana g\u00f6ren insanlar beraber yeni bir proje de bulu\u015fabilecekleri y\u00f6n\u00fcndeki s\u00f6ylentiler ortaya \u00e7\u0131kard\u0131. Snob Magazin haberine g\u00f6re Hakan \u00c7elebi, g\u00f6r\u00fc\u015fmenin i\u015f odakl\u0131 oldu\u011funu a\u00e7\u0131klamalar\u0131yla s\u00f6yledi. A\u00e7\u0131klamalar\u0131nda Sezgin ile \u00e7ok g\u00fczel arkada\u015fl\u0131klar\u0131 oldu\u011funu s\u00f6yleyen \u00c7elebi, ikilinin sadece arkada\u015f olduklar\u0131n\u0131 s\u00f6yledi.<\/p>\n<p><img loading=\"lazy\" decoding=\"async\" class=\"alignnone wp-image-131297\" src=\"https:\/\/www.tgrthaber.com\/mavikadin\/wp-content\/uploads\/ikili-3-1024x576.jpg\" alt=\"ikili\" width=\"1208\" height=\"680\" title=\"\" srcset=\"https:\/\/www.tgrthaber.com\/mavikadin\/wp-content\/uploads\/ikili-3-1024x576.jpg 1024w, https:\/\/www.tgrthaber.com\/mavikadin\/wp-content\/uploads\/ikili-3-300x169.jpg 300w, https:\/\/www.tgrthaber.com\/mavikadin\/wp-content\/uploads\/ikili-3-768x432.jpg 768w, https:\/\/www.tgrthaber.com\/mavikadin\/wp-content\/uploads\/ikili-3-1536x864.jpg 1536w, https:\/\/www.tgrthaber.com\/mavikadin\/wp-content\/uploads\/ikili-3.jpg 1600w\" sizes=\"(max-width: 1208px) 100vw, 1208px\" \/><\/p>\n<hr \/>\n<p>\u0130layda Sezgin\u2019de arkada\u015f\u0131n\u0131 destekleyen c\u00fcmleler kurdu. \u0130layda Sezgin kendi hayat\u0131 ile de a\u00e7\u0131klamalarda bulundu. Yeni bir eve ta\u015f\u0131nan Sezgin s\u00fcrecin zorlu oldu\u011funu dile getirdi.<\/p>\n<p><img loading=\"lazy\" decoding=\"async\" class=\"wp-image-131299\" src=\"https:\/\/www.tgrthaber.com\/mavikadin\/wp-content\/uploads\/ikili-2-1024x576.jpg\" alt=\"ikili\" width=\"1208\" height=\"680\" title=\"\" srcset=\"https:\/\/www.tgrthaber.com\/mavikadin\/wp-content\/uploads\/ikili-2-1024x576.jpg 1024w, https:\/\/www.tgrthaber.com\/mavikadin\/wp-content\/uploads\/ikili-2-300x169.jpg 300w, https:\/\/www.tgrthaber.com\/mavikadin\/wp-content\/uploads\/ikili-2-768x432.jpg 768w, https:\/\/www.tgrthaber.com\/mavikadin\/wp-content\/uploads\/ikili-2-1536x864.jpg 1536w, https:\/\/www.tgrthaber.com\/mavikadin\/wp-content\/uploads\/ikili-2.jpg 1600w\" sizes=\"(max-width: 1208px) 100vw, 1208px\" \/><\/p>\n<hr \/>\n<h3><strong>HAKAN \u00c7ELEB\u0130 K\u0130MD\u0130R<\/strong><\/h3>\n<p>Yeditepe \u00dcniversitesi Konservatuar\u0131 Oyunculuk B\u00f6l\u00fcm\u00fc\u2019nden mezun olan \u00c7elebi, aslen \u0130zmirlidir. Oyunculuk kariyerine ba\u015flamadan \u00f6nce futbol sahalar\u0131nda oynam\u0131\u015ft\u0131r. Lise y\u0131llar\u0131nda tiyatroya ilgisi sebebiyle futbolu ikinci plana atm\u0131\u015ft\u0131r. \u00c7elebi, oyunculuk kariyerinde \u00e7e\u015fitli projelerde yer alm\u0131\u015ft\u0131r. 2022 y\u0131l\u0131nda Netflix\u2019te yay\u0131nlanan \u201c\u00d6zel Ders\u201d adl\u0131 yap\u0131mda Utku\u2019nun arkada\u015f\u0131 rol\u00fcn\u00fc \u00fcstlenmi\u015ftir. Ard\u0131ndan, 2024 y\u0131l\u0131nda \u201cKopuk\u201d dizisinde Nazif karakterini canland\u0131rm\u0131\u015ft\u0131r. En son olarak, 2024-2025 y\u0131llar\u0131nda yay\u0131nlanan \u201cYabani\u201d dizisinde \u00c2dem karakterine hayat vermi\u015ftir.<\/p>\n<p><img loading=\"lazy\" decoding=\"async\" class=\"wp-image-131298\" src=\"https:\/\/www.tgrthaber.com\/mavikadin\/wp-content\/uploads\/ikili-1-1024x576.jpg\" alt=\"ikili\" width=\"1208\" height=\"680\" title=\"\" srcset=\"https:\/\/www.tgrthaber.com\/mavikadin\/wp-content\/uploads\/ikili-1-1024x576.jpg 1024w, https:\/\/www.tgrthaber.com\/mavikadin\/wp-content\/uploads\/ikili-1-300x169.jpg 300w, https:\/\/www.tgrthaber.com\/mavikadin\/wp-content\/uploads\/ikili-1-768x432.jpg 768w, https:\/\/www.tgrthaber.com\/mavikadin\/wp-content\/uploads\/ikili-1-1536x864.jpg 1536w, https:\/\/www.tgrthaber.com\/mavikadin\/wp-content\/uploads\/ikili-1.jpg 1600w\" sizes=\"(max-width: 1208px) 100vw, 1208px\" \/><\/p>\n<hr \/>\n<h3><strong>\u0130LAYDA SEZG\u0130N K\u0130MD\u0130R <\/strong><\/h3>\n<p>Gen\u00e7 oyuncu \u0130layda Sezgin, 20 Nisan 1998 tarihinde \u0130stanbul\u2019da d\u00fcnyaya geldi. Hali\u00e7 \u00dcniversitesi Konservatuvar B\u00f6l\u00fcm\u00fc\u2019nden mezun olan Sezgin, \u00e7e\u015fitli televizyon dizileri ve filmlerinde rol alm\u0131\u015ft\u0131r.Sezgin, 2022 y\u0131l\u0131nda \u201cAlef\u201d dizisinde Mihriban karakterini oynayarak dikkatleri \u00e7ekmi\u015ftir. Ayn\u0131 y\u0131l \u201cDarmaduman\u201d dizisinde de rol alm\u0131\u015f ve 2023 y\u0131l\u0131nda ise \u201cKarde\u015flerim\u201d dizisinde Zehra G\u00fcven karakterine oynayarak geni\u015f bir izleyici kitlesine ula\u015fm\u0131\u015ft\u0131r. 2024 y\u0131l\u0131nda \u201cYabani\u201d dizisinde Tuba karakterini oynayan Sezgin, oyunculuk kariyerine ba\u015far\u0131l\u0131 projelerle devam etmektedir.<\/p>\n","protected":false},"excerpt":{"rendered":"<p>Karde\u015flerim dizisiyle \u00e7\u0131k\u0131\u015f yapan \u0130layda Sezgin ve son oynad\u0131\u011f\u0131 \u2018Yabani\u2019 dizisindeki rol arkada\u015f\u0131\u00a0Hakan \u00c7elebi\u00a0ile g\u00f6r\u00fcnt\u00fclendi.<\/p>\n","protected":false},"author":34,"featured_media":131297,"comment_status":"closed","ping_status":"closed","sticky":false,"template":"","format":"standard","meta":{"rank_math_lock_modified_date":false,"footnotes":""},"categories":[76],"tags":[6790,10383,2706],"class_list":["post-131296","post","type-post","status-publish","format-standard","has-post-thumbnail","hentry","category-magazin","tag-hakan-celebi","tag-ilayda-sezgin","tag-yabani-dizi"],"_links":{"self":[{"href":"https:\/\/www.tgrthaber.com\/mavikadin\/wp-json\/wp\/v2\/posts\/131296"}],"collection":[{"href":"https:\/\/www.tgrthaber.com\/mavikadin\/wp-json\/wp\/v2\/posts"}],"about":[{"href":"https:\/\/www.tgrthaber.com\/mavikadin\/wp-json\/wp\/v2\/types\/post"}],"author":[{"embeddable":true,"href":"https:\/\/www.tgrthaber.com\/mavikadin\/wp-json\/wp\/v2\/users\/34"}],"replies":[{"embeddable":true,"href":"https:\/\/www.tgrthaber.com\/mavikadin\/wp-json\/wp\/v2\/comments?post=131296"}],"version-history":[{"count":2,"href":"https:\/\/www.tgrthaber.com\/mavikadin\/wp-json\/wp\/v2\/posts\/131296\/revisions"}],"predecessor-version":[{"id":131304,"href":"https:\/\/www.tgrthaber.com\/mavikadin\/wp-json\/wp\/v2\/posts\/131296\/revisions\/131304"}],"wp:featuredmedia":[{"embeddable":true,"href":"https:\/\/www.tgrthaber.com\/mavikadin\/wp-json\/wp\/v2\/media\/131297"}],"wp:attachment":[{"href":"https:\/\/www.tgrthaber.com\/mavikadin\/wp-json\/wp\/v2\/media?parent=131296"}],"wp:term":[{"taxonomy":"category","embeddable":true,"href":"https:\/\/www.tgrthaber.com\/mavikadin\/wp-json\/wp\/v2\/categories?post=131296"},{"taxonomy":"post_tag","embeddable":true,"href":"https:\/\/www.tgrthaber.com\/mavikadin\/wp-json\/wp\/v2\/tags?post=131296"}],"curies":[{"name":"wp","href":"https:\/\/api.w.org\/{rel}","templated":true}]}}