{"id":131330,"date":"2025-02-09T17:25:01","date_gmt":"2025-02-09T14:25:01","guid":{"rendered":"https:\/\/www.tgrthaber.com\/mavikadin\/?p=131330"},"modified":"2025-02-10T08:59:59","modified_gmt":"2025-02-10T05:59:59","slug":"bir-zamanlar-istanbul-dizisinin-jonturku-ahmet-kilic-kimdir-oyuncunun-kariyeri-ve-yasi-arastiriliyor","status":"publish","type":"post","link":"https:\/\/www.tgrthaber.com\/mavikadin\/bir-zamanlar-istanbul-dizisinin-jonturku-ahmet-kilic-kimdir-oyuncunun-kariyeri-ve-yasi-arastiriliyor\/","title":{"rendered":"Bir Zamanlar \u0130stanbul dizisinin J\u00f6nT\u00fcrk\u2019\u00fc Ahmet K\u0131l\u0131\u00e7 kimdir? Oyuncunun kariyeri ve ya\u015f\u0131 ara\u015ft\u0131r\u0131l\u0131yor"},"content":{"rendered":"<p>TRT 1 \u2018in yeni dizisi Bir Zamanlar \u0130stanbul 7 \u015eubat Cuma ak\u015fam\u0131 ilk b\u00f6l\u00fcm\u00fc ile izleyici kar\u015f\u0131s\u0131na \u00e7\u0131kt\u0131. 90\u2019l\u0131 y\u0131llar\u0131n \u0130stanbul\u2019unu anlatan dizisinin ba\u015frollerini Cihangir Ceyhan ve Alina Boz payla\u015f\u0131yor. Dizide Ali\u2019nin arkada\u015flar\u0131ndan biri olan J\u00f6nT\u00fcrk karakterini oynayan Ahmet K\u0131l\u0131\u00e7\u2019\u0131 ise diziyi takip edenler taraf\u0131ndan merak edildi.\u00a0 Peki, Ahmet K\u0131l\u0131\u00e7 kimdir? Oyuncunun kariyeri ve ya\u015f\u0131 ara\u015ft\u0131r\u0131l\u0131yor&#8230;<\/p>\n<hr \/>\n<h3><strong>B\u0130R ZAMANLAR \u0130STANBUL D\u0130Z\u0130S\u0130 KONUSU<\/strong><\/h3>\n<p>TRT 1 ekranlar\u0131n\u0131n sevilen dizilerinden olma yolunda ilerleyece\u011fi d\u00fc\u015f\u00fcn\u00fclen \u2018Bir Zamanlar \u0130stanbul\u2019 dizisi izleyen herkeste bir merak b\u0131rakt\u0131. Diziyi izleyenler, dizi hakk\u0131nda merak ettiklerini ara\u015ft\u0131r\u0131yor. Dizinin karakterlerinden olan Seher (Alina Boz), bir m\u00fcnazara da Ali (Cihangir Ceylan) ile kar\u015f\u0131la\u015f\u0131r. Radyoculuk kariyerinde ilerleme kaydeden Seher, adalete tutkusu ve \u00fclkeye hizmet etme bilinci, onu dizinin kahraman\u0131 haline getirecektir. Seher, bu yolda Ali\u2019nin en b\u00fcy\u00fck destek\u00e7isi olacakt\u0131r.<\/p>\n<p><img loading=\"lazy\" decoding=\"async\" class=\"wp-image-131353\" src=\"https:\/\/www.tgrthaber.com\/mavikadin\/wp-content\/uploads\/Adsiz-tasarim-5-25-1024x576.jpg\" alt=\"ahmet k\u0131l\u0131\u00e7 \" width=\"1208\" height=\"680\" title=\"\" srcset=\"https:\/\/www.tgrthaber.com\/mavikadin\/wp-content\/uploads\/Adsiz-tasarim-5-25-1024x576.jpg 1024w, https:\/\/www.tgrthaber.com\/mavikadin\/wp-content\/uploads\/Adsiz-tasarim-5-25-300x169.jpg 300w, https:\/\/www.tgrthaber.com\/mavikadin\/wp-content\/uploads\/Adsiz-tasarim-5-25-768x432.jpg 768w, https:\/\/www.tgrthaber.com\/mavikadin\/wp-content\/uploads\/Adsiz-tasarim-5-25-1536x864.jpg 1536w, https:\/\/www.tgrthaber.com\/mavikadin\/wp-content\/uploads\/Adsiz-tasarim-5-25.jpg 1600w\" sizes=\"(max-width: 1208px) 100vw, 1208px\" \/><\/p>\n<hr \/>\n<h3><strong>B\u0130R ZAMANLAR \u0130STANBUL D\u0130Z\u0130S\u0130 OYUNCULARI <\/strong><\/h3>\n<ul>\n<li>Cihangir Ceyhan (Ali Tuna)<\/li>\n<li>Alina Boz (Seher Nazar)<\/li>\n<li>H\u00fcseyin Avni Danyal (\u00c7etin Nazar)<\/li>\n<li>Didem Bal\u00e7\u0131n (Fidan Atik)<\/li>\n<li>\u015eebnem D\u00f6nmez (Nermin Sencer)<\/li>\n<li>Kaan Ta\u015faner (G\u00f6khan Atik)<\/li>\n<li>Deniz Celilo\u011flu (G\u00f6khan Atik)<\/li>\n<li>\u00dcmit Kantarc\u0131lar (Og\u00fcn)<\/li>\n<li>Serdar \u00d6zer (Celal)<\/li>\n<li>\u0130pek Karap\u0131nar (\u00d6zlem Tuna)<\/li>\n<\/ul>\n<p><img loading=\"lazy\" decoding=\"async\" class=\"alignnone wp-image-131333\" src=\"https:\/\/www.tgrthaber.com\/mavikadin\/wp-content\/uploads\/ahmet-kilic-2-1024x576.jpg\" alt=\"ahmet k\u0131l\u0131\u00e7\" width=\"1208\" height=\"680\" title=\"\" srcset=\"https:\/\/www.tgrthaber.com\/mavikadin\/wp-content\/uploads\/ahmet-kilic-2-1024x576.jpg 1024w, https:\/\/www.tgrthaber.com\/mavikadin\/wp-content\/uploads\/ahmet-kilic-2-300x169.jpg 300w, https:\/\/www.tgrthaber.com\/mavikadin\/wp-content\/uploads\/ahmet-kilic-2-768x432.jpg 768w, https:\/\/www.tgrthaber.com\/mavikadin\/wp-content\/uploads\/ahmet-kilic-2-1536x864.jpg 1536w, https:\/\/www.tgrthaber.com\/mavikadin\/wp-content\/uploads\/ahmet-kilic-2.jpg 1600w\" sizes=\"(max-width: 1208px) 100vw, 1208px\" \/><\/p>\n<hr \/>\n<h3><strong>AHMET KILI\u00c7 K\u0130MD\u0130R<\/strong><\/h3>\n<p>Bilkent \u00dcniversitesi\u2019nde tiyatro e\u011fitimi alm\u0131\u015ft\u0131r. Kendisi ile ilgili \u00e7ok fazla bilgi bulunmamaktad\u0131r. \u00a0Sahne ald\u0131\u011f\u0131 baz\u0131 oyunlar aras\u0131nda \u201cDevlet Ana\u201d (2024) ve \u201c\u00d6fke\u201d (2017) bulunmaktad\u0131r. \u201cArka Sokaklar\u201d (2006) ve \u201cKader\u201d (2006) gibi yap\u0131mlarda da rol alm\u0131\u015ft\u0131r.<\/p>\n","protected":false},"excerpt":{"rendered":"<p>TRT 1 \u2018in yeni\u015f dizisi Bir Zamanlar \u0130stanbul 7 \u015eubat Cuma ak\u015fam\u0131 ilk b\u00f6l\u00fcm\u00fc ile izleyici kar\u015f\u0131s\u0131na \u00e7\u0131kt\u0131. Dizide Ali\u2019nin arkada\u015flar\u0131ndan biri olan J\u00f6nT\u00fcrk karakterini oynayan Ahmet K\u0131l\u0131\u00e7\u2019\u0131 ise diziyi takip edenler taraf\u0131ndan merak edildi.\u00a0 Peki, Ahmet K\u0131l\u0131\u00e7 kimdir? Oyuncunun kariyeri ve ya\u015f\u0131 ara\u015ft\u0131r\u0131l\u0131yor&#8230;<\/p>\n","protected":false},"author":34,"featured_media":131356,"comment_status":"closed","ping_status":"closed","sticky":false,"template":"","format":"standard","meta":{"rank_math_lock_modified_date":false,"footnotes":""},"categories":[491],"tags":[3135,8483],"class_list":["post-131330","post","type-post","status-publish","format-standard","has-post-thumbnail","hentry","category-biyografi","tag-bir-zamanlar-istanbul","tag-bir-zamanlar-istanbul-dizisi"],"_links":{"self":[{"href":"https:\/\/www.tgrthaber.com\/mavikadin\/wp-json\/wp\/v2\/posts\/131330"}],"collection":[{"href":"https:\/\/www.tgrthaber.com\/mavikadin\/wp-json\/wp\/v2\/posts"}],"about":[{"href":"https:\/\/www.tgrthaber.com\/mavikadin\/wp-json\/wp\/v2\/types\/post"}],"author":[{"embeddable":true,"href":"https:\/\/www.tgrthaber.com\/mavikadin\/wp-json\/wp\/v2\/users\/34"}],"replies":[{"embeddable":true,"href":"https:\/\/www.tgrthaber.com\/mavikadin\/wp-json\/wp\/v2\/comments?post=131330"}],"version-history":[{"count":4,"href":"https:\/\/www.tgrthaber.com\/mavikadin\/wp-json\/wp\/v2\/posts\/131330\/revisions"}],"predecessor-version":[{"id":131360,"href":"https:\/\/www.tgrthaber.com\/mavikadin\/wp-json\/wp\/v2\/posts\/131330\/revisions\/131360"}],"wp:featuredmedia":[{"embeddable":true,"href":"https:\/\/www.tgrthaber.com\/mavikadin\/wp-json\/wp\/v2\/media\/131356"}],"wp:attachment":[{"href":"https:\/\/www.tgrthaber.com\/mavikadin\/wp-json\/wp\/v2\/media?parent=131330"}],"wp:term":[{"taxonomy":"category","embeddable":true,"href":"https:\/\/www.tgrthaber.com\/mavikadin\/wp-json\/wp\/v2\/categories?post=131330"},{"taxonomy":"post_tag","embeddable":true,"href":"https:\/\/www.tgrthaber.com\/mavikadin\/wp-json\/wp\/v2\/tags?post=131330"}],"curies":[{"name":"wp","href":"https:\/\/api.w.org\/{rel}","templated":true}]}}