{"id":131336,"date":"2025-02-09T17:14:51","date_gmt":"2025-02-09T14:14:51","guid":{"rendered":"https:\/\/www.tgrthaber.com\/mavikadin\/?p=131336"},"modified":"2025-02-09T17:37:08","modified_gmt":"2025-02-09T14:37:08","slug":"mehmet-aslantug-un-sevgilisi-canan-sahin-kimdir-kac-yasinda-ve-meslegi-ne","status":"publish","type":"post","link":"https:\/\/www.tgrthaber.com\/mavikadin\/mehmet-aslantug-un-sevgilisi-canan-sahin-kimdir-kac-yasinda-ve-meslegi-ne\/","title":{"rendered":"Mehmet Aslantu\u011f\u2019 un sevgilisi Canan \u015eahin kimdir? Ka\u00e7 ya\u015f\u0131nda ve mesle\u011fi ne?"},"content":{"rendered":"<p>T\u00fcrk oyuncu olan Mehmet Aslantu\u011f ge\u00e7ti\u011fimiz may\u0131s ay\u0131nda 27 y\u0131ll\u0131k e\u015fi Arzum Onan ile yollar\u0131n\u0131 ay\u0131rm\u0131\u015ft\u0131. Ayr\u0131l\u0131\u011f\u0131n ard\u0131ndan sosyal medyas\u0131nda payla\u015f\u0131m yapmayan Aslantu\u011f bug\u00fcn \u00f6\u011fle saatlerinde yapt\u0131\u011f\u0131 payla\u015f\u0131mla sevenlerini merakland\u0131rd\u0131. Yapt\u0131\u011f\u0131 payla\u015f\u0131mda yeni sevgilisi Canan \u015eahin\u2019i payla\u015fmas\u0131 hayranlar\u0131n\u0131 \u015fa\u015f\u0131rtt\u0131. Bu payla\u015f\u0131mdan sonra takip\u00e7ileri Canan \u015eahin\u2019i ara\u015ft\u0131rmaya ba\u015flad\u0131. Peki, Canan \u015eahin kimdir? Ka\u00e7 ya\u015f\u0131nda ve mesle\u011fi nedir? Merak edilenler haberimizde\u2026<\/p>\n<hr \/>\n<h3><strong>A\u015eKLARI MERAKLA BEKLEN\u0130YOR<\/strong><\/h3>\n<p>Yeni bir a\u015fka yelken a\u00e7an Aslantu\u011f, sevgilisi Canan \u015eahin\u2019in dans ederken ve meditasyon yaparken \u00e7ekilen foto\u011fraflar\u0131n\u0131 sosyal medyas\u0131nda a\u015fk dolu s\u00f6zlerle payla\u015ft\u0131. Bu payla\u015f\u0131m s\u0131ra s\u00fcre de b\u00fcy\u00fck ilgi g\u00f6rd\u00fc. O\u011flu Can Aslantu\u011f\u2019un sevgilisi payla\u015f\u0131ma kalp emojisi koydu.<\/p>\n<p>Mehmet Aslantu\u011f\u2019un eski e\u015fi Arzum Onan da bo\u015fanman\u0131n ard\u0131ndan i\u015f insan\u0131 Orkan \u00d6zkan ile bir ili\u015fkiye ba\u015flam\u0131\u015ft\u0131. Mehmet Aslantu\u011f\u2019un, Canan \u015eahin ile olan birlikteli\u011fi hakk\u0131nda ilerleyen g\u00fcnlerde daha fazla detay\u0131n ortaya \u00e7\u0131kmas\u0131 bekleniyor. Hayranlar\u0131, \u00fcnl\u00fc oyuncunun \u00f6zel hayat\u0131ndaki bu yeni geli\u015fmeleri merakla takip ediyor.<\/p>\n<p><img loading=\"lazy\" decoding=\"async\" class=\"wp-image-131338\" src=\"https:\/\/www.tgrthaber.com\/mavikadin\/wp-content\/uploads\/Adsiz-tasarim-3-35-1024x576.jpg\" alt=\"mehmet-canan\" width=\"1208\" height=\"680\" title=\"\" srcset=\"https:\/\/www.tgrthaber.com\/mavikadin\/wp-content\/uploads\/Adsiz-tasarim-3-35-1024x576.jpg 1024w, https:\/\/www.tgrthaber.com\/mavikadin\/wp-content\/uploads\/Adsiz-tasarim-3-35-300x169.jpg 300w, https:\/\/www.tgrthaber.com\/mavikadin\/wp-content\/uploads\/Adsiz-tasarim-3-35-768x432.jpg 768w, https:\/\/www.tgrthaber.com\/mavikadin\/wp-content\/uploads\/Adsiz-tasarim-3-35-1536x864.jpg 1536w, https:\/\/www.tgrthaber.com\/mavikadin\/wp-content\/uploads\/Adsiz-tasarim-3-35.jpg 1600w\" sizes=\"(max-width: 1208px) 100vw, 1208px\" \/><\/p>\n<hr \/>\n<p><strong>CANAN \u015eAH\u0130N K\u0130MD\u0130R <\/strong><\/p>\n<p>Canan \u015eahin, Bo\u011fazi\u00e7i \u00dcniversitesi Psikolojik Dan\u0131\u015fmanl\u0131k ve Rehberlik B\u00f6l\u00fcm\u00fc\u2019nden mezun olan bir uzman psikologdur. 2014 y\u0131l\u0131nda \u0130stanbul Bilgi \u00dcniversitesi Klinik Psikoloji Y\u00fcksek Lisans program\u0131nda, \u00c7ocuk ve Ergen alt dal\u0131nda e\u011fitimini tamamlam\u0131\u015f ve \u201cAnnelerde Yans\u0131t\u0131c\u0131 \u0130\u015fleyi\u015f Kapasitesi, \u00c7ocuklarda Karma\u015f\u0131k Ba\u011flanma ve Nesne Temsilleri Aras\u0131ndaki \u0130li\u015fki\u201d konulu teziyle uzmanl\u0131k derecesini alm\u0131\u015ft\u0131r. Ayr\u0131ca, dans terapisi gibi alternatif terapi y\u00f6ntemleriyle de ilgilenmektedir.<\/p>\n<p>Mehmet Aslantu\u011f\u2019un, Canan \u015eahin ile olan birlikteli\u011fi hakk\u0131nda ilerleyen g\u00fcnlerde daha fazla detay\u0131n ortaya \u00e7\u0131kmas\u0131 bekleniyor. Hayranlar\u0131, \u00fcnl\u00fc oyuncunun \u00f6zel hayat\u0131ndaki bu yeni geli\u015fmeleri merakla takip ediyor.<\/p>\n","protected":false},"excerpt":{"rendered":"<p>Mehmet Aslantu\u011f\u2019un yapt\u0131\u011f\u0131 payla\u015f\u0131m olay yaratt\u0131. Yapt\u0131\u011f\u0131 payla\u015f\u0131mda yeni sevgilisi Canan \u015eahin\u2019i payla\u015fmas\u0131 hayranlar\u0131n\u0131 \u015fa\u015f\u0131rtt\u0131. Bu payla\u015f\u0131mdan sonra takip\u00e7ileri Canan \u015eahin\u2019i ara\u015ft\u0131rmaya ba\u015flad\u0131. Peki, Canan \u015eahin kimdir? Ka\u00e7 ya\u015f\u0131nda ve mesle\u011fi nedir? Merak edilenler haberimizde\u2026<\/p>\n","protected":false},"author":34,"featured_media":131340,"comment_status":"closed","ping_status":"closed","sticky":false,"template":"","format":"standard","meta":{"rank_math_lock_modified_date":false,"footnotes":""},"categories":[491],"tags":[10387,8475,10386],"class_list":["post-131336","post","type-post","status-publish","format-standard","has-post-thumbnail","hentry","category-biyografi","tag-canan-sahin","tag-mehmet-aslantug","tag-mehmet-aslantug-sevgilisi"],"_links":{"self":[{"href":"https:\/\/www.tgrthaber.com\/mavikadin\/wp-json\/wp\/v2\/posts\/131336"}],"collection":[{"href":"https:\/\/www.tgrthaber.com\/mavikadin\/wp-json\/wp\/v2\/posts"}],"about":[{"href":"https:\/\/www.tgrthaber.com\/mavikadin\/wp-json\/wp\/v2\/types\/post"}],"author":[{"embeddable":true,"href":"https:\/\/www.tgrthaber.com\/mavikadin\/wp-json\/wp\/v2\/users\/34"}],"replies":[{"embeddable":true,"href":"https:\/\/www.tgrthaber.com\/mavikadin\/wp-json\/wp\/v2\/comments?post=131336"}],"version-history":[{"count":4,"href":"https:\/\/www.tgrthaber.com\/mavikadin\/wp-json\/wp\/v2\/posts\/131336\/revisions"}],"predecessor-version":[{"id":131362,"href":"https:\/\/www.tgrthaber.com\/mavikadin\/wp-json\/wp\/v2\/posts\/131336\/revisions\/131362"}],"wp:featuredmedia":[{"embeddable":true,"href":"https:\/\/www.tgrthaber.com\/mavikadin\/wp-json\/wp\/v2\/media\/131340"}],"wp:attachment":[{"href":"https:\/\/www.tgrthaber.com\/mavikadin\/wp-json\/wp\/v2\/media?parent=131336"}],"wp:term":[{"taxonomy":"category","embeddable":true,"href":"https:\/\/www.tgrthaber.com\/mavikadin\/wp-json\/wp\/v2\/categories?post=131336"},{"taxonomy":"post_tag","embeddable":true,"href":"https:\/\/www.tgrthaber.com\/mavikadin\/wp-json\/wp\/v2\/tags?post=131336"}],"curies":[{"name":"wp","href":"https:\/\/api.w.org\/{rel}","templated":true}]}}