{"id":131337,"date":"2025-02-09T17:18:57","date_gmt":"2025-02-09T14:18:57","guid":{"rendered":"https:\/\/www.tgrthaber.com\/mavikadin\/?p=131337"},"modified":"2025-02-09T17:18:58","modified_gmt":"2025-02-09T14:18:58","slug":"kardelenler-dizisinin-feriti-mehmet-fatih-obuz-kimdir-oyuncunun-yasi-ve-kariyeri-merak-edildi","status":"publish","type":"post","link":"https:\/\/www.tgrthaber.com\/mavikadin\/kardelenler-dizisinin-feriti-mehmet-fatih-obuz-kimdir-oyuncunun-yasi-ve-kariyeri-merak-edildi\/","title":{"rendered":"Kardelenler dizisinin Ferit\u2019i Mehmet Fatih Obuz kimdir? Oyuncunun ya\u015f\u0131 ve kariyeri merak edildi"},"content":{"rendered":"<p>Ge\u00e7ti\u011fimiz hafta ATV ekranlar\u0131nda izleyici kar\u015f\u0131s\u0131na \u00e7\u0131kan Kardelenler dizisi, seyirci taraf\u0131ndan tam not ald\u0131. Hem konusu hem de g\u00fc\u00e7l\u00fc oyuncu kadrosuyla dikkatleri \u00fczerine \u00e7eken dizide Ferit karakterini oynayan Mehmet Fatih Obuz\u2019un kim oldu\u011fu merak edildi. Peki, Kardelenler dizisinin Ferit\u2019i Mehmet Fatih Obuz kimdir? Mehmet Fatih Obuz ka\u00e7 ya\u015f\u0131nda, nereli? Mehmet Fatih Obuz hangi projelerde yer ald\u0131? Mehmet Fatih Obuz hakk\u0131nda merak edilenleri sizin i\u00e7in ara\u015ft\u0131rd\u0131k. \u0130\u015fte Mehmet Fatih Obuz hakk\u0131nda bilinmeyenler\u2026<\/p>\n<hr \/>\n<h3>KARDELENLER FER\u0130T K\u0130MD\u0130R?<\/h3>\n<p>ATV ekranlar\u0131nda izleyici kar\u015f\u0131s\u0131na \u00e7\u0131kan Kardelenler dizisi yay\u0131nlanan ilk b\u00f6l\u00fcm\u00fcyle seyirciden tam not almay\u0131 ba\u015fard\u0131. Hem konu hem de g\u00fc\u00e7l\u00fc oyuncu kadrosuyla dikkatleri \u00fczerine \u00e7eken dizi ge\u00e7ti\u011fimiz hafta ekran maceras\u0131na ba\u015flad\u0131. Bir\u00e7ok ba\u015far\u0131l\u0131 ismin yer ald\u0131\u011f\u0131 dizide hen\u00fcz ke\u015ffedilmemi\u015f gen\u00e7 yeteneklerde performanslar\u0131n\u0131 sergiliyor. Dizide Ferit karakterini oynayan Mehmet Fatih Obuz\u2019un da kim oldu\u011fu izleyici taraf\u0131ndan merak ediliyor.<\/p>\n<p><img loading=\"lazy\" decoding=\"async\" class=\"alignnone wp-image-131344\" src=\"https:\/\/www.tgrthaber.com\/mavikadin\/wp-content\/uploads\/Mehmet-Fatih-Obuz-2-1024x576.jpg\" alt=\"Kardelenler dizisinin Ferit\u2019i Mehmet Fatih Obuz kimdir? \" width=\"1208\" height=\"680\" title=\"\" srcset=\"https:\/\/www.tgrthaber.com\/mavikadin\/wp-content\/uploads\/Mehmet-Fatih-Obuz-2-1024x576.jpg 1024w, https:\/\/www.tgrthaber.com\/mavikadin\/wp-content\/uploads\/Mehmet-Fatih-Obuz-2-300x169.jpg 300w, https:\/\/www.tgrthaber.com\/mavikadin\/wp-content\/uploads\/Mehmet-Fatih-Obuz-2-768x432.jpg 768w, https:\/\/www.tgrthaber.com\/mavikadin\/wp-content\/uploads\/Mehmet-Fatih-Obuz-2-1536x864.jpg 1536w, https:\/\/www.tgrthaber.com\/mavikadin\/wp-content\/uploads\/Mehmet-Fatih-Obuz-2.jpg 1600w\" sizes=\"(max-width: 1208px) 100vw, 1208px\" \/><\/p>\n<hr \/>\n<p>Kardelenler dizisinde \u00f6nemli karakterler aras\u0131nda yer alan Fert\u2019i, gen\u00e7 ve ba\u015far\u0131l\u0131 oyuncu Mehmet Fatih Obuz oynuyor. Ferit karakteri, babaannesi ve karde\u015fleriyle hayata tutunmaya \u00e7al\u0131\u015fan bir karakter olarak kar\u015f\u0131m\u0131za \u00e7\u0131k\u0131yor. Anne ve babas\u0131n\u0131 erken ya\u015fta kaybeden Ferit karde\u015fi Aysel ile b\u00fcy\u00fck bir hayat m\u00fccadelesi i\u00e7erisine girer. Anne ve babas\u0131n\u0131n \u00f6l\u00fcm\u00fcn\u00fcn ard\u0131ndan kimsenin sahip \u00e7\u0131kmad\u0131\u011f\u0131 Ferit ve Aysel yetimhaneye yerle\u015ftirilir.<\/p>\n<p><img loading=\"lazy\" decoding=\"async\" class=\"alignnone wp-image-131347\" src=\"https:\/\/www.tgrthaber.com\/mavikadin\/wp-content\/uploads\/Mehmet-Fatih-Obuz-3-1024x576.jpg\" alt=\"Kardelenler dizisinin Ferit\u2019i Mehmet Fatih Obuz kimdir? \" width=\"1208\" height=\"680\" title=\"\" srcset=\"https:\/\/www.tgrthaber.com\/mavikadin\/wp-content\/uploads\/Mehmet-Fatih-Obuz-3-1024x576.jpg 1024w, https:\/\/www.tgrthaber.com\/mavikadin\/wp-content\/uploads\/Mehmet-Fatih-Obuz-3-300x169.jpg 300w, https:\/\/www.tgrthaber.com\/mavikadin\/wp-content\/uploads\/Mehmet-Fatih-Obuz-3-768x432.jpg 768w, https:\/\/www.tgrthaber.com\/mavikadin\/wp-content\/uploads\/Mehmet-Fatih-Obuz-3-1536x864.jpg 1536w, https:\/\/www.tgrthaber.com\/mavikadin\/wp-content\/uploads\/Mehmet-Fatih-Obuz-3.jpg 1600w\" sizes=\"(max-width: 1208px) 100vw, 1208px\" \/><\/p>\n<hr \/>\n<h3>MEHMET FAT\u0130H OBUZ K\u0130MD\u0130R?<\/h3>\n<p>Ekranlar\u0131n hen\u00fcz ke\u015ffedilmemi\u015f yeni y\u0131ld\u0131z oyuncusu Mehmet Fatih Obuz hakk\u0131nda pek fazla bir bilgi bulunmuyor. People Talent Management, menajerlik \u015firketine ba\u011fl\u0131 olan Obuz, ilk oyunculuk deneyimini Show TV ekranlar\u0131nda izleyici kar\u015f\u0131s\u0131na \u00e7\u0131kan \u201cKalpazan\u201d dizisiyle ger\u00e7ekle\u015ftirmi\u015ftir. Bunun yan\u0131nda Obuz, Disney+ dijital platformunda yay\u0131nlanan \u201cUmami\u201d dizisinde de rol alm\u0131\u015ft\u0131r.<\/p>\n<p><img loading=\"lazy\" decoding=\"async\" class=\"alignnone wp-image-131346\" src=\"https:\/\/www.tgrthaber.com\/mavikadin\/wp-content\/uploads\/Mehmet-Fatih-Obuz-4-1024x576.jpg\" alt=\"Kardelenler dizisinin Ferit\u2019i Mehmet Fatih Obuz kimdir? \" width=\"1208\" height=\"680\" title=\"\" srcset=\"https:\/\/www.tgrthaber.com\/mavikadin\/wp-content\/uploads\/Mehmet-Fatih-Obuz-4-1024x576.jpg 1024w, https:\/\/www.tgrthaber.com\/mavikadin\/wp-content\/uploads\/Mehmet-Fatih-Obuz-4-300x169.jpg 300w, https:\/\/www.tgrthaber.com\/mavikadin\/wp-content\/uploads\/Mehmet-Fatih-Obuz-4-768x432.jpg 768w, https:\/\/www.tgrthaber.com\/mavikadin\/wp-content\/uploads\/Mehmet-Fatih-Obuz-4-1536x864.jpg 1536w, https:\/\/www.tgrthaber.com\/mavikadin\/wp-content\/uploads\/Mehmet-Fatih-Obuz-4.jpg 1600w\" sizes=\"(max-width: 1208px) 100vw, 1208px\" \/><\/p>\n<hr \/>\n<p>Kalpazan dizisinin ekran hayat\u0131n\u0131n k\u0131sa s\u00fcrmesi nedeniyle oyunculuk performans\u0131n\u0131 tam olarak sergileyemeyen Obuz, \u015fimdilerde Kardelenler dizisiyle y\u0131ld\u0131z\u0131n\u0131 parlat\u0131yor. Mehmet Fatih Obuz hakk\u0131nda pek fazla bilgi bulunmuyor. Ekran maceras\u0131na yeni yeni ad\u0131m atan Obuz\u2019un ne zaman do\u011fdu\u011fu, ka\u00e7 ya\u015f\u0131nda oldu\u011fu ve nereli oldu\u011fu hakk\u0131nda bilgi bulunmuyor.<\/p>\n<h3>MEHMET FAT\u0130H OBUZ KARDELENLER D\u0130Z\u0130S\u0130 HAKKINDA KONU\u015eTU!<\/h3>\n<p>Kardelenler dizisinin gen\u00e7 ve ba\u015far\u0131l\u0131 oyuncusu Mehmet Fatih Obuz, kat\u0131ld\u0131\u011f\u0131 bir davette bas\u0131n mensuplar\u0131n\u0131n sorular\u0131n\u0131 cevaplad\u0131. Kardelenler dizisindeki \u201cFerit\u201d karakteriyle \u00f6n plana \u00e7\u0131kan Obuz, izleyenlerin ve sosyal medya kullan\u0131c\u0131lar\u0131n yo\u011fun ilgisiyle kar\u015f\u0131lan\u0131yor.<\/p>\n<p><img loading=\"lazy\" decoding=\"async\" class=\"alignnone wp-image-131348\" src=\"https:\/\/www.tgrthaber.com\/mavikadin\/wp-content\/uploads\/Mehmet-Fatih-Obuz-5-1024x576.jpg\" alt=\"Kardelenler dizisinin Ferit\u2019i Mehmet Fatih Obuz kimdir? \" width=\"1208\" height=\"680\" title=\"\" srcset=\"https:\/\/www.tgrthaber.com\/mavikadin\/wp-content\/uploads\/Mehmet-Fatih-Obuz-5-1024x576.jpg 1024w, https:\/\/www.tgrthaber.com\/mavikadin\/wp-content\/uploads\/Mehmet-Fatih-Obuz-5-300x169.jpg 300w, https:\/\/www.tgrthaber.com\/mavikadin\/wp-content\/uploads\/Mehmet-Fatih-Obuz-5-768x432.jpg 768w, https:\/\/www.tgrthaber.com\/mavikadin\/wp-content\/uploads\/Mehmet-Fatih-Obuz-5-1536x864.jpg 1536w, https:\/\/www.tgrthaber.com\/mavikadin\/wp-content\/uploads\/Mehmet-Fatih-Obuz-5.jpg 1600w\" sizes=\"(max-width: 1208px) 100vw, 1208px\" \/><\/p>\n<hr \/>\n<p>Kat\u0131ld\u0131\u011f\u0131 davette bas\u0131n mensuplar\u0131n\u0131n sorular\u0131n\u0131 cevaplayan Mehmet Fatih Obuz, sosyal medyadan kendisine gelen tepkiler hakk\u0131nda \u00e7arp\u0131c\u0131 a\u00e7\u0131klamalarda bulundu. Obuz, \u201c\u0130lk defa bir karakteri ger\u00e7ekten oynayabildi\u011fim bir proje oldu benim i\u00e7in. Daha \u00e7ok yeniyim sekt\u00f6rde. Hem \u00e7ok e\u011flendi\u011fim hem de \u00e7ok \u00f6\u011frendi\u011fim bir proje oldu. Bar\u0131\u015f abi, Ayda abla, Serhat abi hepsiyle b\u00f6yle e\u011fleniyorsun. Bir yandan seni karavan\u0131na \u00e7a\u011f\u0131r\u0131p ders ba\u015flayabiliyor.\u201d ifadelerine yer verdi.<\/p>\n<p><img loading=\"lazy\" decoding=\"async\" class=\"alignnone wp-image-131349\" src=\"https:\/\/www.tgrthaber.com\/mavikadin\/wp-content\/uploads\/Mehmet-Fatih-Obuz-7-1024x576.jpg\" alt=\"Kardelenler dizisinin Ferit\u2019i Mehmet Fatih Obuz kimdir? \" width=\"1208\" height=\"680\" title=\"\" srcset=\"https:\/\/www.tgrthaber.com\/mavikadin\/wp-content\/uploads\/Mehmet-Fatih-Obuz-7-1024x576.jpg 1024w, https:\/\/www.tgrthaber.com\/mavikadin\/wp-content\/uploads\/Mehmet-Fatih-Obuz-7-300x169.jpg 300w, https:\/\/www.tgrthaber.com\/mavikadin\/wp-content\/uploads\/Mehmet-Fatih-Obuz-7-768x432.jpg 768w, https:\/\/www.tgrthaber.com\/mavikadin\/wp-content\/uploads\/Mehmet-Fatih-Obuz-7-1536x864.jpg 1536w, https:\/\/www.tgrthaber.com\/mavikadin\/wp-content\/uploads\/Mehmet-Fatih-Obuz-7.jpg 1600w\" sizes=\"(max-width: 1208px) 100vw, 1208px\" \/><\/p>\n<hr \/>\n<h3>&#8220;\u00c7OK MUTLUYUM&#8221;<\/h3>\n<p>Bas\u0131n mensuplar\u0131n\u0131n \u201cSosyal medyadan gelen tepkilere bak\u0131yor musun?\u201d sorusu kar\u015f\u0131s\u0131nda Mehmet Fatih Obuz, \u201cBak\u0131yorum, DM at\u0131yorlar. Tabii ki de insan\u0131n ho\u015funa giden bir \u015fey. Benim de \u00e7ok ho\u015fuma gitti. Bir de editler falan yap\u0131l\u0131yor. Tan\u0131mad\u0131\u011f\u0131n\u0131z insanlar\u0131n sizin i\u00e7in u\u011fra\u015fmas\u0131 ve editler yapmas\u0131 g\u00fczel bir \u015fey. Bazen Arabistan\u2019dan, \u0130spanya\u2019dan, Meksika\u2019dan insanlar\u0131n bununla u\u011fra\u015f\u0131p bana bir \u015feyler yapmas\u0131 \u00e7ok anlaml\u0131, \u00e7ok de\u011ferli benim i\u00e7in. \u00c7ok mutluyum.\u201d ifadelerini kulland\u0131.<\/p>\n","protected":false},"excerpt":{"rendered":"<p>ATV ekranlar\u0131nda izleyici kar\u015f\u0131s\u0131na \u00e7\u0131kan Kardelenler dizisinde Ferit karakterini oynayan Mehmet Fatih Obuz\u2019un kim oldu\u011fu merak ediliyor. Peki, Kardelenler dizisinin Ferit\u2019i Mehmet Fatih Obuz kimdir? \u0130\u015fte ayr\u0131nt\u0131lar\u2026 <\/p>\n","protected":false},"author":26,"featured_media":131342,"comment_status":"closed","ping_status":"closed","sticky":false,"template":"","format":"standard","meta":{"rank_math_lock_modified_date":false,"footnotes":""},"categories":[491],"tags":[3274,9738,8801,10391,10392],"class_list":["post-131337","post","type-post","status-publish","format-standard","has-post-thumbnail","hentry","category-biyografi","tag-kardelenler","tag-kardelenler-dizi","tag-kardelenler-dizisi","tag-kardelenler-ferit","tag-mehmet-fatih-obuz"],"_links":{"self":[{"href":"https:\/\/www.tgrthaber.com\/mavikadin\/wp-json\/wp\/v2\/posts\/131337"}],"collection":[{"href":"https:\/\/www.tgrthaber.com\/mavikadin\/wp-json\/wp\/v2\/posts"}],"about":[{"href":"https:\/\/www.tgrthaber.com\/mavikadin\/wp-json\/wp\/v2\/types\/post"}],"author":[{"embeddable":true,"href":"https:\/\/www.tgrthaber.com\/mavikadin\/wp-json\/wp\/v2\/users\/26"}],"replies":[{"embeddable":true,"href":"https:\/\/www.tgrthaber.com\/mavikadin\/wp-json\/wp\/v2\/comments?post=131337"}],"version-history":[{"count":1,"href":"https:\/\/www.tgrthaber.com\/mavikadin\/wp-json\/wp\/v2\/posts\/131337\/revisions"}],"predecessor-version":[{"id":131352,"href":"https:\/\/www.tgrthaber.com\/mavikadin\/wp-json\/wp\/v2\/posts\/131337\/revisions\/131352"}],"wp:featuredmedia":[{"embeddable":true,"href":"https:\/\/www.tgrthaber.com\/mavikadin\/wp-json\/wp\/v2\/media\/131342"}],"wp:attachment":[{"href":"https:\/\/www.tgrthaber.com\/mavikadin\/wp-json\/wp\/v2\/media?parent=131337"}],"wp:term":[{"taxonomy":"category","embeddable":true,"href":"https:\/\/www.tgrthaber.com\/mavikadin\/wp-json\/wp\/v2\/categories?post=131337"},{"taxonomy":"post_tag","embeddable":true,"href":"https:\/\/www.tgrthaber.com\/mavikadin\/wp-json\/wp\/v2\/tags?post=131337"}],"curies":[{"name":"wp","href":"https:\/\/api.w.org\/{rel}","templated":true}]}}