{"id":131354,"date":"2025-02-09T17:29:20","date_gmt":"2025-02-09T14:29:20","guid":{"rendered":"https:\/\/www.tgrthaber.com\/mavikadin\/?p=131354"},"modified":"2025-02-09T17:29:20","modified_gmt":"2025-02-09T14:29:20","slug":"hulya-avsar-ilk-askina-dair-samimi-aciklamalarda-bulundu","status":"publish","type":"post","link":"https:\/\/www.tgrthaber.com\/mavikadin\/hulya-avsar-ilk-askina-dair-samimi-aciklamalarda-bulundu\/","title":{"rendered":"H\u00fclya Av\u015far ilk a\u015fk\u0131na dair samimi a\u00e7\u0131klamalarda bulundu!"},"content":{"rendered":"<p>A\u015fk\u0131n D\u00fcnk\u00fc \u00c7ocuklar\u0131 filminin ba\u015frollerinde yer alan U\u011fur Y\u00fccel ve H\u00fclya Av\u015far\u2019\u0131n filmi sinema severlerle bulu\u015ftu. Filmin gala gecesinde Birsen Altunta\u015f\u2019\u0131n sorular\u0131n\u0131 cevaplayan H\u00fclya Av\u015far, a\u015fk dair sorulan sorulara samimi cevaplar verdi.<\/p>\n<h3>\u201cBA\u015eKA H\u0130\u00c7 K\u0130MSEDE H\u0130SSEDEMED\u0130M\u201d<\/h3>\n<p>A\u015fk\u0131n D\u00fcnk\u00fc \u00c7ocuklar\u0131 filminde \u0130zabel karakterini oynayan H\u00fclya Av\u015far, filmde k\u0131sa bir rol\u00fc olmas\u0131na ra\u011fmen yine de \u00e7ok \u015fey anlatt\u0131\u011f\u0131n\u0131 ifade etti. Filmin ilk a\u015fk\u0131 ve devaml\u0131l\u0131\u011f\u0131n\u0131 sorgulatan bir yap\u0131s\u0131ndan yola \u00e7\u0131karak \u201c\u0130lk a\u015fk\u0131n\u0131z\u0131 hat\u0131rl\u0131yor musunuz? sorusuna H\u00fclya Av\u015far\u2019dan samimi bir cevap geldi. Av\u015far, \u201c El ele tutu\u015ftu\u011fumuz zaman bile utand\u0131\u011f\u0131m\u0131z, ilk bir pastaneye gitti\u011fimizde kar\u015f\u0131l\u0131kl\u0131 oturup konu\u015ftu\u011fumuzda sanki o an d\u00fcnya durmu\u015f gibi hissediyor olmak. Konu\u015ftu\u011fumuz konular, giyim tarz\u0131m\u0131z, her \u015fey o kadar farkl\u0131 ki. Orada hi\u00e7 bitmeyen bir \u00e7ocukluk var, safl\u0131k var ve g\u00fczellik var. Ben ilk a\u015fk\u0131mda hissetti\u011fim duygular\u0131 a\u00e7\u0131k\u00e7as\u0131 ba\u015fka hi\u00e7 kimsede hissedemedim.\u201d<\/p>\n<p><img loading=\"lazy\" decoding=\"async\" class=\"alignnone wp-image-131357\" src=\"https:\/\/www.tgrthaber.com\/mavikadin\/wp-content\/uploads\/hulya-avsar-ilk-aski-hakkinda-konustu-300x169.jpg\" alt=\"h\u00fclya av\u015far ilk a\u015fk\u0131 hakk\u0131nda konu\u015ftu\" width=\"1208\" height=\"680\" title=\"\" srcset=\"https:\/\/www.tgrthaber.com\/mavikadin\/wp-content\/uploads\/hulya-avsar-ilk-aski-hakkinda-konustu-300x169.jpg 300w, https:\/\/www.tgrthaber.com\/mavikadin\/wp-content\/uploads\/hulya-avsar-ilk-aski-hakkinda-konustu-1024x576.jpg 1024w, https:\/\/www.tgrthaber.com\/mavikadin\/wp-content\/uploads\/hulya-avsar-ilk-aski-hakkinda-konustu-768x432.jpg 768w, https:\/\/www.tgrthaber.com\/mavikadin\/wp-content\/uploads\/hulya-avsar-ilk-aski-hakkinda-konustu-1536x864.jpg 1536w, https:\/\/www.tgrthaber.com\/mavikadin\/wp-content\/uploads\/hulya-avsar-ilk-aski-hakkinda-konustu.jpg 1920w\" sizes=\"(max-width: 1208px) 100vw, 1208px\" \/><\/p>\n<hr \/>\n<h3>\u201cKEND\u0130ME G\u00dcVENM\u0130YORUM\u201d<\/h3>\n<p>H\u00fclya Av\u015far, hayat\u0131nda a\u015fk\u0131 nas\u0131l konumland\u0131rd\u0131\u011f\u0131n\u0131 ve bakt\u0131\u011f\u0131n\u0131 a\u00e7\u0131klad\u0131. Av\u015far, \u201c A\u015fk \u00e7ok g\u00fczel bir \u015fey insana ge\u00e7ici de olsa bir heyecan veriyor. Eliniz, aya\u011f\u0131n\u0131z titriyor ya o g\u00fczel de sonras\u0131 k\u00f6t\u00fc. Sonradan ge\u00e7mesi, ge\u00e7tikten sonra da sanki o a\u015f\u0131k oldu\u011fun ki\u015fiye s\u00f6z vermi\u015fsin de s\u00f6z\u00fcn durmak zorundaym\u0131\u015fs\u0131n gibi devam ediyormu\u015fsundur gibi. Hele ben \u00e7ok \u00e7abuk s\u0131k\u0131lan biriyim ama a\u015fk g\u00fczel daha gen\u00e7 ya\u015flarda daha g\u00fczel. \u015eimdi de a\u015fk istiyorum ama ben kendime g\u00fcvenmiyorum. O a\u015fk\u0131n k\u0131ymetini bilmiyorum. \u201d s\u00f6zleriyle a\u015fka olan bak\u0131\u015f\u0131n\u0131 a\u00e7\u0131klad\u0131.<\/p>\n","protected":false},"excerpt":{"rendered":"<p>A\u015fk\u0131n D\u00fcnk\u00fc \u00c7ocuklar\u0131 filmiyle yeniden beyaz perdede g\u00f6r\u00fclen H\u00fclya Av\u015far, Birsen Altunta\u015f\u2019la ger\u00e7ekle\u015ftirdi\u011fi r\u00f6portajda a\u015fka dair a\u00e7\u0131klamalarda bulundu. H\u00fclya Av\u015far, \u201c\u0130lk a\u015fk\u0131mda ya\u015fad\u0131\u011f\u0131m duygular\u0131 ba\u015fka hi\u00e7 kimsede hissedemedim\u201d dedi. <\/p>\n","protected":false},"author":10,"featured_media":131359,"comment_status":"closed","ping_status":"closed","sticky":false,"template":"","format":"standard","meta":{"rank_math_lock_modified_date":false,"footnotes":""},"categories":[76],"tags":[271,10394,10393],"class_list":["post-131354","post","type-post","status-publish","format-standard","has-post-thumbnail","hentry","category-magazin","tag-hulya-avsar","tag-hulya-avsar-ask","tag-hulya-avsar-iilk-aski"],"_links":{"self":[{"href":"https:\/\/www.tgrthaber.com\/mavikadin\/wp-json\/wp\/v2\/posts\/131354"}],"collection":[{"href":"https:\/\/www.tgrthaber.com\/mavikadin\/wp-json\/wp\/v2\/posts"}],"about":[{"href":"https:\/\/www.tgrthaber.com\/mavikadin\/wp-json\/wp\/v2\/types\/post"}],"author":[{"embeddable":true,"href":"https:\/\/www.tgrthaber.com\/mavikadin\/wp-json\/wp\/v2\/users\/10"}],"replies":[{"embeddable":true,"href":"https:\/\/www.tgrthaber.com\/mavikadin\/wp-json\/wp\/v2\/comments?post=131354"}],"version-history":[{"count":1,"href":"https:\/\/www.tgrthaber.com\/mavikadin\/wp-json\/wp\/v2\/posts\/131354\/revisions"}],"predecessor-version":[{"id":131361,"href":"https:\/\/www.tgrthaber.com\/mavikadin\/wp-json\/wp\/v2\/posts\/131354\/revisions\/131361"}],"wp:featuredmedia":[{"embeddable":true,"href":"https:\/\/www.tgrthaber.com\/mavikadin\/wp-json\/wp\/v2\/media\/131359"}],"wp:attachment":[{"href":"https:\/\/www.tgrthaber.com\/mavikadin\/wp-json\/wp\/v2\/media?parent=131354"}],"wp:term":[{"taxonomy":"category","embeddable":true,"href":"https:\/\/www.tgrthaber.com\/mavikadin\/wp-json\/wp\/v2\/categories?post=131354"},{"taxonomy":"post_tag","embeddable":true,"href":"https:\/\/www.tgrthaber.com\/mavikadin\/wp-json\/wp\/v2\/tags?post=131354"}],"curies":[{"name":"wp","href":"https:\/\/api.w.org\/{rel}","templated":true}]}}