{"id":131432,"date":"2025-02-10T00:17:00","date_gmt":"2025-02-09T21:17:00","guid":{"rendered":"https:\/\/www.tgrthaber.com\/mavikadin\/?p=131432"},"modified":"2025-02-10T00:17:00","modified_gmt":"2025-02-09T21:17:00","slug":"o-ses-turkiyede-funda-kayacik-dublajlariyla-dikkat-cekti-funda-kayacik-hangi-juriyi-secti","status":"publish","type":"post","link":"https:\/\/www.tgrthaber.com\/mavikadin\/o-ses-turkiyede-funda-kayacik-dublajlariyla-dikkat-cekti-funda-kayacik-hangi-juriyi-secti\/","title":{"rendered":"O Ses T\u00fcrkiye&#8217;de Funda Kayac\u0131k dublajlar\u0131yla dikkat \u00e7ekti! Funda Kayac\u0131k hangi j\u00fcriyi se\u00e7ti?"},"content":{"rendered":"<p>Acun Il\u0131cal\u0131&#8217;n\u0131n m\u00fcjdelemesi ile beraber &#8216;O Ses T\u00fcrkiye&#8217; yar\u0131\u015fmas\u0131n\u0131n yeniden ekranlara d\u00f6nmesini iple \u00e7eken izleyiciler, nihayet 8 \u015eubat Cumartesi g\u00fcn\u00fc TV8 ekranlar\u0131nda merakla bekledikleri programa kavu\u015ftu.<\/p>\n<p>Birbirinden renkli j\u00fcri \u00fcyeleri ile hem m\u00fczik \u015f\u00f6leninin ya\u015fat\u0131ld\u0131\u011f\u0131 hem de yar\u0131\u015fmac\u0131lar\u0131 kapmak ad\u0131na j\u00fcriler aras\u0131nda komik anlar\u0131n ya\u015fand\u0131\u011f\u0131 &#8216;O Ses T\u00fcrkiye&#8217;nin yay\u0131nlanan ilk b\u00f6l\u00fcm\u00fcnde, yar\u0131\u015fmac\u0131 olarak sahne alan Funda Kayac\u0131k herkesin dikkatini \u00e7ekti.<\/p>\n<p>Seslendirme sanat\u00e7\u0131s\u0131 olan Funda Kayac\u0131k&#8217;\u0131n m\u00fczik kariyeri, mesle\u011fi, memleketi ve ya\u015f\u0131 izleyiciler taraf\u0131ndan merak edildi. Peki yar\u0131\u015fman\u0131n sonunda Kayac\u0131k bundan sonraki s\u00fcre\u00e7te hangi \u00fcnl\u00fc ile beraber \u00e7al\u0131\u015fmak istedi, hangi j\u00fcriyi se\u00e7ti? \u0130\u015fte Kayac\u0131k hakk\u0131nda merak edilenler&#8230;<\/p>\n<h3>O SES T\u00dcRK\u0130YE FUNDA KAYACIK K\u0130MD\u0130R? M\u00dcZ\u0130K KAR\u0130YER\u0130 MERAK ED\u0130LD\u0130<\/h3>\n<p>1998 y\u0131l\u0131nda do\u011fan ve gen\u00e7 ya\u015fta seslendirme sanat\u00e7\u0131s\u0131 olma yolunda ad\u0131m atan Funda Kayac\u0131k,\u00a0 2016 y\u0131l\u0131nda \u00fcniversite haz\u0131rl\u0131k s\u00fcrecinde iken &#8216;rabarba&#8217; ile dublaj sekt\u00f6r\u00fcnde ilk ba\u015far\u0131s\u0131n\u0131 sergiledi.<\/p>\n<p><img loading=\"lazy\" decoding=\"async\" class=\"alignnone wp-image-131434\" src=\"https:\/\/www.tgrthaber.com\/mavikadin\/wp-content\/uploads\/funda-kayacik-kimdir-o-ses-turkiye-funda-dublajlariyla-dikkat-cekti-1739045597176_2.jpg\" alt=\"\" width=\"1208\" height=\"797\" title=\"\" srcset=\"https:\/\/www.tgrthaber.com\/mavikadin\/wp-content\/uploads\/funda-kayacik-kimdir-o-ses-turkiye-funda-dublajlariyla-dikkat-cekti-1739045597176_2.jpg 749w, https:\/\/www.tgrthaber.com\/mavikadin\/wp-content\/uploads\/funda-kayacik-kimdir-o-ses-turkiye-funda-dublajlariyla-dikkat-cekti-1739045597176_2-300x198.jpg 300w\" sizes=\"(max-width: 1208px) 100vw, 1208px\" \/><\/p>\n<hr \/>\n<p>Daha sonra dublaja ara verip konservatuvara giderek opera b\u00f6l\u00fcm\u00fcne kaydoldu.<\/p>\n<p>2019 y\u0131l\u0131nda ise tekrardan dublaj yapma hayaline geri d\u00f6nd\u00fc ve\u00a0 o zamandan bu zamana kadar \u00e7ok say\u0131da projede ismini ge\u00e7irdi.<\/p>\n<p>Yaln\u0131zca seslendirmedeki \u00fcst\u00fcn becerisi ile de\u011fil, ayn\u0131 zamanda m\u00fczik y\u00f6netmenli\u011fi ve opera kategorisindeki \u00e7al\u0131\u015fmalar\u0131yla da dikkatleri \u00fczerine topluyor.<\/p>\n<h3>O SES T\u00dcRK\u0130YE YARI\u015eMASINDA SES\u0130YLE HERKES\u0130 B\u00dcY\u00dcLEM\u0130\u015eT\u0130&#8230;<\/h3>\n<p>G\u00f6nl\u00fcn\u00fcn j\u00fcri \u00fcyelerinden olan G\u00f6khan \u00d6zo\u011fuz&#8217;dan yana oldu\u011fu bilinen yar\u0131\u015fmac\u0131 Funda Kayac\u0131k, Hadise&#8217;nin \u00d6zo\u011fuz&#8217;u bloklamas\u0131 \u00fczerine yar\u0131\u015fmac\u0131n\u0131n verece\u011fi karadaki t\u00fcm dengeleri de\u011fi\u015ftirdi.<\/p>\n<h3>FUNDA KAYACIK, HANG\u0130 J\u00dcR\u0130Y\u0130 SE\u00c7T\u0130?<\/h3>\n<p>Bloklanmasayd\u0131 G\u00f6khan \u00d6zo\u011fuz&#8217;u se\u00e7ecek olan yar\u0131\u015fmac\u0131 Funda Kayac\u0131k, karar verirken ikilemde kalsa da en sonunda hakk\u0131n\u0131 Beyaz\u0131t \u00d6zt\u00fcrk&#8217;ten yana kulland\u0131.<\/p>\n<p><img loading=\"lazy\" decoding=\"async\" class=\"alignnone wp-image-131435\" src=\"https:\/\/www.tgrthaber.com\/mavikadin\/wp-content\/uploads\/funda-kayacik-kimdir-o-ses-turkiye-funda-dublajlariyla-dikkat-cekti-17390455974628_1.jpg\" alt=\"\" width=\"1208\" height=\"829\" title=\"\" srcset=\"https:\/\/www.tgrthaber.com\/mavikadin\/wp-content\/uploads\/funda-kayacik-kimdir-o-ses-turkiye-funda-dublajlariyla-dikkat-cekti-17390455974628_1.jpg 651w, https:\/\/www.tgrthaber.com\/mavikadin\/wp-content\/uploads\/funda-kayacik-kimdir-o-ses-turkiye-funda-dublajlariyla-dikkat-cekti-17390455974628_1-300x206.jpg 300w\" sizes=\"(max-width: 1208px) 100vw, 1208px\" \/><\/p>\n<hr \/>\n<p>Ayr\u0131ca seslendirme sanat\u00e7\u0131s\u0131 Funda Kayac\u0131k&#8217;\u0131n sahnede G\u00f6khan ile Ben Mesela \u015fark\u0131s\u0131n\u0131 s\u00f6ylemesi de seyirciler aras\u0131nda b\u00fcy\u00fck be\u011feni ald\u0131. O Ses T\u00fcrkiye&#8217;nin yay\u0131nlanan ilk b\u00f6l\u00fcm\u00fcnde dikkat \u00e7eken isimlerden birisi de Funda Kayac\u0131k oldu.<\/p>\n<p><img loading=\"lazy\" decoding=\"async\" class=\"alignnone wp-image-131436\" src=\"https:\/\/www.tgrthaber.com\/mavikadin\/wp-content\/uploads\/funda-kayacik-kimdir-o-ses-turkiye-funda-dublajlariyla-dikkat-cekti-17390455973002_3.jpg\" alt=\"\" width=\"1208\" height=\"646\" title=\"\" srcset=\"https:\/\/www.tgrthaber.com\/mavikadin\/wp-content\/uploads\/funda-kayacik-kimdir-o-ses-turkiye-funda-dublajlariyla-dikkat-cekti-17390455973002_3.jpg 731w, https:\/\/www.tgrthaber.com\/mavikadin\/wp-content\/uploads\/funda-kayacik-kimdir-o-ses-turkiye-funda-dublajlariyla-dikkat-cekti-17390455973002_3-300x160.jpg 300w\" sizes=\"(max-width: 1208px) 100vw, 1208px\" \/><\/p>\n<hr \/>\n<p>&nbsp;<\/p>\n","protected":false},"excerpt":{"rendered":"<p>O Ses T\u00fcrkiye program\u0131n\u0131n yay\u0131nland\u0131\u011f\u0131 cumartesi gecesi izleyicilerin dikkatini \u00e7eken ve sesiyle j\u00fcri \u00fcyelerini bile b\u00fcy\u00fcleyen yar\u0131\u015fmac\u0131 Funda Kayac\u0131k&#8217;\u0131n m\u00fczik kariyeri merak konusu olmu\u015ftu. Peki Funda Kayac\u0131k O Ses T\u00fcrkiye&#8217;de hangi j\u00fcriyi se\u00e7ti?<\/p>\n","protected":false},"author":27,"featured_media":131437,"comment_status":"closed","ping_status":"closed","sticky":false,"template":"","format":"standard","meta":{"rank_math_lock_modified_date":false,"footnotes":""},"categories":[491],"tags":[10410,2378,10411,10348],"class_list":["post-131432","post","type-post","status-publish","format-standard","has-post-thumbnail","hentry","category-biyografi","tag-funda-kayacik","tag-o-ses-turkiye","tag-o-ses-turkiye-funda-kayacik","tag-o-ses-turkiye-funda-kayacik-kimdir"],"_links":{"self":[{"href":"https:\/\/www.tgrthaber.com\/mavikadin\/wp-json\/wp\/v2\/posts\/131432"}],"collection":[{"href":"https:\/\/www.tgrthaber.com\/mavikadin\/wp-json\/wp\/v2\/posts"}],"about":[{"href":"https:\/\/www.tgrthaber.com\/mavikadin\/wp-json\/wp\/v2\/types\/post"}],"author":[{"embeddable":true,"href":"https:\/\/www.tgrthaber.com\/mavikadin\/wp-json\/wp\/v2\/users\/27"}],"replies":[{"embeddable":true,"href":"https:\/\/www.tgrthaber.com\/mavikadin\/wp-json\/wp\/v2\/comments?post=131432"}],"version-history":[{"count":2,"href":"https:\/\/www.tgrthaber.com\/mavikadin\/wp-json\/wp\/v2\/posts\/131432\/revisions"}],"predecessor-version":[{"id":131439,"href":"https:\/\/www.tgrthaber.com\/mavikadin\/wp-json\/wp\/v2\/posts\/131432\/revisions\/131439"}],"wp:featuredmedia":[{"embeddable":true,"href":"https:\/\/www.tgrthaber.com\/mavikadin\/wp-json\/wp\/v2\/media\/131437"}],"wp:attachment":[{"href":"https:\/\/www.tgrthaber.com\/mavikadin\/wp-json\/wp\/v2\/media?parent=131432"}],"wp:term":[{"taxonomy":"category","embeddable":true,"href":"https:\/\/www.tgrthaber.com\/mavikadin\/wp-json\/wp\/v2\/categories?post=131432"},{"taxonomy":"post_tag","embeddable":true,"href":"https:\/\/www.tgrthaber.com\/mavikadin\/wp-json\/wp\/v2\/tags?post=131432"}],"curies":[{"name":"wp","href":"https:\/\/api.w.org\/{rel}","templated":true}]}}