{"id":131508,"date":"2025-02-10T10:33:46","date_gmt":"2025-02-10T07:33:46","guid":{"rendered":"https:\/\/www.tgrthaber.com\/mavikadin\/?p=131508"},"modified":"2025-02-10T12:43:55","modified_gmt":"2025-02-10T09:43:55","slug":"sezen-aksu-geri-mi-donuyor","status":"publish","type":"post","link":"https:\/\/www.tgrthaber.com\/mavikadin\/sezen-aksu-geri-mi-donuyor\/","title":{"rendered":"Sezen Aksu sahnelere geri mi d\u00f6n\u00fcyor?"},"content":{"rendered":"<p>T\u00fcrk pop m\u00fczi\u011fin efsane isimleri aras\u0131nda yer alan Sezen Aksu\u2019dan hayranlar\u0131n\u0131 sevindirecek haber geldi. \u00dcnl\u00fc sanat\u00e7\u0131 Aksu, 5 y\u0131ll\u0131k aran\u0131n ard\u0131ndan st\u00fcdyoya girdi. Sevenleriyle \u015fark\u0131lar\u0131n\u0131 bulu\u015fturmaya haz\u0131rlanan Aksu, yo\u011fun istek \u00fczerine yeni bir alb\u00fcm i\u00e7in uzun bir s\u00fcre sonra st\u00fcdyoda kendini buldu. Bak\u0131n usta sanat\u00e7\u0131n\u0131n yeni alb\u00fcm\u00fcn\u00fcn ismi ne olacak\u2026<\/p>\n<h3>T\u00dcRK POP M\u00dcZ\u0130\u011e\u0130N EFSANES\u0130 SEZEN AKSU SAHNELERE GER\u0130 M\u0130 D\u00d6N\u00dcYOR?<\/h3>\n<p>Hem \u015fark\u0131lar\u0131yla hem de g\u00fc\u00e7l\u00fc sesiyle T\u00fcrk pop m\u00fczi\u011fin usta isimleri aras\u0131nda yer alan Sezen Aksu, 5 y\u0131l aran\u0131n ard\u0131ndan st\u00fcdyoya girdi. H\u00fcrriyet\u2019ten Mehmet \u00dcst\u00fcnda\u011f\u2019\u0131n haberine g\u00f6re; Sezen Aksu, 5 y\u0131ll\u0131k aran\u0131n ard\u0131ndan hayranlar\u0131na s\u00fcrpriz yapmaya haz\u0131rlan\u0131yor. Yo\u011fun istekler \u00fczerine st\u00fcdyoya girerek yeni bir alb\u00fcm haz\u0131rlayan Aksu\u2019nun, 12 \u015fark\u0131dan olu\u015fan alb\u00fcm\u00fcn ad\u0131 ise \u201cPa\u015fa G\u00f6nl\u00fcm\u00fcn \u015eark\u0131lar\u0131\u201d olarak belirlendi.<\/p>\n<p><img loading=\"lazy\" decoding=\"async\" class=\"alignnone wp-image-131516\" src=\"https:\/\/www.tgrthaber.com\/mavikadin\/wp-content\/uploads\/Sezen-Aksu-3-1-1024x576.jpg\" alt=\"T\u00fcrk pop m\u00fczi\u011fin efsanesi Sezen Aksu 5 y\u0131l aran\u0131n ard\u0131ndan st\u00fcdyoya girdi! \" width=\"1208\" height=\"680\" title=\"\" srcset=\"https:\/\/www.tgrthaber.com\/mavikadin\/wp-content\/uploads\/Sezen-Aksu-3-1-1024x576.jpg 1024w, https:\/\/www.tgrthaber.com\/mavikadin\/wp-content\/uploads\/Sezen-Aksu-3-1-300x169.jpg 300w, https:\/\/www.tgrthaber.com\/mavikadin\/wp-content\/uploads\/Sezen-Aksu-3-1-768x432.jpg 768w, https:\/\/www.tgrthaber.com\/mavikadin\/wp-content\/uploads\/Sezen-Aksu-3-1-1536x864.jpg 1536w, https:\/\/www.tgrthaber.com\/mavikadin\/wp-content\/uploads\/Sezen-Aksu-3-1.jpg 1600w\" sizes=\"(max-width: 1208px) 100vw, 1208px\" \/><\/p>\n<hr \/>\n<p>\u015eimdilerde 70\u2019li ya\u015flar\u0131nda olan Sezen Aksu\u2019nun, yeni alb\u00fcm\u00fcnde 8 tane eski \u015fark\u0131s\u0131n\u0131n yepyeni versiyonlar\u0131 yer alacak. Bunun yan\u0131nda Aksu\u2019nun, 3 tane yepyeni \u015fark\u0131s\u0131 da m\u00fczikseverlerle bulu\u015facak. Aksu\u2019nun en dikkat \u00e7ekici s\u00fcrprizinin ise bir cover \u015fark\u0131s\u0131 olaca\u011f\u0131 s\u00f6yleniyor.<\/p>\n<h3>SEZEN AKSU FERD\u0130 TAYFUR\u2019U UNUTMADI!<\/h3>\n<p>Sezen Aksu, usta sanat\u00e7\u0131 Ferdi Tayfur\u2019u unutmad\u0131. Aksu\u2019nun, ge\u00e7ti\u011fimiz ay 2 Ocak\u2019ta hayat\u0131n\u0131 kaybeden arabesk m\u00fczi\u011fin usta ismi Ferdi Tayfur\u2019un bir \u015fark\u0131s\u0131n\u0131 yeni alb\u00fcm\u00fcnde seslendirdi\u011fi s\u00f6yleniyor. Her ne kadar farkl\u0131 tarzlarda m\u00fcziklerini seslendirseler de usta sanat\u00e7\u0131lar\u0131n birbirlerine olan sayg\u0131s\u0131 her daim biliniyordu.<\/p>\n<p><img loading=\"lazy\" decoding=\"async\" class=\"alignnone wp-image-131519\" src=\"https:\/\/www.tgrthaber.com\/mavikadin\/wp-content\/uploads\/Sezen-Aksu-1-1-1024x576.jpg\" alt=\"T\u00fcrk pop m\u00fczi\u011fin efsanesi Sezen Aksu 5 y\u0131l aran\u0131n ard\u0131ndan st\u00fcdyoya girdi! \" width=\"1208\" height=\"680\" title=\"\" srcset=\"https:\/\/www.tgrthaber.com\/mavikadin\/wp-content\/uploads\/Sezen-Aksu-1-1-1024x576.jpg 1024w, https:\/\/www.tgrthaber.com\/mavikadin\/wp-content\/uploads\/Sezen-Aksu-1-1-300x169.jpg 300w, https:\/\/www.tgrthaber.com\/mavikadin\/wp-content\/uploads\/Sezen-Aksu-1-1-768x432.jpg 768w, https:\/\/www.tgrthaber.com\/mavikadin\/wp-content\/uploads\/Sezen-Aksu-1-1-1536x864.jpg 1536w, https:\/\/www.tgrthaber.com\/mavikadin\/wp-content\/uploads\/Sezen-Aksu-1-1.jpg 1600w\" sizes=\"(max-width: 1208px) 100vw, 1208px\" \/><\/p>\n<hr \/>\n<p>Bunun yan\u0131nda pop m\u00fczi\u011fin usta isimlerinden Sezen Aksu\u2019nun Ferdi Tayfur\u2019un \u015fark\u0131lar\u0131n\u0131 \u00e7ok sevdi\u011fi ve uzun s\u00fcredir yorumlamak istedi\u011fi \u00f6\u011frenildi. Aksu, arabesk m\u00fczi\u011fin usta ismi Ferdi Tayfur\u2019un vefat\u0131n\u0131n ard\u0131ndan \u201cHayat\u0131m\u0131za katt\u0131\u011f\u0131n t\u00fcm g\u00fczellikler i\u00e7in te\u015fekk\u00fcrler Ferdi Tayfur\u2026 Seni \u00f6zleyece\u011fiz\u201d ifadelerine yer vermi\u015fti.<\/p>\n<h3>SEZEN AKSU\u2019NUN YEN\u0130 ALB\u00dcM\u00dc NE ZAMAN YAYINLANACAK?<\/h3>\n<p>H\u00fcrriyet\u2019ten Mehmet \u00dcst\u00fcnda\u011f\u2019\u0131n haberine g\u00f6re; Sezen Aksu\u2019nun alb\u00fcm haz\u0131rl\u0131klar\u0131 devam ediyor. Alb\u00fcm\u00fcn planlanan \u00e7\u0131k\u0131\u015f tarihinin ise 14 \u015eubat Sevgililer G\u00fcn\u00fc olaca\u011f\u0131 konu\u015fuluyor.<\/p>\n<p><img loading=\"lazy\" decoding=\"async\" class=\"alignnone wp-image-131520\" src=\"https:\/\/www.tgrthaber.com\/mavikadin\/wp-content\/uploads\/Sezen-Aksu-2-1-1024x576.jpg\" alt=\"T\u00fcrk pop m\u00fczi\u011fin efsanesi Sezen Aksu 5 y\u0131l aran\u0131n ard\u0131ndan st\u00fcdyoya girdi! \" width=\"1208\" height=\"680\" title=\"\" srcset=\"https:\/\/www.tgrthaber.com\/mavikadin\/wp-content\/uploads\/Sezen-Aksu-2-1-1024x576.jpg 1024w, https:\/\/www.tgrthaber.com\/mavikadin\/wp-content\/uploads\/Sezen-Aksu-2-1-300x169.jpg 300w, https:\/\/www.tgrthaber.com\/mavikadin\/wp-content\/uploads\/Sezen-Aksu-2-1-768x432.jpg 768w, https:\/\/www.tgrthaber.com\/mavikadin\/wp-content\/uploads\/Sezen-Aksu-2-1-1536x864.jpg 1536w, https:\/\/www.tgrthaber.com\/mavikadin\/wp-content\/uploads\/Sezen-Aksu-2-1.jpg 1600w\" sizes=\"(max-width: 1208px) 100vw, 1208px\" \/><\/p>\n<hr \/>\n<p>Yepyeni alb\u00fcm\u00fcyle hayranlar\u0131na heyecanl\u0131 anlar ya\u015fatacak olan Sezen Aksu, 14 \u015eubat\u2019ta sevenlerine b\u00fcy\u00fck bir hediye sunmaya haz\u0131rlan\u0131yor. Aksu\u2019nun alb\u00fcm\u00fc 14 \u015eubat tarihine yeti\u015fmezse, en ge\u00e7 \u015fubat ay\u0131n\u0131n sonunda sevenleriyle bulu\u015faca\u011f\u0131 d\u00fc\u015f\u00fcn\u00fcl\u00fcyor.<\/p>\n<h3>SEZEN AKSU SAHNELER\u0130 NEDEN BIRAKTI?<\/h3>\n<p>Usta sanat\u00e7\u0131 Sezen Aksu, 2016 y\u0131l\u0131nda Maslak\u2019ta verdi\u011fi konser sonras\u0131nda 40 y\u0131ll\u0131k sahne hayat\u0131na veda etti\u011fini a\u00e7\u0131klam\u0131\u015ft\u0131. Sahne hayat\u0131na veda eden Aksu, hayranlar\u0131n\u0131 derin bir h\u00fczne bo\u011fmu\u015ftu. Son konserinde yapt\u0131\u011f\u0131 duygusal konu\u015fmayla hem kendisini hem de hayranlar\u0131n\u0131 duyguland\u0131ran Aksu, \u201cHer biti\u015f yeni bir ba\u015flang\u0131\u00e7t\u0131r. \u00dcretmeye devam edece\u011fim fakat daha \u00f6nceden s\u00f6z verdi\u011fim birka\u00e7 konseri de yapt\u0131ktan sonra sahneye veda ediyorum. \u0130stanbul\u2019da son konserim. Bug\u00fcn 40 y\u0131l\u0131n an\u0131s\u0131na burada benimle oldu\u011funuz i\u00e7in \u015f\u00fckranla doluyum.\u201d ifadelerini kullanm\u0131\u015ft\u0131.<\/p>\n<p><img loading=\"lazy\" decoding=\"async\" class=\"alignnone wp-image-131527\" src=\"https:\/\/www.tgrthaber.com\/mavikadin\/wp-content\/uploads\/Sezen-Aksu-5-1024x576.jpg\" alt=\"Sezen Aksu neden sahneleri b\u0131rakt\u0131?\" width=\"1208\" height=\"680\" title=\"\" srcset=\"https:\/\/www.tgrthaber.com\/mavikadin\/wp-content\/uploads\/Sezen-Aksu-5-1024x576.jpg 1024w, https:\/\/www.tgrthaber.com\/mavikadin\/wp-content\/uploads\/Sezen-Aksu-5-300x169.jpg 300w, https:\/\/www.tgrthaber.com\/mavikadin\/wp-content\/uploads\/Sezen-Aksu-5-768x432.jpg 768w, https:\/\/www.tgrthaber.com\/mavikadin\/wp-content\/uploads\/Sezen-Aksu-5-1536x864.jpg 1536w, https:\/\/www.tgrthaber.com\/mavikadin\/wp-content\/uploads\/Sezen-Aksu-5.jpg 1600w\" sizes=\"(max-width: 1208px) 100vw, 1208px\" \/><\/p>\n<hr \/>\n<p>Sezen Aksu\u2019nun sahneleri neden b\u0131rakt\u0131\u011f\u0131na dair Canda\u015f Tolga I\u015f\u0131k\u2019tan bir a\u00e7\u0131klama gelmi\u015fti. I\u015f\u0131k, Sezen Aksu\u2019nun b\u00f6yle bir iklimde konser vermeyece\u011fini bildi\u011fini dile getirmi\u015fti. I\u015f\u0131k yapt\u0131\u011f\u0131 a\u00e7\u0131klamada \u201cB\u00f6yle bir iklimde\u00a0Sezen Aksu\u00a0\u015fark\u0131 s\u00f6ylemez. \u00c7ok normal. Sezen Aksu\u2019nun \u015fark\u0131 s\u00f6ylemek istedi\u011fi T\u00fcrkiye onun hayallerinde, o \u015fark\u0131lar\u0131nda insanlar\u0131n b\u00f6yle birbirlerine deliler\u00a0gibi\u00a0sevdal\u0131 oldu\u011fu bir \u00fclke. \u015eu halimize baksana ya, ben Sezen\u2019e k\u0131zam\u0131yorum. Ben elimden geleni yap\u0131yorum, kendimi paral\u0131yorum arkada\u015f\u0131 olarak. Sadece r\u00f6portaj i\u00e7in de\u011fil, bir konser versin.\u201d ifadelerine yer vermi\u015fti.<\/p>\n<p><img loading=\"lazy\" decoding=\"async\" class=\"alignnone wp-image-131530\" src=\"https:\/\/www.tgrthaber.com\/mavikadin\/wp-content\/uploads\/Sezen-Aksu-8-1024x576.jpg\" alt=\"Sezen Aksu neden sahneleri b\u0131rakt\u0131?\" width=\"1208\" height=\"680\" title=\"\" srcset=\"https:\/\/www.tgrthaber.com\/mavikadin\/wp-content\/uploads\/Sezen-Aksu-8-1024x576.jpg 1024w, https:\/\/www.tgrthaber.com\/mavikadin\/wp-content\/uploads\/Sezen-Aksu-8-300x169.jpg 300w, https:\/\/www.tgrthaber.com\/mavikadin\/wp-content\/uploads\/Sezen-Aksu-8-768x432.jpg 768w, https:\/\/www.tgrthaber.com\/mavikadin\/wp-content\/uploads\/Sezen-Aksu-8-1536x864.jpg 1536w, https:\/\/www.tgrthaber.com\/mavikadin\/wp-content\/uploads\/Sezen-Aksu-8.jpg 1600w\" sizes=\"(max-width: 1208px) 100vw, 1208px\" \/><\/p>\n<hr \/>\n<h3>SON A\u00c7IKLAMA EMEL M\u00dcFT\u00dcO\u011eLUN\u2019DAN GELM\u0130\u015eT\u0130!<\/h3>\n<p>Emel M\u00fcft\u00fco\u011flu, ge\u00e7ti\u011fimiz y\u0131l Sezen Aksu\u2019nun neden sahneleri b\u0131rakt\u0131\u011f\u0131na dair bir a\u00e7\u0131klama yapm\u0131\u015ft\u0131. M\u00fcft\u00fco\u011flu a\u00e7\u0131klamas\u0131nda: \u201cHer sahneye \u00e7\u0131k\u0131\u015f\u0131nda \u00e7ok heyecanlan\u0131p strese giriyordu. E\u011fer b\u0131rakmasayd\u0131, sa\u011fl\u0131\u011f\u0131 olumsuz etkilenecekti.\u201d ifadelerini kullanm\u0131\u015ft\u0131.<\/p>\n","protected":false},"excerpt":{"rendered":"<p>T\u00fcrk pop m\u00fczi\u011fin unutulmaz isimlerinden Sezen Aksu, 5 y\u0131l aran\u0131n ard\u0131ndan yeni bir alb\u00fcm i\u00e7in st\u00fcdyoya girdi. \u0130\u015fte ayr\u0131nt\u0131lar\u2026 <\/p>\n","protected":false},"author":26,"featured_media":131518,"comment_status":"closed","ping_status":"closed","sticky":false,"template":"","format":"standard","meta":{"rank_math_lock_modified_date":false,"footnotes":""},"categories":[76],"tags":[4326,3063,10429],"class_list":["post-131508","post","type-post","status-publish","format-standard","has-post-thumbnail","hentry","category-magazin","tag-ferdi-tayfur","tag-sezen-aksu","tag-yeni-album"],"_links":{"self":[{"href":"https:\/\/www.tgrthaber.com\/mavikadin\/wp-json\/wp\/v2\/posts\/131508"}],"collection":[{"href":"https:\/\/www.tgrthaber.com\/mavikadin\/wp-json\/wp\/v2\/posts"}],"about":[{"href":"https:\/\/www.tgrthaber.com\/mavikadin\/wp-json\/wp\/v2\/types\/post"}],"author":[{"embeddable":true,"href":"https:\/\/www.tgrthaber.com\/mavikadin\/wp-json\/wp\/v2\/users\/26"}],"replies":[{"embeddable":true,"href":"https:\/\/www.tgrthaber.com\/mavikadin\/wp-json\/wp\/v2\/comments?post=131508"}],"version-history":[{"count":6,"href":"https:\/\/www.tgrthaber.com\/mavikadin\/wp-json\/wp\/v2\/posts\/131508\/revisions"}],"predecessor-version":[{"id":131623,"href":"https:\/\/www.tgrthaber.com\/mavikadin\/wp-json\/wp\/v2\/posts\/131508\/revisions\/131623"}],"wp:featuredmedia":[{"embeddable":true,"href":"https:\/\/www.tgrthaber.com\/mavikadin\/wp-json\/wp\/v2\/media\/131518"}],"wp:attachment":[{"href":"https:\/\/www.tgrthaber.com\/mavikadin\/wp-json\/wp\/v2\/media?parent=131508"}],"wp:term":[{"taxonomy":"category","embeddable":true,"href":"https:\/\/www.tgrthaber.com\/mavikadin\/wp-json\/wp\/v2\/categories?post=131508"},{"taxonomy":"post_tag","embeddable":true,"href":"https:\/\/www.tgrthaber.com\/mavikadin\/wp-json\/wp\/v2\/tags?post=131508"}],"curies":[{"name":"wp","href":"https:\/\/api.w.org\/{rel}","templated":true}]}}