{"id":131607,"date":"2025-02-10T12:33:22","date_gmt":"2025-02-10T09:33:22","guid":{"rendered":"https:\/\/www.tgrthaber.com\/mavikadin\/?p=131607"},"modified":"2025-02-10T12:33:23","modified_gmt":"2025-02-10T09:33:23","slug":"meryem-uzerli-sakir-pasa-ailesini-karistirmaya-geldi","status":"publish","type":"post","link":"https:\/\/www.tgrthaber.com\/mavikadin\/meryem-uzerli-sakir-pasa-ailesini-karistirmaya-geldi\/","title":{"rendered":"Meryem Uzerli \u015eakir Pa\u015fa ailesini kar\u0131\u015ft\u0131rmaya geldi"},"content":{"rendered":"<p>Ba\u015far\u0131l\u0131 oyuncu Meryem Uzerli, uzun bir aradan sonra T\u00fcrkiye\u2019ye d\u00f6nerek b\u00fcy\u00fck bir projeye imza att\u0131. Tarihin en s\u0131ra d\u0131\u015f\u0131 ailelerinden birini konu alan \u015eakir Pa\u015fa Ailesi dizisine kat\u0131lan Uzerli, oynad\u0131\u011f\u0131 karakterle izleyiciyi heyecanland\u0131rmaya haz\u0131rlan\u0131yor.<\/p>\n<hr \/>\n<p>NOW TV ekranlar\u0131n\u0131n sevilen dizilerinden biri olma yolunda ilerleyen \u015eakir Pa\u015fa Ailesi dizisi son b\u00f6l\u00fcm\u00fcyle 9 \u015eubat ak\u015fam\u0131 ekranlara geldi. B\u00f6l\u00fcm\u00fc izleyen seyirciler dizinin her dakikas\u0131n\u0131 heyecanla izlediler. Son b\u00f6l\u00fcm\u00fcnde skandallara imza atan dizi,\u00a0 \u015eakir Pa\u015fa ve gelini aras\u0131nda ya\u015fanan \u00e7ekimin giderek artmas\u0131 nedeniyle izleyenler b\u00f6l\u00fcmde \u00e7ok \u015fa\u015f\u0131rd\u0131lar.<\/p>\n<p><img loading=\"lazy\" decoding=\"async\" class=\"alignnone wp-image-131608\" src=\"https:\/\/www.tgrthaber.com\/mavikadin\/wp-content\/uploads\/meryem-uzerli-1-1024x576.jpg\" alt=\"meryem-uzerli \" width=\"1208\" height=\"680\" title=\"\" srcset=\"https:\/\/www.tgrthaber.com\/mavikadin\/wp-content\/uploads\/meryem-uzerli-1-1024x576.jpg 1024w, https:\/\/www.tgrthaber.com\/mavikadin\/wp-content\/uploads\/meryem-uzerli-1-300x169.jpg 300w, https:\/\/www.tgrthaber.com\/mavikadin\/wp-content\/uploads\/meryem-uzerli-1-768x432.jpg 768w, https:\/\/www.tgrthaber.com\/mavikadin\/wp-content\/uploads\/meryem-uzerli-1-1536x864.jpg 1536w, https:\/\/www.tgrthaber.com\/mavikadin\/wp-content\/uploads\/meryem-uzerli-1.jpg 1600w\" sizes=\"(max-width: 1208px) 100vw, 1208px\" \/><\/p>\n<hr \/>\n<h3><strong>UZERL\u0130 SAYES\u0130NDE D\u0130Z\u0130YE B\u00dcY\u00dcK \u0130LG\u0130 <\/strong><\/h3>\n<p>Muhte\u015fem Y\u00fczy\u0131l dizisindeki H\u00fcrrem Sultan rol\u00fcyle milyonlar\u0131 ekran ba\u015f\u0131na kilitleyen Uzerli, \u015eakir Pa\u015fa Ailesi dizisinde de iddial\u0131 bir rolle geldi. Onun geli\u015fiyle birlikte ge\u00e7mi\u015fin s\u0131rlar\u0131 ortaya d\u00f6k\u00fcl\u00fcrken, aile i\u00e7indeki dengeler de alt\u00fcst olacak. Meryem Uzerli\u2019nin kadroya kat\u0131lmas\u0131yla \u015eakir Pa\u015fa Ailesi dizisine olan ilgi daha da artt\u0131. Osmanl\u0131\u2019n\u0131n son d\u00f6nemine ve Cumhuriyet\u2019in ilk y\u0131llar\u0131na \u0131\u015f\u0131k tutan \u015eakir Pa\u015fa Ailesi, g\u00fc\u00e7l\u00fc oyuncu kadrosu ve \u00e7arp\u0131c\u0131 hik\u00e2yesiyle \u015fimdiden y\u0131l\u0131n en \u00e7ok konu\u015fulan dizileri aras\u0131nda yerini ald\u0131.<\/p>\n<p><img loading=\"lazy\" decoding=\"async\" class=\"wp-image-131612\" src=\"https:\/\/www.tgrthaber.com\/mavikadin\/wp-content\/uploads\/meryem-uzerli-4-1024x576.jpg\" alt=\"meryem-uzerli\" width=\"1208\" height=\"680\" title=\"\" srcset=\"https:\/\/www.tgrthaber.com\/mavikadin\/wp-content\/uploads\/meryem-uzerli-4-1024x576.jpg 1024w, https:\/\/www.tgrthaber.com\/mavikadin\/wp-content\/uploads\/meryem-uzerli-4-300x169.jpg 300w, https:\/\/www.tgrthaber.com\/mavikadin\/wp-content\/uploads\/meryem-uzerli-4-768x432.jpg 768w, https:\/\/www.tgrthaber.com\/mavikadin\/wp-content\/uploads\/meryem-uzerli-4-1536x864.jpg 1536w, https:\/\/www.tgrthaber.com\/mavikadin\/wp-content\/uploads\/meryem-uzerli-4.jpg 1600w\" sizes=\"(max-width: 1208px) 100vw, 1208px\" \/><\/p>\n<hr \/>\n<p>Son b\u00f6l\u00fcm\u00fcn ard\u0131ndan yay\u0131nlanan fragman seyircileri bir hayli heyecanland\u0131rd\u0131. S\u00fcmb\u00fcl, elindeki g\u00fc\u00e7l\u00fc bilgiyle Aniesi\u2019yi zor bir durumda b\u0131rakmak i\u00e7in planlar yaparken, k\u00f6\u015fkte beklenmedik bir geli\u015fme ya\u015fand\u0131. Gizemli bir karakter olan Rozalin\u2019in geli\u015fiyle t\u00fcm dengeler de\u011fi\u015fmeye ba\u015fl\u0131yor. Peki, Rozalin\u2019in geli\u015fi kimin i\u00e7in iyi olurken kimin i\u00e7in k\u00f6t\u00fc olacak? Aile i\u00e7indeki skandallar derinle\u015firken, yeni s\u0131rlar ortaya \u00e7\u0131kacak m\u0131? Yeni b\u00f6l\u00fcmde izleyici bu sorular\u0131n cevab\u0131n\u0131 bulabilecek.<\/p>\n","protected":false},"excerpt":{"rendered":"<p>Ba\u015far\u0131l\u0131 oyuncu Meryem Uzerli, uzun bir aradan sonra T\u00fcrkiye\u2019ye d\u00f6nerek b\u00fcy\u00fck bir projeye imza att\u0131. Tarihin en s\u0131ra d\u0131\u015f\u0131 ailelerinden birini konu alan \u015eakir Pa\u015fa Ailesi dizisine kat\u0131lan Uzerli, oynad\u0131\u011f\u0131 karakterle izleyiciyi heyecanland\u0131rmaya haz\u0131rlan\u0131yor.<\/p>\n","protected":false},"author":34,"featured_media":131609,"comment_status":"closed","ping_status":"closed","sticky":false,"template":"","format":"standard","meta":{"rank_math_lock_modified_date":false,"footnotes":""},"categories":[602],"tags":[2323,4510,5365],"class_list":["post-131607","post","type-post","status-publish","format-standard","has-post-thumbnail","hentry","category-diziler","tag-meryem-uzerli","tag-sakir-pasa","tag-sakir-pasa-ailesi-dizisi"],"_links":{"self":[{"href":"https:\/\/www.tgrthaber.com\/mavikadin\/wp-json\/wp\/v2\/posts\/131607"}],"collection":[{"href":"https:\/\/www.tgrthaber.com\/mavikadin\/wp-json\/wp\/v2\/posts"}],"about":[{"href":"https:\/\/www.tgrthaber.com\/mavikadin\/wp-json\/wp\/v2\/types\/post"}],"author":[{"embeddable":true,"href":"https:\/\/www.tgrthaber.com\/mavikadin\/wp-json\/wp\/v2\/users\/34"}],"replies":[{"embeddable":true,"href":"https:\/\/www.tgrthaber.com\/mavikadin\/wp-json\/wp\/v2\/comments?post=131607"}],"version-history":[{"count":2,"href":"https:\/\/www.tgrthaber.com\/mavikadin\/wp-json\/wp\/v2\/posts\/131607\/revisions"}],"predecessor-version":[{"id":131615,"href":"https:\/\/www.tgrthaber.com\/mavikadin\/wp-json\/wp\/v2\/posts\/131607\/revisions\/131615"}],"wp:featuredmedia":[{"embeddable":true,"href":"https:\/\/www.tgrthaber.com\/mavikadin\/wp-json\/wp\/v2\/media\/131609"}],"wp:attachment":[{"href":"https:\/\/www.tgrthaber.com\/mavikadin\/wp-json\/wp\/v2\/media?parent=131607"}],"wp:term":[{"taxonomy":"category","embeddable":true,"href":"https:\/\/www.tgrthaber.com\/mavikadin\/wp-json\/wp\/v2\/categories?post=131607"},{"taxonomy":"post_tag","embeddable":true,"href":"https:\/\/www.tgrthaber.com\/mavikadin\/wp-json\/wp\/v2\/tags?post=131607"}],"curies":[{"name":"wp","href":"https:\/\/api.w.org\/{rel}","templated":true}]}}