{"id":131641,"date":"2025-02-10T14:04:28","date_gmt":"2025-02-10T11:04:28","guid":{"rendered":"https:\/\/www.tgrthaber.com\/mavikadin\/?p=131641"},"modified":"2025-02-10T14:04:28","modified_gmt":"2025-02-10T11:04:28","slug":"o-ses-turkiye-jurisi-melike-sahin-eski-hali-estetik-var-mi","status":"publish","type":"post","link":"https:\/\/www.tgrthaber.com\/mavikadin\/o-ses-turkiye-jurisi-melike-sahin-eski-hali-estetik-var-mi\/","title":{"rendered":"O Ses T\u00fcrkiye j\u00fcrisi Melike \u015eahin eski hali! Estetik var m\u0131?"},"content":{"rendered":"<p>O Ses T\u00fcrkiye j\u00fcrisi Melike \u015eahin \u015fark\u0131lar\u0131yla oldu\u011fu kadar \u00f6zel hayat\u0131yla da dikkat \u00e7ekiyor. O Ses T\u00fcrkiye j\u00fcrisi \u015eahin\u2019in estetik yap\u0131p yapt\u0131rmad\u0131\u011f\u0131 merak konusu oldu.<\/p>\n<h3>O SES T\u00dcRK\u0130YE J\u00dcR\u0130S\u0130 MEL\u0130KE \u015eAH\u0130N D\u0130KKAT \u00c7EKT\u0130<\/h3>\n<p>Y\u00fcz\u00fcnde ya da v\u00fccudunun herhangi bir yerinde estetik olup olmad\u0131\u011f\u0131 ara\u015ft\u0131r\u0131lan \u00fcnl\u00fc \u015fark\u0131c\u0131 Melike \u015eahin yar\u0131\u015fmadaki tarz\u0131yla da be\u011feni toplad\u0131. Bordo rengi k\u0131yafetiyle dikkat \u00e7eken \u00fcnl\u00fc ismin eski hali ara\u015ft\u0131r\u0131lmaya ba\u015fland\u0131.<\/p>\n<p><img loading=\"lazy\" decoding=\"async\" class=\"alignnone wp-image-131643\" src=\"https:\/\/www.tgrthaber.com\/mavikadin\/wp-content\/uploads\/Melike-Sahin-1-2.jpg\" alt=\"\" width=\"1208\" height=\"680\" title=\"\" srcset=\"https:\/\/www.tgrthaber.com\/mavikadin\/wp-content\/uploads\/Melike-Sahin-1-2.jpg 1600w, https:\/\/www.tgrthaber.com\/mavikadin\/wp-content\/uploads\/Melike-Sahin-1-2-300x169.jpg 300w, https:\/\/www.tgrthaber.com\/mavikadin\/wp-content\/uploads\/Melike-Sahin-1-2-1024x576.jpg 1024w, https:\/\/www.tgrthaber.com\/mavikadin\/wp-content\/uploads\/Melike-Sahin-1-2-768x432.jpg 768w, https:\/\/www.tgrthaber.com\/mavikadin\/wp-content\/uploads\/Melike-Sahin-1-2-1536x864.jpg 1536w\" sizes=\"(max-width: 1208px) 100vw, 1208px\" \/><\/p>\n<hr \/>\n<h3>MEL\u0130KE \u015eAH\u0130N\u2019\u0130N ESTET\u0130\u011e\u0130 VAR MI?<\/h3>\n<p>Melike \u015eahin\u2019in herhangi bir yerinde esteti\u011fi olup olmad\u0131\u011f\u0131 bilinmiyor. Ancak y\u00fcz\u00fcnde bariz bir estetik g\u00f6r\u00fcnmedi\u011fini s\u00f6yleyebiliriz.<\/p>\n<h3>MEL\u0130KE \u015eAH\u0130N K\u0130MD\u0130R?<\/h3>\n<p>Bo\u011fazi\u00e7i \u00dcniversitesi&#8217;nde sosyoloji b\u00f6l\u00fcm\u00fc okuyan Melike \u015eahin m\u00fczik kariyerine M\u00fczik Kul\u00fcb\u00fc Klasik M\u00fczik Korosu ile ad\u0131m att\u0131.<\/p>\n<p><img loading=\"lazy\" decoding=\"async\" class=\"alignnone wp-image-131645\" src=\"https:\/\/www.tgrthaber.com\/mavikadin\/wp-content\/uploads\/Melike-Sahin-4-1.jpg\" alt=\"\" width=\"1208\" height=\"680\" title=\"\" srcset=\"https:\/\/www.tgrthaber.com\/mavikadin\/wp-content\/uploads\/Melike-Sahin-4-1.jpg 1600w, https:\/\/www.tgrthaber.com\/mavikadin\/wp-content\/uploads\/Melike-Sahin-4-1-300x169.jpg 300w, https:\/\/www.tgrthaber.com\/mavikadin\/wp-content\/uploads\/Melike-Sahin-4-1-1024x576.jpg 1024w, https:\/\/www.tgrthaber.com\/mavikadin\/wp-content\/uploads\/Melike-Sahin-4-1-768x432.jpg 768w, https:\/\/www.tgrthaber.com\/mavikadin\/wp-content\/uploads\/Melike-Sahin-4-1-1536x864.jpg 1536w\" sizes=\"(max-width: 1208px) 100vw, 1208px\" \/><\/p>\n<hr \/>\n<p>Baba Zula grubuna 2011 y\u0131l\u0131nda dahil olan \u015eahin, kariyerine tek ba\u015f\u0131na devam etme karar\u0131 ald\u0131. \u015eahin\u2019in en \u00f6nemli \u00e7\u0131k\u0131\u015f\u0131 ise &#8216;Tutu\u015fmu\u015f Beraber&#8217; isimli \u015fark\u0131yla oldu.<\/p>\n<p>Daha sonra konser ser\u00fcvenine ba\u015flayan Melike \u015eahin, Hakan Ta\u015f\u0131yan, Ah Kosmos, Cihan M\u00fcrtezao\u011flu ve Mabel Matiz gibi sevilen sanat\u00e7\u0131larla i\u015f birli\u011fi yapt\u0131.<\/p>\n<p><img loading=\"lazy\" decoding=\"async\" class=\"alignnone wp-image-131644\" src=\"https:\/\/www.tgrthaber.com\/mavikadin\/wp-content\/uploads\/Melike-Sahin-3-1.jpg\" alt=\"\" width=\"1208\" height=\"680\" title=\"\" srcset=\"https:\/\/www.tgrthaber.com\/mavikadin\/wp-content\/uploads\/Melike-Sahin-3-1.jpg 1600w, https:\/\/www.tgrthaber.com\/mavikadin\/wp-content\/uploads\/Melike-Sahin-3-1-300x169.jpg 300w, https:\/\/www.tgrthaber.com\/mavikadin\/wp-content\/uploads\/Melike-Sahin-3-1-1024x576.jpg 1024w, https:\/\/www.tgrthaber.com\/mavikadin\/wp-content\/uploads\/Melike-Sahin-3-1-768x432.jpg 768w, https:\/\/www.tgrthaber.com\/mavikadin\/wp-content\/uploads\/Melike-Sahin-3-1-1536x864.jpg 1536w\" sizes=\"(max-width: 1208px) 100vw, 1208px\" \/><\/p>\n<hr \/>\n<p>\u0130srailli m\u00fczisyen Kutiman ve sevilen rock grubu Boom Pam ile yapt\u0131\u011f\u0131 \u015fark\u0131lar\u0131 da dikkat \u00e7eken \u015eahin, y\u0131llar sonra ekranlara TV8\u2019in sevilen yar\u0131\u015fmalar\u0131ndan O Ses T\u00fcrkiye program\u0131nda j\u00fcri \u00fcyesi olarak geri d\u00f6nd\u00fc.<\/p>\n<p>Melike \u015eahin, 18 Nisan 1989, \u0130stanbul\u2019da d\u00fcnyaya geldi. Aslen Sivas, Divri\u011fili olan \u00fcnl\u00fc isim k\u00fc\u00e7\u00fckl\u00fckten beri m\u00fczi\u011fe b\u00fcy\u00fck ilgi duydu\u011funu belirtiyor.<\/p>\n<p>\u00dcnl\u00fc \u015fark\u0131c\u0131 \u015eahin, Be\u015fikta\u015f Atat\u00fcrk Anadolu Lisesi&#8217;nde okudu\u011fu zaman \u00c7a\u011fda\u015f M\u00fczik Merkezi&#8217;nde Timur Sel\u00e7uk\u2019tan \u015fan dersleri ald\u0131. Ocak 2021&#8217;de yay\u0131mlanan &#8220;Uykumun Boynunu B\u00fckme\u201d \u015fark\u0131s\u0131 \u00e7ok sevildi.<\/p>\n","protected":false},"excerpt":{"rendered":"<p>O Ses T\u00fcrkiye j\u00fcri \u00fcyesi Melike \u015eahin eski haliyle g\u00fcndem oldu. Program\u0131n ilk g\u00fcn\u00fc bordo rengi k\u0131yafetiyle be\u011feni toplayan \u00fcnl\u00fc \u015fark\u0131c\u0131n\u0131n estetik yap\u0131p yapt\u0131rmad\u0131\u011f\u0131 ara\u015ft\u0131r\u0131lmaya ba\u015fland\u0131.<\/p>\n","protected":false},"author":5,"featured_media":131642,"comment_status":"closed","ping_status":"closed","sticky":false,"template":"","format":"standard","meta":{"rank_math_lock_modified_date":false,"footnotes":""},"categories":[76],"tags":[4301,7667],"class_list":["post-131641","post","type-post","status-publish","format-standard","has-post-thumbnail","hentry","category-magazin","tag-melike-sahin","tag-o-ses-turkiye-melike-sahin"],"_links":{"self":[{"href":"https:\/\/www.tgrthaber.com\/mavikadin\/wp-json\/wp\/v2\/posts\/131641"}],"collection":[{"href":"https:\/\/www.tgrthaber.com\/mavikadin\/wp-json\/wp\/v2\/posts"}],"about":[{"href":"https:\/\/www.tgrthaber.com\/mavikadin\/wp-json\/wp\/v2\/types\/post"}],"author":[{"embeddable":true,"href":"https:\/\/www.tgrthaber.com\/mavikadin\/wp-json\/wp\/v2\/users\/5"}],"replies":[{"embeddable":true,"href":"https:\/\/www.tgrthaber.com\/mavikadin\/wp-json\/wp\/v2\/comments?post=131641"}],"version-history":[{"count":2,"href":"https:\/\/www.tgrthaber.com\/mavikadin\/wp-json\/wp\/v2\/posts\/131641\/revisions"}],"predecessor-version":[{"id":131648,"href":"https:\/\/www.tgrthaber.com\/mavikadin\/wp-json\/wp\/v2\/posts\/131641\/revisions\/131648"}],"wp:featuredmedia":[{"embeddable":true,"href":"https:\/\/www.tgrthaber.com\/mavikadin\/wp-json\/wp\/v2\/media\/131642"}],"wp:attachment":[{"href":"https:\/\/www.tgrthaber.com\/mavikadin\/wp-json\/wp\/v2\/media?parent=131641"}],"wp:term":[{"taxonomy":"category","embeddable":true,"href":"https:\/\/www.tgrthaber.com\/mavikadin\/wp-json\/wp\/v2\/categories?post=131641"},{"taxonomy":"post_tag","embeddable":true,"href":"https:\/\/www.tgrthaber.com\/mavikadin\/wp-json\/wp\/v2\/tags?post=131641"}],"curies":[{"name":"wp","href":"https:\/\/api.w.org\/{rel}","templated":true}]}}