{"id":131646,"date":"2025-02-10T14:28:39","date_gmt":"2025-02-10T11:28:39","guid":{"rendered":"https:\/\/www.tgrthaber.com\/mavikadin\/?p=131646"},"modified":"2025-02-10T16:59:30","modified_gmt":"2025-02-10T13:59:30","slug":"italyan-sef-andrea-minguzzi-kimdir-kac-yasinda","status":"publish","type":"post","link":"https:\/\/www.tgrthaber.com\/mavikadin\/italyan-sef-andrea-minguzzi-kimdir-kac-yasinda\/","title":{"rendered":"\u0130stanbul&#8217;un \u00fcnl\u00fc \u0130talyan \u015fefi: Andrea Minguzzi kimdir, ka\u00e7 ya\u015f\u0131nda?"},"content":{"rendered":"<p>\u0130stanbul&#8217;un \u00fcnl\u00fc olan \u0130talyan restoran\u0131nda \u015fef olarak \u00e7al\u0131\u015fan Andrea Minguzzi, gastronomi d\u00fcnyas\u0131n\u0131n da tan\u0131nan isimlerinden biridir. Uzun y\u0131llard\u0131r T\u00fcrkiye&#8217;de ya\u015fayan Minguzzi, mutfak sanat\u0131ndaki ustal\u0131\u011f\u0131yla dikkatleri \u00fczerine \u00e7ekmektedir. \u0130stanbul&#8217;da d\u00fczenlenen gastronomi etkinliklerinde de kendi lezzetlerini sunmu\u015ftur.<\/p>\n<h3>ANDREA M\u0130NGUZZ\u0130 K\u0130MD\u0130R?<\/h3>\n<p>Uzun y\u0131llard\u0131r T\u00fcrkiye&#8217;de ya\u015fayan Andrea Minguzzi \u0130talyan mutfa\u011f\u0131n\u0131n \u00f6nemli temsilcilerinden biri olarak biliniyor. \u0130stanbul&#8217;da faaliyette bulunan se\u00e7kin bir italyan restoran\u0131nda \u015fef olarak \u00e7al\u0131\u015fan Minguzzi, d\u00fczenlenen gastronomi etkinliklerinde de kendi lezzetleri ve mutfa\u011f\u0131ndaki sanat\u0131yla boy g\u00f6stermektedir.<\/p>\n<p><img loading=\"lazy\" decoding=\"async\" class=\"alignnone wp-image-131652\" src=\"https:\/\/www.tgrthaber.com\/mavikadin\/wp-content\/uploads\/2-100.png\" alt=\"\" width=\"1208\" height=\"680\" title=\"\" srcset=\"https:\/\/www.tgrthaber.com\/mavikadin\/wp-content\/uploads\/2-100.png 1280w, https:\/\/www.tgrthaber.com\/mavikadin\/wp-content\/uploads\/2-100-300x169.png 300w, https:\/\/www.tgrthaber.com\/mavikadin\/wp-content\/uploads\/2-100-1024x576.png 1024w, https:\/\/www.tgrthaber.com\/mavikadin\/wp-content\/uploads\/2-100-768x432.png 768w\" sizes=\"(max-width: 1208px) 100vw, 1208px\" \/><\/p>\n<hr \/>\n<h3>ANDREA M\u0130NGUZZ\u0130 KA\u00c7 YA\u015eINDA?<\/h3>\n<p>Andrea Minguzzi, \u00fcnl\u00fc \u00e7ellist Yasemin Ak\u0131n\u0131lar ile evlidir ve \u00e7ift \u0130stanbul&#8217;da ya\u015famaktad\u0131r. Aile ya\u015fant\u0131s\u0131n\u0131 g\u00f6zlerden uzaklarda ya\u015famay\u0131 tercih eden Minguzzi&#8217;nin ya\u015f\u0131 ve ki\u015fisel hayat\u0131na dair detayl\u0131 bilgiler bilinmemektedir.<\/p>\n<p><img loading=\"lazy\" decoding=\"async\" class=\"alignnone wp-image-131655\" src=\"https:\/\/www.tgrthaber.com\/mavikadin\/wp-content\/uploads\/5-50.png\" alt=\"\" width=\"1208\" height=\"680\" title=\"\" srcset=\"https:\/\/www.tgrthaber.com\/mavikadin\/wp-content\/uploads\/5-50.png 1280w, https:\/\/www.tgrthaber.com\/mavikadin\/wp-content\/uploads\/5-50-300x169.png 300w, https:\/\/www.tgrthaber.com\/mavikadin\/wp-content\/uploads\/5-50-1024x576.png 1024w, https:\/\/www.tgrthaber.com\/mavikadin\/wp-content\/uploads\/5-50-768x432.png 768w\" sizes=\"(max-width: 1208px) 100vw, 1208px\" \/><\/p>\n<hr \/>\n<h3>\u0130TALYAN \u015eEF ANDREA M\u0130NGUZZ\u0130&#8217;N\u0130N O\u011eLU HAYATINI KAYBETT\u0130<\/h3>\n<p>\u0130stanbul&#8217;da faaliyet g\u00f6steren \u00fcnl\u00fc bir \u0130talyan restoran\u0131n\u0131n \u015fefi olan Andre Minguzzi&#8217;nin o\u011flu Mattia Ahmet Minguzzi, Kad\u0131k\u00f6y&#8217;de u\u011frad\u0131\u011f\u0131 b\u0131\u00e7akl\u0131 sald\u0131r\u0131 sonras\u0131 hayat\u0131n\u0131 kaybetti.<\/p>\n<p><img loading=\"lazy\" decoding=\"async\" class=\"alignnone wp-image-131654\" src=\"https:\/\/www.tgrthaber.com\/mavikadin\/wp-content\/uploads\/4-78.png\" alt=\"\" width=\"1208\" height=\"680\" title=\"\" srcset=\"https:\/\/www.tgrthaber.com\/mavikadin\/wp-content\/uploads\/4-78.png 1280w, https:\/\/www.tgrthaber.com\/mavikadin\/wp-content\/uploads\/4-78-300x169.png 300w, https:\/\/www.tgrthaber.com\/mavikadin\/wp-content\/uploads\/4-78-1024x576.png 1024w, https:\/\/www.tgrthaber.com\/mavikadin\/wp-content\/uploads\/4-78-768x432.png 768w\" sizes=\"(max-width: 1208px) 100vw, 1208px\" \/><\/p>\n<hr \/>\n<p>24 Ocak 2024 tarihinde Kad\u0131k\u00f6y&#8217;\u00fcn bir bir pazar\u0131nda ger\u00e7ekle\u015fen olayda, 15 ya\u015f\u0131ndaki Mattia Ahmet Minguzzi b\u0131\u00e7akl\u0131 sald\u0131r\u0131ya u\u011frad\u0131. Sald\u0131r\u0131 sonras\u0131 a\u011f\u0131r yaralanan gen\u00e7 yo\u011fun bak\u0131ma al\u0131nd\u0131. Kald\u0131r\u0131ld\u0131\u011f\u0131 hastanede, doktorlar\u0131n t\u00fcm m\u00fcdahalelerine ra\u011fmen hayata tutunamad\u0131.<\/p>\n","protected":false},"excerpt":{"rendered":"<p>\u0130stanbul&#8217;da bulunun \u00fcnl\u00fc bir \u0130talyan \u015fefi olan Andrea Minguzzi&#8217;nin 15 ya\u015f\u0131ndaki o\u011flunun hayat\u0131n\u0131 kaybetmesinin ard\u0131ndan kim oldu\u011fu merak ediliyor. Mutfa\u011f\u0131ndaki sanat\u0131yla tan\u0131nan Minguzzi, \u0130talya&#8217;n\u0131n lezzetlerini gastronomi etkinliklerinde de sergilemi\u015ftir. \u0130\u015fte Andrea Minguzzi hakk\u0131nda merak edilenler&#8230;<\/p>\n","protected":false},"author":28,"featured_media":131651,"comment_status":"closed","ping_status":"closed","sticky":false,"template":"","format":"standard","meta":{"rank_math_lock_modified_date":false,"footnotes":""},"categories":[491],"tags":[10454,10456,10455],"class_list":["post-131646","post","type-post","status-publish","format-standard","has-post-thumbnail","hentry","category-biyografi","tag-andrea-minguzzi","tag-italyan-sef","tag-mattia-ahmet-minguzzi"],"_links":{"self":[{"href":"https:\/\/www.tgrthaber.com\/mavikadin\/wp-json\/wp\/v2\/posts\/131646"}],"collection":[{"href":"https:\/\/www.tgrthaber.com\/mavikadin\/wp-json\/wp\/v2\/posts"}],"about":[{"href":"https:\/\/www.tgrthaber.com\/mavikadin\/wp-json\/wp\/v2\/types\/post"}],"author":[{"embeddable":true,"href":"https:\/\/www.tgrthaber.com\/mavikadin\/wp-json\/wp\/v2\/users\/28"}],"replies":[{"embeddable":true,"href":"https:\/\/www.tgrthaber.com\/mavikadin\/wp-json\/wp\/v2\/comments?post=131646"}],"version-history":[{"count":5,"href":"https:\/\/www.tgrthaber.com\/mavikadin\/wp-json\/wp\/v2\/posts\/131646\/revisions"}],"predecessor-version":[{"id":131760,"href":"https:\/\/www.tgrthaber.com\/mavikadin\/wp-json\/wp\/v2\/posts\/131646\/revisions\/131760"}],"wp:featuredmedia":[{"embeddable":true,"href":"https:\/\/www.tgrthaber.com\/mavikadin\/wp-json\/wp\/v2\/media\/131651"}],"wp:attachment":[{"href":"https:\/\/www.tgrthaber.com\/mavikadin\/wp-json\/wp\/v2\/media?parent=131646"}],"wp:term":[{"taxonomy":"category","embeddable":true,"href":"https:\/\/www.tgrthaber.com\/mavikadin\/wp-json\/wp\/v2\/categories?post=131646"},{"taxonomy":"post_tag","embeddable":true,"href":"https:\/\/www.tgrthaber.com\/mavikadin\/wp-json\/wp\/v2\/tags?post=131646"}],"curies":[{"name":"wp","href":"https:\/\/api.w.org\/{rel}","templated":true}]}}