{"id":131698,"date":"2025-02-10T15:46:14","date_gmt":"2025-02-10T12:46:14","guid":{"rendered":"https:\/\/www.tgrthaber.com\/mavikadin\/?p=131698"},"modified":"2025-02-10T18:16:58","modified_gmt":"2025-02-10T15:16:58","slug":"super-bowlda-kendrick-lamar-ile-birlikte-kim-sahne-aldi","status":"publish","type":"post","link":"https:\/\/www.tgrthaber.com\/mavikadin\/super-bowlda-kendrick-lamar-ile-birlikte-kim-sahne-aldi\/","title":{"rendered":"Super Bowl&#8217;da Kendrick Lamar ile birlikte kim sahne ald\u0131?"},"content":{"rendered":"<p>Amerikan futbolunun en b\u00fcy\u00fck gecesi olan Super Bowl LIX, 9 \u015eubat 2025&#8217;te New Orleans da ger\u00e7ekle\u015fti. Her sene b\u00fcy\u00fck g\u00f6sterilerle ge\u00e7en Super Bowl i\u00e7in d\u00fcnyaca \u00fcnl\u00fc sanat\u00e7\u0131lar sahne almaktad\u0131r. Y\u0131l\u0131n en \u00e7ok beklenen etkinliklerinden olan bu gecenin devre aras\u0131 g\u00f6sterisinde, bu y\u0131l hip-hop d\u00fcnyas\u0131n\u0131n en b\u00fcy\u00fck isimlerinden olan Kendrick Lamar sahne ald\u0131. \u0130\u015fte geceye dair merak edilenler&#8230;<\/p>\n<h3>KENDR\u0130CK LAMAR VE SZA<\/h3>\n<p>Y\u0131l\u0131n merakla beklenen en b\u00fcy\u00fck gecesinin devre aras\u0131nda g\u00f6sterilerinde Kendrick Lamar ve ona e\u015flik eden SZA ald\u0131. Kendrick Lamar, &#8220;Humble&#8221;, &#8220;Alright&#8221; ve &#8220;Luther&#8221; gibi hit \u015fark\u0131lar\u0131n\u0131 seslendirdi. SZA ise geceye, &#8220;All the Stars&#8221; \u015fark\u0131s\u0131yla Kendirck Lamar ile d\u00fcet yaparak e\u015flik etti. \u0130kili, izleyicilere m\u00fczik dolu anlar ya\u015fatt\u0131.<\/p>\n<p><img loading=\"lazy\" decoding=\"async\" class=\"alignnone wp-image-131723\" src=\"https:\/\/www.tgrthaber.com\/mavikadin\/wp-content\/uploads\/5-52.png\" alt=\"\" width=\"1208\" height=\"680\" title=\"\" srcset=\"https:\/\/www.tgrthaber.com\/mavikadin\/wp-content\/uploads\/5-52.png 1280w, https:\/\/www.tgrthaber.com\/mavikadin\/wp-content\/uploads\/5-52-300x169.png 300w, https:\/\/www.tgrthaber.com\/mavikadin\/wp-content\/uploads\/5-52-1024x576.png 1024w, https:\/\/www.tgrthaber.com\/mavikadin\/wp-content\/uploads\/5-52-768x432.png 768w\" sizes=\"(max-width: 1208px) 100vw, 1208px\" \/><\/p>\n<hr \/>\n<p>Sahnenin en b\u00fcy\u00fck s\u00fcrprizlerinden bir di\u011feri ise Samuel L. Jackson oldu. \u00dcnl\u00fc oyuncunun klasiklerinden olan &#8220;Uncle Sam&#8221; kost\u00fcm\u00fcyle sahneye \u00e7\u0131karak g\u00f6steriye farkl\u0131 bir hava katt\u0131.<\/p>\n<p><img loading=\"lazy\" decoding=\"async\" class=\"alignnone wp-image-131719\" src=\"https:\/\/www.tgrthaber.com\/mavikadin\/wp-content\/uploads\/1-97.png\" alt=\"\" width=\"1208\" height=\"680\" title=\"\" srcset=\"https:\/\/www.tgrthaber.com\/mavikadin\/wp-content\/uploads\/1-97.png 1280w, https:\/\/www.tgrthaber.com\/mavikadin\/wp-content\/uploads\/1-97-300x169.png 300w, https:\/\/www.tgrthaber.com\/mavikadin\/wp-content\/uploads\/1-97-1024x576.png 1024w, https:\/\/www.tgrthaber.com\/mavikadin\/wp-content\/uploads\/1-97-768x432.png 768w\" sizes=\"(max-width: 1208px) 100vw, 1208px\" \/><\/p>\n<hr \/>\n<h3>SUPER BOWL&#8217;UN YILDILZAR DOLU GECES\u0130<\/h3>\n<p>Her sene d\u00fczenlenen Super Bowl gecesi, sadece futbol ma\u00e7\u0131ndan ibaret de\u011fil ayn\u0131 zamanda \u00fcnl\u00fc sanat\u00e7\u0131lar\u0131n performanslar\u0131n\u0131 sergiledi\u011fi pop k\u00fclt\u00fcr\u00fcn\u00fcn\u00a0 b\u00fcy\u00fck g\u00f6sterilerinden biridir.<\/p>\n<p><img loading=\"lazy\" decoding=\"async\" class=\"alignnone wp-image-131720\" src=\"https:\/\/www.tgrthaber.com\/mavikadin\/wp-content\/uploads\/2-102.png\" alt=\"\" width=\"1208\" height=\"680\" title=\"\" srcset=\"https:\/\/www.tgrthaber.com\/mavikadin\/wp-content\/uploads\/2-102.png 1280w, https:\/\/www.tgrthaber.com\/mavikadin\/wp-content\/uploads\/2-102-300x169.png 300w, https:\/\/www.tgrthaber.com\/mavikadin\/wp-content\/uploads\/2-102-1024x576.png 1024w, https:\/\/www.tgrthaber.com\/mavikadin\/wp-content\/uploads\/2-102-768x432.png 768w\" sizes=\"(max-width: 1208px) 100vw, 1208px\" \/><\/p>\n<hr \/>\n<p>Ge\u00e7ti\u011fimiz y\u0131llarda, Beyonce, Rihanna ve The Weeknd gibi dev isimlerinde performanslar\u0131n\u0131 sergiledi\u011fi g\u00f6steri, bu y\u0131l da Kendrick Lamar ve s\u00fcrpriz konuklar\u0131yla haf\u0131zalara kaz\u0131nd\u0131.<\/p>\n<p><img loading=\"lazy\" decoding=\"async\" class=\"alignnone wp-image-131721\" src=\"https:\/\/www.tgrthaber.com\/mavikadin\/wp-content\/uploads\/3-106.png\" alt=\"\" width=\"1208\" height=\"680\" title=\"\" srcset=\"https:\/\/www.tgrthaber.com\/mavikadin\/wp-content\/uploads\/3-106.png 1280w, https:\/\/www.tgrthaber.com\/mavikadin\/wp-content\/uploads\/3-106-300x169.png 300w, https:\/\/www.tgrthaber.com\/mavikadin\/wp-content\/uploads\/3-106-1024x576.png 1024w, https:\/\/www.tgrthaber.com\/mavikadin\/wp-content\/uploads\/3-106-768x432.png 768w\" sizes=\"(max-width: 1208px) 100vw, 1208px\" \/><\/p>\n<hr \/>\n<h3>2025 GRAMMY \u00d6D\u00dcLLER\u0130&#8217;NDE KENDR\u0130CK LAMAR R\u00dcZGARI<\/h3>\n<p>Super Bowl performans\u0131ndan k\u0131sa bir s\u00fcre \u00f6nce 2 \u015eubat&#8217;ta ger\u00e7ekle\u015fen bu y\u0131l ki Grammy \u00d6d\u00fclleri&#8217;nde Kendrick Lamar bir \u00e7ok \u00f6d\u00fcl\u00fcn sahibi olmu\u015ftu. &#8220;Not Like Us&#8221; \u015fark\u0131s\u0131yla b\u00fcy\u00fck ba\u015far\u0131 elde eden sanat\u00e7\u0131 bu \u015fark\u0131s\u0131yla, Y\u0131l\u0131n Kayd\u0131 (Record of the Year), Y\u0131l\u0131n \u015eark\u0131s\u0131 (Song of the Year), En \u0130yi Rap Performans\u0131 (Best Rap Performance), En \u0130yi Rap \u015eark\u0131s\u0131 (Best Rap Song) ve En \u0130yi M\u00fczik Videosu (Best Music Video) olmak \u00fczere tam be\u015f ayr\u0131 dalda \u00f6d\u00fcl kazand\u0131. Kendirck Lamar bu ba\u015far\u0131s\u0131yla Grammy tarihindeki en ba\u015far\u0131l\u0131 rap sanat\u00e7\u0131lar\u0131ndan biri konumuna getirdi.<\/p>\n","protected":false},"excerpt":{"rendered":"<p>Her sene d\u00fczenlenen Amerikan futbolu gecesinin etkinli\u011finde bu sene de d\u00fcnyaca \u00fcnl\u00fc sanat\u00e7\u0131lar sahne ald\u0131. Devre aralar\u0131nda yap\u0131lan g\u00f6sterilerle b\u00fcy\u00fck sanat\u00e7\u0131lar\u0131n performanslar\u0131n\u0131 sergiledi\u011fi bu gece, bu senede b\u00fcy\u00fck ses getirdi. Grammy \u00d6d\u00fcl T\u00f6reni&#8217;nde bir\u00e7ok \u00f6d\u00fcl\u00fcn sahibi olan Kendrick Lamar&#8217;da sahne ald\u0131. \u0130\u015fte geceye dair merak edilenler&#8230;<\/p>\n","protected":false},"author":28,"featured_media":131722,"comment_status":"closed","ping_status":"closed","sticky":false,"template":"","format":"standard","meta":{"rank_math_lock_modified_date":false,"footnotes":""},"categories":[76],"tags":[10465,10468,10467],"class_list":["post-131698","post","type-post","status-publish","format-standard","has-post-thumbnail","hentry","category-magazin","tag-kendrick-lamar","tag-super-borl-2025","tag-super-bowl-lix"],"_links":{"self":[{"href":"https:\/\/www.tgrthaber.com\/mavikadin\/wp-json\/wp\/v2\/posts\/131698"}],"collection":[{"href":"https:\/\/www.tgrthaber.com\/mavikadin\/wp-json\/wp\/v2\/posts"}],"about":[{"href":"https:\/\/www.tgrthaber.com\/mavikadin\/wp-json\/wp\/v2\/types\/post"}],"author":[{"embeddable":true,"href":"https:\/\/www.tgrthaber.com\/mavikadin\/wp-json\/wp\/v2\/users\/28"}],"replies":[{"embeddable":true,"href":"https:\/\/www.tgrthaber.com\/mavikadin\/wp-json\/wp\/v2\/comments?post=131698"}],"version-history":[{"count":3,"href":"https:\/\/www.tgrthaber.com\/mavikadin\/wp-json\/wp\/v2\/posts\/131698\/revisions"}],"predecessor-version":[{"id":131792,"href":"https:\/\/www.tgrthaber.com\/mavikadin\/wp-json\/wp\/v2\/posts\/131698\/revisions\/131792"}],"wp:featuredmedia":[{"embeddable":true,"href":"https:\/\/www.tgrthaber.com\/mavikadin\/wp-json\/wp\/v2\/media\/131722"}],"wp:attachment":[{"href":"https:\/\/www.tgrthaber.com\/mavikadin\/wp-json\/wp\/v2\/media?parent=131698"}],"wp:term":[{"taxonomy":"category","embeddable":true,"href":"https:\/\/www.tgrthaber.com\/mavikadin\/wp-json\/wp\/v2\/categories?post=131698"},{"taxonomy":"post_tag","embeddable":true,"href":"https:\/\/www.tgrthaber.com\/mavikadin\/wp-json\/wp\/v2\/tags?post=131698"}],"curies":[{"name":"wp","href":"https:\/\/api.w.org\/{rel}","templated":true}]}}