{"id":131727,"date":"2025-02-10T16:55:21","date_gmt":"2025-02-10T13:55:21","guid":{"rendered":"https:\/\/www.tgrthaber.com\/mavikadin\/?p=131727"},"modified":"2025-02-10T16:55:21","modified_gmt":"2025-02-10T13:55:21","slug":"mylan-ismi-ne-anlama-gelir-hangi-unlu-cift-bebeklerine-bu-ismi-verdi","status":"publish","type":"post","link":"https:\/\/www.tgrthaber.com\/mavikadin\/mylan-ismi-ne-anlama-gelir-hangi-unlu-cift-bebeklerine-bu-ismi-verdi\/","title":{"rendered":"Mylan ismi ne anlama gelir? Hangi \u00fcnl\u00fc \u00e7ift bebeklerine bu ismi verdi"},"content":{"rendered":"<p>Son y\u0131llarda ebeveynler yeni do\u011fmu\u015f \u00e7ocuklar\u0131na al\u0131\u015f\u0131k olunmayan isimler veriyorlar. Hal b\u00f6yleyken de \u00e7ocuk adlar\u0131nda yeni isimler ortaya \u00e7\u0131k\u0131yor. Son y\u0131llarda pop\u00fclerle\u015fen isimlerden biri olan Mylan, hem anlam\u0131 hem de k\u00f6keni a\u00e7\u0131s\u0131ndan merak konusu oldu. Peki, Mylan ismi ne anlama geliyor ve hangi k\u00fclt\u00fcrlerden geliyor? Merak edilen detaylar haberimizde\u2026<\/p>\n<hr \/>\n<h3><strong>MYLAN \u0130SM\u0130 NE ANLAMA GEL\u0130R<\/strong><\/h3>\n<p>Mylan ismi, farkl\u0131 k\u00fclt\u00fcrlerde ve dillerde kullan\u0131lan bir isimdir. \u00c7ek, Slovak ve Hollanda k\u00f6kenli bir isim oldu\u011fu bilinir. Slav dillerinde \u201csevgili\u201d veya \u201cho\u015f\u201d anlam\u0131na gelen bir kelimeden t\u00fcretilmi\u015ftir. Baz\u0131 kaynaklara g\u00f6re, Vietnam k\u00fclt\u00fcr\u00fcnde de kullan\u0131lan Mylan ismi, \u201czarif\u201d veya \u201cg\u00fczel lotus \u00e7i\u00e7e\u011fi\u201d anlam\u0131na gelir. Modern kullan\u0131m\u0131 ise daha \u00e7ok \u0130ngilizce konu\u015fulan \u00fclkelerde pop\u00fcler hale gelmi\u015ftir. Genellikle erkek ismi olarak tercih edilse de baz\u0131 k\u00fclt\u00fcrlerde unisex bir isim olarak da kullan\u0131lmaktad\u0131r.<\/p>\n<p><img loading=\"lazy\" decoding=\"async\" class=\"wp-image-131750\" src=\"https:\/\/www.tgrthaber.com\/mavikadin\/wp-content\/uploads\/mylan-ismi-anlami-2-1024x576.jpg\" alt=\"mylan ismi anlam\u0131\" width=\"1208\" height=\"680\" title=\"\" srcset=\"https:\/\/www.tgrthaber.com\/mavikadin\/wp-content\/uploads\/mylan-ismi-anlami-2-1024x576.jpg 1024w, https:\/\/www.tgrthaber.com\/mavikadin\/wp-content\/uploads\/mylan-ismi-anlami-2-300x169.jpg 300w, https:\/\/www.tgrthaber.com\/mavikadin\/wp-content\/uploads\/mylan-ismi-anlami-2-768x432.jpg 768w, https:\/\/www.tgrthaber.com\/mavikadin\/wp-content\/uploads\/mylan-ismi-anlami-2-1536x864.jpg 1536w, https:\/\/www.tgrthaber.com\/mavikadin\/wp-content\/uploads\/mylan-ismi-anlami-2.jpg 1600w\" sizes=\"(max-width: 1208px) 100vw, 1208px\" \/><\/p>\n<hr \/>\n<h3><strong>MYLAN \u0130SM\u0130 POP\u00dcLER OLUR MU<\/strong><\/h3>\n<p>Mylan ismi, \u00f6zellikle Avrupa ve Amerika\u2019da gittik\u00e7e daha fazla tercih edilmeye ba\u015fland\u0131. Ebeveynler, hem ho\u015f bulduklar\u0131 bir t\u0131n\u0131ya sahip oldu\u011fu hem de anlam\u0131n\u0131n g\u00fczel olmas\u0131 nedeniyle bu ismi \u00e7ocuklar\u0131na vermeyi tercih ediyor. Ayr\u0131ca k\u0131sa ve kolay telaffuz edilmesi de ismin yayg\u0131nla\u015fmas\u0131na katk\u0131da bulunuyor.<\/p>\n<p>T\u00fcrkiye\u2019de ise Mylan ismi hen\u00fcz \u00e7ok yayg\u0131n olmasa da \u00f6zellikle modern ve s\u0131ra d\u0131\u015f\u0131 isimler arayan aileler taraf\u0131ndan ilgi g\u00f6r\u00fcyor. Ayr\u0131ca, sosyal medya ve globalle\u015fen d\u00fcnyada farkl\u0131 k\u00fclt\u00fcrlerden esinlenerek isim koyma trendi de bu t\u00fcr isimleri daha pop\u00fcler hale getiriyor.<\/p>\n<p><img loading=\"lazy\" decoding=\"async\" class=\"wp-image-131739\" src=\"https:\/\/www.tgrthaber.com\/mavikadin\/wp-content\/uploads\/melisa-yusuf-cifti-1024x576.jpg\" alt=\"melisa-yusuf \u00e7ifti\" width=\"1208\" height=\"680\" title=\"\" srcset=\"https:\/\/www.tgrthaber.com\/mavikadin\/wp-content\/uploads\/melisa-yusuf-cifti-1024x576.jpg 1024w, https:\/\/www.tgrthaber.com\/mavikadin\/wp-content\/uploads\/melisa-yusuf-cifti-300x169.jpg 300w, https:\/\/www.tgrthaber.com\/mavikadin\/wp-content\/uploads\/melisa-yusuf-cifti-768x432.jpg 768w, https:\/\/www.tgrthaber.com\/mavikadin\/wp-content\/uploads\/melisa-yusuf-cifti-1536x864.jpg 1536w, https:\/\/www.tgrthaber.com\/mavikadin\/wp-content\/uploads\/melisa-yusuf-cifti.jpg 1600w\" sizes=\"(max-width: 1208px) 100vw, 1208px\" \/><\/p>\n<hr \/>\n<h3><strong>\u00dcNL\u00dc \u00c7\u0130FT MEL\u0130SA PAMUK VE YUSUF YAZICI BEBEKLER\u0130NE MYLAN \u0130SM\u0130N\u0130 VERD\u0130<\/strong><\/h3>\n<p>Yusuf Yaz\u0131c\u0131 ve Melisa Asl\u0131 Pamuk, 2023 y\u0131l\u0131nda Paris\u2019te sade bir t\u00f6renle d\u00fcnyevine girmi\u015fti. A\u015fklar\u0131n\u0131 g\u00f6zlerden uzak ya\u015fayan \u00e7ift, hamilelik haberini de bir s\u00fcre gizli tutmu\u015ftu. Milli futbolcu ve ba\u015far\u0131l\u0131 oyuncu Melisa Asl\u0131 Pamuk, ge\u00e7ti\u011fimiz g\u00fcnlerde bebeklerini kucaklar\u0131na ald\u0131. \u00c7ift, bebeklerinin ad\u0131n\u0131 Mylan olarak belirlediklerini Instagram hesaplar\u0131ndan duyurdu. Yap\u0131lan payla\u015f\u0131m k\u0131sa s\u00fcrede b\u00fcy\u00fck ilgi g\u00f6rd\u00fc ve binlerce tebrik mesaj\u0131 ya\u011fd\u0131. \u00c7iftin bebekleriyle olan ilk payla\u015f\u0131mlar\u0131 \u015fimdiden b\u00fcy\u00fck bir ilgi g\u00f6r\u00fcrken, hayranlar\u0131 da bu mutlu anlara ortak olmaya devam ediyor.<\/p>\n<p><img loading=\"lazy\" decoding=\"async\" class=\"wp-image-131749\" src=\"https:\/\/www.tgrthaber.com\/mavikadin\/wp-content\/uploads\/mylan-ismi-anlami-1-1024x576.jpg\" alt=\"mylan ismi anlam\u0131\" width=\"1208\" height=\"680\" title=\"\" srcset=\"https:\/\/www.tgrthaber.com\/mavikadin\/wp-content\/uploads\/mylan-ismi-anlami-1-1024x576.jpg 1024w, https:\/\/www.tgrthaber.com\/mavikadin\/wp-content\/uploads\/mylan-ismi-anlami-1-300x169.jpg 300w, https:\/\/www.tgrthaber.com\/mavikadin\/wp-content\/uploads\/mylan-ismi-anlami-1-768x432.jpg 768w, https:\/\/www.tgrthaber.com\/mavikadin\/wp-content\/uploads\/mylan-ismi-anlami-1-1536x864.jpg 1536w, https:\/\/www.tgrthaber.com\/mavikadin\/wp-content\/uploads\/mylan-ismi-anlami-1.jpg 1600w\" sizes=\"(max-width: 1208px) 100vw, 1208px\" \/><\/p>\n<hr \/>\n<h3><strong>MYLAN \u0130SM\u0130YLE \u0130LG\u0130L\u0130 B\u0130L\u0130NMEYENLER<\/strong><\/h3>\n<p>\u00c7e\u015fitli markalar ve \u015firketler taraf\u0131ndan da kullan\u0131l\u0131yor. \u00d6zellikle ila\u00e7 sekt\u00f6r\u00fcyle ilgili olan Mylan, ila\u00e7 sekt\u00f6r\u00fcnde kullan\u0131lan bir isim oldu\u011fu da biliniyor. Sanatsal anlamda da kullan\u0131m\u0131 var. Baz\u0131 roman ve film karakterlerinde Mylan ismi ge\u00e7mektedir. Gelecekte daha da yayg\u0131nla\u015fmas\u0131 bekleniyor. Globalle\u015fen d\u00fcnya sayesinde farkl\u0131 k\u00fclt\u00fcrlerden gelen isimler daha fazla tercih edilmeye ba\u015fland\u0131.<\/p>\n","protected":false},"excerpt":{"rendered":"<p>Son y\u0131llarda ebeveynler yeni do\u011fmu\u015f \u00e7ocuklar\u0131na al\u0131\u015f\u0131k olunmayan isimler veriyorlar. Son y\u0131llarda pop\u00fclerle\u015fen isimlerden biri olan Mylan, hem anlam\u0131 hem de k\u00f6keni a\u00e7\u0131s\u0131ndan merak konusu oldu. Peki, Mylan ismi ne anlama geliyor ve hangi k\u00fclt\u00fcrlerden geliyor? Merak edilen detaylar haberimizde\u2026<\/p>\n","protected":false},"author":34,"featured_media":131738,"comment_status":"closed","ping_status":"closed","sticky":false,"template":"","format":"standard","meta":{"rank_math_lock_modified_date":false,"footnotes":""},"categories":[101],"tags":[10473,10472,10474],"class_list":["post-131727","post","type-post","status-publish","format-standard","has-post-thumbnail","hentry","category-kesfet","tag-bebek-isimleri","tag-mylan-ismi","tag-mylan-ismi-anlami"],"_links":{"self":[{"href":"https:\/\/www.tgrthaber.com\/mavikadin\/wp-json\/wp\/v2\/posts\/131727"}],"collection":[{"href":"https:\/\/www.tgrthaber.com\/mavikadin\/wp-json\/wp\/v2\/posts"}],"about":[{"href":"https:\/\/www.tgrthaber.com\/mavikadin\/wp-json\/wp\/v2\/types\/post"}],"author":[{"embeddable":true,"href":"https:\/\/www.tgrthaber.com\/mavikadin\/wp-json\/wp\/v2\/users\/34"}],"replies":[{"embeddable":true,"href":"https:\/\/www.tgrthaber.com\/mavikadin\/wp-json\/wp\/v2\/comments?post=131727"}],"version-history":[{"count":2,"href":"https:\/\/www.tgrthaber.com\/mavikadin\/wp-json\/wp\/v2\/posts\/131727\/revisions"}],"predecessor-version":[{"id":131758,"href":"https:\/\/www.tgrthaber.com\/mavikadin\/wp-json\/wp\/v2\/posts\/131727\/revisions\/131758"}],"wp:featuredmedia":[{"embeddable":true,"href":"https:\/\/www.tgrthaber.com\/mavikadin\/wp-json\/wp\/v2\/media\/131738"}],"wp:attachment":[{"href":"https:\/\/www.tgrthaber.com\/mavikadin\/wp-json\/wp\/v2\/media?parent=131727"}],"wp:term":[{"taxonomy":"category","embeddable":true,"href":"https:\/\/www.tgrthaber.com\/mavikadin\/wp-json\/wp\/v2\/categories?post=131727"},{"taxonomy":"post_tag","embeddable":true,"href":"https:\/\/www.tgrthaber.com\/mavikadin\/wp-json\/wp\/v2\/tags?post=131727"}],"curies":[{"name":"wp","href":"https:\/\/api.w.org\/{rel}","templated":true}]}}