{"id":131728,"date":"2025-02-10T16:09:30","date_gmt":"2025-02-10T13:09:30","guid":{"rendered":"https:\/\/www.tgrthaber.com\/mavikadin\/?p=131728"},"modified":"2025-02-10T16:15:33","modified_gmt":"2025-02-10T13:15:33","slug":"ahu-yagtunun-aci-gunu-babasi-hasan-neset-yagtu-hayatini-kaybetti","status":"publish","type":"post","link":"https:\/\/www.tgrthaber.com\/mavikadin\/ahu-yagtunun-aci-gunu-babasi-hasan-neset-yagtu-hayatini-kaybetti\/","title":{"rendered":"Ahu Ya\u011ftu&#8217;nun ac\u0131 g\u00fcn\u00fc! Babas\u0131 Hasan Ne\u015fet Ya\u011ftu hayat\u0131n\u0131 kaybetti"},"content":{"rendered":"<p>Babas\u0131 vefat eden Ahu Ya\u011ftu g\u00fcndem oldu. Hasan Ne\u015fet Ya\u011ftu\u2019yu kaybeden Ahu Ya\u011ftu\u2019ya yak\u0131n \u00e7evresinden ba\u015f sa\u011fl\u0131\u011f\u0131 mesajlar\u0131 art arda geldi.<\/p>\n<h3>AHU YA\u011eTU&#8217;NUN BABASI HASAN NE\u015eET YA\u011eTU HAYATINI KAYBETT\u0130<\/h3>\n<p>Son olarak &#8216;Kardelenler&#8217; dizisinde boy g\u00f6steren Ahu Ya\u011ftu&#8217;nun babas\u0131 Hasan Ne\u015fet Ya\u011ftu hayat\u0131n\u0131 kaybetti. Oynad\u0131\u011f\u0131 dizi ve filmlerin yan\u0131 s\u0131ra Cem Y\u0131lmaz ile ya\u015fad\u0131\u011f\u0131 polemiklerle de dikkat \u00e7eken \u00fcnl\u00fc oyuncu bu kez babas\u0131n\u0131n ac\u0131s\u0131yla sars\u0131ld\u0131. Ahu Ya\u011ftu&#8217;nun babas\u0131 Hasan Ne\u015fet Ya\u011ftu&#8217;nun vefat etti\u011fi \u00f6\u011frenildi.<\/p>\n<p><img loading=\"lazy\" decoding=\"async\" class=\"alignnone wp-image-131731\" src=\"https:\/\/www.tgrthaber.com\/mavikadin\/wp-content\/uploads\/Ahu-Yagtu-11-1.jpg\" alt=\"\" width=\"1208\" height=\"680\" title=\"\" srcset=\"https:\/\/www.tgrthaber.com\/mavikadin\/wp-content\/uploads\/Ahu-Yagtu-11-1.jpg 1600w, https:\/\/www.tgrthaber.com\/mavikadin\/wp-content\/uploads\/Ahu-Yagtu-11-1-300x169.jpg 300w, https:\/\/www.tgrthaber.com\/mavikadin\/wp-content\/uploads\/Ahu-Yagtu-11-1-1024x576.jpg 1024w, https:\/\/www.tgrthaber.com\/mavikadin\/wp-content\/uploads\/Ahu-Yagtu-11-1-768x432.jpg 768w, https:\/\/www.tgrthaber.com\/mavikadin\/wp-content\/uploads\/Ahu-Yagtu-11-1-1536x864.jpg 1536w\" sizes=\"(max-width: 1208px) 100vw, 1208px\" \/><\/p>\n<hr \/>\n<h3>AHU YA\u011eTU K\u0130MD\u0130R?<\/h3>\n<p>\u0130zmir\u2019de 11 Temmuz 1978 tarihinde d\u00fcnyaya gelen Ahu Ya\u011ftu&#8217;nun \u00e7ocukluk y\u0131llar\u0131 Kar\u015f\u0131yaka\u2019da ge\u00e7ti.<\/p>\n<p>Anne babas\u0131 kendisi k\u00fc\u00e7\u00fckken ayr\u0131lan Ya\u011ftu 14 ya\u015f\u0131nda model olmaya karar verdi. \u0130zmir\u2019den \u0130stanbul\u2019a ta\u015f\u0131nan \u00fcnl\u00fc isim i\u015f hayat\u0131na 1993 y\u0131l\u0131nda modellikle ba\u015flad\u0131.<\/p>\n<p>Oyunculuktan moda edit\u00f6rl\u00fc\u011f\u00fcne ve stil dan\u0131\u015fmanl\u0131\u011f\u0131na kadar bir\u00e7ok i\u015f yapan Ahu Ya\u011ftu Biri Bizi G\u00f6zetliyor yar\u0131\u015fma program\u0131nda sunuculuk da yapt\u0131.<\/p>\n<p>2001 y\u0131l\u0131nda 90-60-90, 2003 y\u0131l\u0131nda Kamp\u00fcsistan, 2005 y\u0131l\u0131nda Savc\u0131n\u0131n Kar\u0131s\u0131, 2007 y\u0131l\u0131nda Komiser Nevzat, 2007 y\u0131l\u0131nda Kavak Yelleri, 2010\u2019da A\u015fk ve Ceza gibi dizilerde rol alan oyuncu ayn\u0131 zamanda \u0130stanbul Bebek\u2019te \u201cSecond Chance\u201d isimli vintage butik sahibidir.<\/p>\n<p>\u0130lk evlili\u011fini 2000 y\u0131l\u0131nda Do\u011fan Ak\u00e7ura ile yapan Ya\u011ftu 5 y\u0131l evli kal\u0131p bo\u015fand\u0131. Ard\u0131ndan Cem Y\u0131lmaz ile 10 Mart 2012 tarihinde Pera Palas Otel\u2019de yeniden nikah masas\u0131na oturdu. \u00c7iftin bu evliliklerinden Kemal ad\u0131n\u0131 koyduklar\u0131 \u00e7ocuklar\u0131 bulunuyor.<\/p>\n<p><img loading=\"lazy\" decoding=\"async\" class=\"alignnone wp-image-131732\" src=\"https:\/\/www.tgrthaber.com\/mavikadin\/wp-content\/uploads\/p3wFPD7RUKqoR4EBu_sTg.webp\" alt=\"\" width=\"1208\" height=\"853\" title=\"\" srcset=\"https:\/\/www.tgrthaber.com\/mavikadin\/wp-content\/uploads\/p3wFPD7RUKqoR4EBu_sTg.webp 1000w, https:\/\/www.tgrthaber.com\/mavikadin\/wp-content\/uploads\/p3wFPD7RUKqoR4EBu_sTg-300x212.webp 300w, https:\/\/www.tgrthaber.com\/mavikadin\/wp-content\/uploads\/p3wFPD7RUKqoR4EBu_sTg-768x542.webp 768w\" sizes=\"(max-width: 1208px) 100vw, 1208px\" \/><\/p>\n<hr \/>\n<p><strong>Rol Ald\u0131\u011f\u0131 Filmler:<\/strong><\/p>\n<p>2011 \u2013 Bir Avu\u00e7 Deniz<\/p>\n<p><strong>Rol Ald\u0131\u011f\u0131 Diziler:<\/strong><\/p>\n<p>2001 \u2013 90 60 90 Sezon 1<br \/>\n2003 \u2013 Kamp\u00fcsistan<br \/>\n2005 \u2013 Savc\u0131n\u0131n Kar\u0131s\u0131<br \/>\n2006 \u2013 29-30<br \/>\n2011 \u2013 Can\u0131m Babam<br \/>\n2007 \u2013 Komiser Nevzat Sezon 1<br \/>\n2007 \u2013 Kavak Yelleri<br \/>\n2011 \u2013 A\u015fk Ve Ceza Sezon 2, Bir \u00c7ocuk Sevdim<br \/>\n2015-2017 \u2013 Parampar\u00e7a<br \/>\n2017-2019 \u2013 Kad\u0131n<br \/>\n2021-2024 \u2013 Karde\u015flerim<br \/>\n2025 \u2013 Kardelenler<\/p>\n","protected":false},"excerpt":{"rendered":"<p>Kardelenler dizisindeki performans\u0131yla dikkat \u00e7eken Ahu Ya\u011ftu babas\u0131n\u0131 kaybetmenin ac\u0131s\u0131n\u0131 ya\u015fad\u0131. Babas\u0131 Hasan Ne\u015fet Ya\u011ftu vefat eden \u00fcnl\u00fc oyuncuya ba\u015f sa\u011fl\u0131\u011f\u0131 mesajlar\u0131 pe\u015f pe\u015fe geldi.<\/p>\n","protected":false},"author":5,"featured_media":131729,"comment_status":"closed","ping_status":"closed","sticky":false,"template":"","format":"standard","meta":{"rank_math_lock_modified_date":false,"footnotes":""},"categories":[76],"tags":[8444,10469,10470],"class_list":["post-131728","post","type-post","status-publish","format-standard","has-post-thumbnail","hentry","category-magazin","tag-ahu-yagtu","tag-ahu-yagtu-babasi","tag-hasan-neset-yagtu"],"_links":{"self":[{"href":"https:\/\/www.tgrthaber.com\/mavikadin\/wp-json\/wp\/v2\/posts\/131728"}],"collection":[{"href":"https:\/\/www.tgrthaber.com\/mavikadin\/wp-json\/wp\/v2\/posts"}],"about":[{"href":"https:\/\/www.tgrthaber.com\/mavikadin\/wp-json\/wp\/v2\/types\/post"}],"author":[{"embeddable":true,"href":"https:\/\/www.tgrthaber.com\/mavikadin\/wp-json\/wp\/v2\/users\/5"}],"replies":[{"embeddable":true,"href":"https:\/\/www.tgrthaber.com\/mavikadin\/wp-json\/wp\/v2\/comments?post=131728"}],"version-history":[{"count":3,"href":"https:\/\/www.tgrthaber.com\/mavikadin\/wp-json\/wp\/v2\/posts\/131728\/revisions"}],"predecessor-version":[{"id":131735,"href":"https:\/\/www.tgrthaber.com\/mavikadin\/wp-json\/wp\/v2\/posts\/131728\/revisions\/131735"}],"wp:featuredmedia":[{"embeddable":true,"href":"https:\/\/www.tgrthaber.com\/mavikadin\/wp-json\/wp\/v2\/media\/131729"}],"wp:attachment":[{"href":"https:\/\/www.tgrthaber.com\/mavikadin\/wp-json\/wp\/v2\/media?parent=131728"}],"wp:term":[{"taxonomy":"category","embeddable":true,"href":"https:\/\/www.tgrthaber.com\/mavikadin\/wp-json\/wp\/v2\/categories?post=131728"},{"taxonomy":"post_tag","embeddable":true,"href":"https:\/\/www.tgrthaber.com\/mavikadin\/wp-json\/wp\/v2\/tags?post=131728"}],"curies":[{"name":"wp","href":"https:\/\/api.w.org\/{rel}","templated":true}]}}