{"id":131761,"date":"2025-02-10T17:31:55","date_gmt":"2025-02-10T14:31:55","guid":{"rendered":"https:\/\/www.tgrthaber.com\/mavikadin\/?p=131761"},"modified":"2025-02-10T17:37:25","modified_gmt":"2025-02-10T14:37:25","slug":"doguma-gunler-kala-neslihan-atagul-kamera-karsisina-gecti-gurcu-sunucuyla-roportaji-begeni-topladi","status":"publish","type":"post","link":"https:\/\/www.tgrthaber.com\/mavikadin\/doguma-gunler-kala-neslihan-atagul-kamera-karsisina-gecti-gurcu-sunucuyla-roportaji-begeni-topladi\/","title":{"rendered":"Do\u011fuma g\u00fcnler kala Neslihan Atag\u00fcl kamera kar\u015f\u0131s\u0131na ge\u00e7ti! G\u00fcrcu sunucuyla r\u00f6portaj\u0131 be\u011feni toplad\u0131"},"content":{"rendered":"<p>Neslihan Atag\u00fcl ve G\u00fcrc\u00fc sunucu Noe Sulaberidze ile keyifli bir sohbete imza att\u0131. Do\u011fuma say\u0131l\u0131 g\u00fcnleri kalan sanat\u00e7\u0131 sosyal medya payla\u015f\u0131mlar\u0131yla be\u011feni toplamaya devam ediyor.<\/p>\n<h3>NESL\u0130HAN ATAG\u00dcL KAMERA KAR\u015eISINDA<\/h3>\n<p>\u0130lk bebe\u011fini kuca\u011f\u0131na almak i\u00e7in g\u00fcn sayan Neslihan Atag\u00fcl G\u00fcrcu sunucu Noe Sulaberidze ile keyifli bir sohbet ger\u00e7ekle\u015ftirdi.<\/p>\n<div style=\"width: 640px;\" class=\"wp-video\"><!--[if lt IE 9]><script>document.createElement('video');<\/script><![endif]-->\n<video class=\"wp-video-shortcode\" id=\"video-131761-1\" width=\"640\" height=\"1138\" preload=\"metadata\" controls=\"controls\"><source type=\"video\/mp4\" src=\"https:\/\/www.tgrthaber.com\/mavikadin\/wp-content\/uploads\/0DDZNz75xU8FsZMR.mp4?_=1\" \/><a href=\"https:\/\/www.tgrthaber.com\/mavikadin\/wp-content\/uploads\/0DDZNz75xU8FsZMR.mp4\">https:\/\/www.tgrthaber.com\/mavikadin\/wp-content\/uploads\/0DDZNz75xU8FsZMR.mp4<\/a><\/video><\/div>\n<hr \/>\n<h3>NESL\u0130HAN ATAG\u00dcL \u0130LE KAD\u0130R DO\u011eULU NASIL TANI\u015eTI?<\/h3>\n<p>Kadir Do\u011fulu ve Neslihan Atag\u00fcl &#8220;Fatih Harbiye&#8221; dizisinde tan\u0131\u015ft\u0131 ve arkada\u015fl\u0131klar\u0131 k\u0131sa s\u00fcrede ili\u015fkiye d\u00f6n\u00fc\u015ft\u00fc. Mutlu beraberliklerini evlilikle ta\u00e7land\u0131ran ikili \u015fu s\u0131ralar ilk bebeklerini kuca\u011f\u0131na almak i\u00e7in g\u00fcn say\u0131yor.<\/p>\n<h3>\u0130LK BEBEKLER\u0130N\u0130 BEKL\u0130YORLAR<\/h3>\n<p>\u00dcnl\u00fc oyuncu Neslihan Atag\u00fcl hamileli\u011finin ba\u015f\u0131ndan bu yana sosyal medya hesab\u0131ndan zaman zaman payla\u015f\u0131mlarda bulundu. \u00c7ift son olarak birlikte foto\u011fraf payla\u015farak yanlar\u0131nda bulunan &#8216;rezerve&#8217; yaz\u0131s\u0131n\u0131 da \u00e7ekti.<\/p>\n<p><img loading=\"lazy\" decoding=\"async\" class=\"alignnone wp-image-131763\" src=\"https:\/\/www.tgrthaber.com\/mavikadin\/wp-content\/uploads\/Neslihan-Atagul-3-1.jpg\" alt=\"\" width=\"1208\" height=\"680\" title=\"\" srcset=\"https:\/\/www.tgrthaber.com\/mavikadin\/wp-content\/uploads\/Neslihan-Atagul-3-1.jpg 1600w, https:\/\/www.tgrthaber.com\/mavikadin\/wp-content\/uploads\/Neslihan-Atagul-3-1-300x169.jpg 300w, https:\/\/www.tgrthaber.com\/mavikadin\/wp-content\/uploads\/Neslihan-Atagul-3-1-1024x576.jpg 1024w, https:\/\/www.tgrthaber.com\/mavikadin\/wp-content\/uploads\/Neslihan-Atagul-3-1-768x432.jpg 768w, https:\/\/www.tgrthaber.com\/mavikadin\/wp-content\/uploads\/Neslihan-Atagul-3-1-1536x864.jpg 1536w\" sizes=\"(max-width: 1208px) 100vw, 1208px\" \/><\/p>\n<h3>&#8220;B\u0130Z MUTLUYUZ, MEMNUNUZ VE \u0130Y\u0130Y\u0130Z&#8221;<\/h3>\n<p>Hamilelik haberini sosyal medya hesab\u0131ndan karn\u0131n\u0131 tutarak verdi\u011fi pozla duyuran \u00fcnl\u00fc isim payla\u015f\u0131m\u0131n\u0131n alt\u0131na &#8220;Bir s\u00fcre daha bu &#8216;mutlulu\u011fumuzu&#8217; mahrem tutmak isterdik. Hakk\u0131m\u0131z da buydu a\u00e7\u0131k\u00e7as\u0131. Velhas\u0131lkelam; Biz mutluyuz, memnunuz ve iyiyiz&#8221; notunu eklemi\u015fti.<\/p>\n<p><img loading=\"lazy\" decoding=\"async\" class=\"alignnone wp-image-131767\" src=\"https:\/\/www.tgrthaber.com\/mavikadin\/wp-content\/uploads\/Neslihan-Atagul-2-2.jpg\" alt=\"\" width=\"1208\" height=\"680\" title=\"\" srcset=\"https:\/\/www.tgrthaber.com\/mavikadin\/wp-content\/uploads\/Neslihan-Atagul-2-2.jpg 1600w, https:\/\/www.tgrthaber.com\/mavikadin\/wp-content\/uploads\/Neslihan-Atagul-2-2-300x169.jpg 300w, https:\/\/www.tgrthaber.com\/mavikadin\/wp-content\/uploads\/Neslihan-Atagul-2-2-1024x576.jpg 1024w, https:\/\/www.tgrthaber.com\/mavikadin\/wp-content\/uploads\/Neslihan-Atagul-2-2-768x432.jpg 768w, https:\/\/www.tgrthaber.com\/mavikadin\/wp-content\/uploads\/Neslihan-Atagul-2-2-1536x864.jpg 1536w\" sizes=\"(max-width: 1208px) 100vw, 1208px\" \/><\/p>\n<hr \/>\n<h3>KARNININ B\u00dcY\u00dcD\u00dc\u011e\u00dcN\u00dc ZAMAN ZAMAN PAYLA\u015eTI<\/h3>\n<p>8 ayl\u0131k hamile olan Neslihan Atag\u00fcl ge\u00e7ti\u011fimiz g\u00fcnlerde b\u00fcy\u00fcyen karn\u0131n\u0131 payla\u015farak be\u011feni toplam\u0131\u015ft\u0131.<\/p>\n","protected":false},"excerpt":{"rendered":"<p>\u00dcnl\u00fc oyuncu Neslihan Atag\u00fcl do\u011fuma g\u00fcnler kala kamera kar\u015f\u0131s\u0131na ge\u00e7ti. G\u00fcrc\u00fc sunucu Noe Sulaberidze ile keyifli bir sohbet ger\u00e7ekle\u015ftiren Atag\u00fcl, sosyal medya payla\u015f\u0131mlar\u0131na da h\u0131z kesmeden devam ediyor.<\/p>\n","protected":false},"author":5,"featured_media":131768,"comment_status":"closed","ping_status":"closed","sticky":false,"template":"","format":"standard","meta":{"rank_math_lock_modified_date":false,"footnotes":""},"categories":[76],"tags":[3097,3096,10475],"class_list":["post-131761","post","type-post","status-publish","format-standard","has-post-thumbnail","hentry","category-magazin","tag-kadir-dogulu","tag-neslihan-atagul","tag-noe-sulaberidze"],"_links":{"self":[{"href":"https:\/\/www.tgrthaber.com\/mavikadin\/wp-json\/wp\/v2\/posts\/131761"}],"collection":[{"href":"https:\/\/www.tgrthaber.com\/mavikadin\/wp-json\/wp\/v2\/posts"}],"about":[{"href":"https:\/\/www.tgrthaber.com\/mavikadin\/wp-json\/wp\/v2\/types\/post"}],"author":[{"embeddable":true,"href":"https:\/\/www.tgrthaber.com\/mavikadin\/wp-json\/wp\/v2\/users\/5"}],"replies":[{"embeddable":true,"href":"https:\/\/www.tgrthaber.com\/mavikadin\/wp-json\/wp\/v2\/comments?post=131761"}],"version-history":[{"count":3,"href":"https:\/\/www.tgrthaber.com\/mavikadin\/wp-json\/wp\/v2\/posts\/131761\/revisions"}],"predecessor-version":[{"id":131774,"href":"https:\/\/www.tgrthaber.com\/mavikadin\/wp-json\/wp\/v2\/posts\/131761\/revisions\/131774"}],"wp:featuredmedia":[{"embeddable":true,"href":"https:\/\/www.tgrthaber.com\/mavikadin\/wp-json\/wp\/v2\/media\/131768"}],"wp:attachment":[{"href":"https:\/\/www.tgrthaber.com\/mavikadin\/wp-json\/wp\/v2\/media?parent=131761"}],"wp:term":[{"taxonomy":"category","embeddable":true,"href":"https:\/\/www.tgrthaber.com\/mavikadin\/wp-json\/wp\/v2\/categories?post=131761"},{"taxonomy":"post_tag","embeddable":true,"href":"https:\/\/www.tgrthaber.com\/mavikadin\/wp-json\/wp\/v2\/tags?post=131761"}],"curies":[{"name":"wp","href":"https:\/\/api.w.org\/{rel}","templated":true}]}}