{"id":131789,"date":"2025-02-10T18:24:23","date_gmt":"2025-02-10T15:24:23","guid":{"rendered":"https:\/\/www.tgrthaber.com\/mavikadin\/?p=131789"},"modified":"2025-02-10T18:45:02","modified_gmt":"2025-02-10T15:45:02","slug":"silan-makal-ve-sener-ozbayraklidan-ayrilik-iddialarina-cevap-paylasimlari-gundem-oldu","status":"publish","type":"post","link":"https:\/\/www.tgrthaber.com\/mavikadin\/silan-makal-ve-sener-ozbayraklidan-ayrilik-iddialarina-cevap-paylasimlari-gundem-oldu\/","title":{"rendered":"\u015eilan Makal ve \u015eener \u00d6zbayrakl\u0131&#8217;dan ayr\u0131l\u0131k iddialar\u0131na cevap! Payla\u015f\u0131mlar\u0131 g\u00fcndem oldu"},"content":{"rendered":"<p class=\"p1\">\u00dcnl\u00fc oyuncu \u015eilan Makal ve futbolcu \u015eener \u00d6zbayrakl\u0131, 2020 y\u0131l\u0131nda hayatlar\u0131n\u0131 birle\u015ftirmi\u015f, bir y\u0131l sonra da o\u011fullar\u0131 \u015eener\u2019i kucaklar\u0131na alarak anne-baba olman\u0131n mutlulu\u011funu ya\u015fam\u0131\u015ft\u0131. Ancak ge\u00e7ti\u011fimiz aylarda \u00e7iftin bo\u015fanaca\u011f\u0131na dair \u00e7e\u015fitli iddialar g\u00fcndeme gelmi\u015fti. \u0130kilinin sessizli\u011fi, ayr\u0131l\u0131k iddialar\u0131n\u0131 g\u00fc\u00e7lendirse de, Makal\u2019dan gelen son payla\u015f\u0131m bu s\u00f6ylentilere net bir cevap verdi. Payla\u015f\u0131mlar\u0131 ile g\u00fcndem olan ikilinin tatil karesine be\u011feni ve yorum ya\u011fd\u0131.<\/p>\n<h3 class=\"p3\">\u015e\u0130LAN MAKAL VE \u015eENER \u00d6ZBAYRAKLI&#8217;DAN AYRILIK \u0130DD\u0130ALARINA CEVAP!<\/h3>\n<p class=\"p1\">Ge\u00e7ti\u011fimiz ay bo\u015fanma karar\u0131 ald\u0131klar\u0131 \u00f6ne s\u00fcr\u00fclen \u00e7ift, konuyla ilgili herhangi bir a\u00e7\u0131klama yapmam\u0131\u015ft\u0131. Ancak \u015eilan Makal, sosyal medya hesab\u0131ndan yapt\u0131\u011f\u0131 romantik payla\u015f\u0131m ile t\u00fcm iddialar\u0131 \u00e7\u00fcr\u00fctt\u00fc. E\u015fi \u015eener \u00d6zbayrakl\u0131 ile birlikte \u00e7ekildi\u011fi kareyi takip\u00e7ileriyle payla\u015fan Makal, bu g\u00f6nderiye kalp emojisi ekleyerek dedikodulara son noktay\u0131 koydu.<\/p>\n<p><img loading=\"lazy\" decoding=\"async\" class=\"alignnone wp-image-131793 \" src=\"https:\/\/www.tgrthaber.com\/mavikadin\/wp-content\/uploads\/Ekran-Resmi-2025-02-10-18.18.51-877x1024.png\" alt=\"\" width=\"947\" height=\"1106\" title=\"\" srcset=\"https:\/\/www.tgrthaber.com\/mavikadin\/wp-content\/uploads\/Ekran-Resmi-2025-02-10-18.18.51-877x1024.png 877w, https:\/\/www.tgrthaber.com\/mavikadin\/wp-content\/uploads\/Ekran-Resmi-2025-02-10-18.18.51-257x300.png 257w, https:\/\/www.tgrthaber.com\/mavikadin\/wp-content\/uploads\/Ekran-Resmi-2025-02-10-18.18.51-768x896.png 768w, https:\/\/www.tgrthaber.com\/mavikadin\/wp-content\/uploads\/Ekran-Resmi-2025-02-10-18.18.51.png 1172w\" sizes=\"(max-width: 947px) 100vw, 947px\" \/><\/p>\n<hr \/>\n<h3 class=\"p3\"><strong>TAT\u0130L KARES\u0130 G\u00dcNDEM OLDU\u00a0<\/strong><\/h3>\n<p class=\"p1\">Ayr\u0131l\u0131k iddialar\u0131n\u0131n ard\u0131ndan birlikte tatile \u00e7\u0131kt\u0131klar\u0131 anla\u015f\u0131lan \u00e7ift, payla\u015f\u0131mlar\u0131yla sevenlerini sevindirdi. \u015eilan Makal ve \u015eener \u00d6zbayrakl\u0131\u2019n\u0131n birlikte ge\u00e7irdi\u011fi keyifli anlar, hayranlar\u0131 taraf\u0131ndan b\u00fcy\u00fck ilgi g\u00f6rd\u00fc. \u00dcnl\u00fc \u00e7iftin bu payla\u015f\u0131m\u0131, sosyal medyada k\u0131sa s\u00fcrede g\u00fcndem olurken, hayranlar\u0131 da \u201cD\u00fc\u015fman \u00e7atlatt\u0131lar\u201d, \u201cAyr\u0131l\u0131k nerede?\u201d ve \u201cMutlulu\u011funuz daim olsun\u201d gibi yorumlarda bulundu.<b><\/b><\/p>\n<p><img loading=\"lazy\" decoding=\"async\" class=\"alignnone wp-image-131794 size-full\" src=\"https:\/\/www.tgrthaber.com\/mavikadin\/wp-content\/uploads\/Ekran-Resmi-2025-02-10-18.19.53.png\" alt=\"\" width=\"942\" height=\"598\" title=\"\" srcset=\"https:\/\/www.tgrthaber.com\/mavikadin\/wp-content\/uploads\/Ekran-Resmi-2025-02-10-18.19.53.png 942w, https:\/\/www.tgrthaber.com\/mavikadin\/wp-content\/uploads\/Ekran-Resmi-2025-02-10-18.19.53-300x190.png 300w, https:\/\/www.tgrthaber.com\/mavikadin\/wp-content\/uploads\/Ekran-Resmi-2025-02-10-18.19.53-768x488.png 768w\" sizes=\"(max-width: 942px) 100vw, 942px\" \/><\/p>\n<hr \/>\n<h3>\u015e\u0130LAN MAKAL K\u0130MD\u0130R?<\/h3>\n<p class=\"p1\">\u015eilan Makal, 1993 y\u0131l\u0131nda \u0130stanbul\u2019da d\u00fcnyaya geldi. Aslen Diyarbak\u0131rl\u0131 olan Makal, ailesinin en b\u00fcy\u00fck \u00e7ocu\u011fudur. E\u011fitimini Beykent \u00dcniversitesi Fen Edebiyat Fak\u00fcltesi Tarih B\u00f6l\u00fcm\u00fc\u2019nde tamamlayan gen\u00e7 isim, televizyon d\u00fcnyas\u0131na ilk ad\u0131m\u0131n\u0131 2015 y\u0131l\u0131nda kat\u0131ld\u0131\u011f\u0131 <i>\u0130\u015fte Benim Stilim<\/i> yar\u0131\u015fmas\u0131yla att\u0131. \u015e\u0131kl\u0131\u011f\u0131 ve tarz\u0131yla k\u0131sa s\u00fcrede dikkatleri \u00fczerine \u00e7eken Makal, yar\u0131\u015fman\u0131n ard\u0131ndan oyunculuk alan\u0131na y\u00f6nelerek profesyonel e\u011fitim almaya ba\u015flad\u0131. Kariyerinde b\u00fcy\u00fck bir \u00e7\u0131k\u0131\u015f yakalamak isteyen oyuncu, Tu\u011f\u00e7e Y\u0131ld\u0131r\u0131m\u2019dan oyunculuk dersleri alarak kendini geli\u015ftirdi.<\/p>\n<p><img loading=\"lazy\" decoding=\"async\" class=\"alignnone wp-image-131795 size-full\" src=\"https:\/\/www.tgrthaber.com\/mavikadin\/wp-content\/uploads\/Ekran-Resmi-2025-02-10-18.20.44.png\" alt=\"\" width=\"984\" height=\"606\" title=\"\" srcset=\"https:\/\/www.tgrthaber.com\/mavikadin\/wp-content\/uploads\/Ekran-Resmi-2025-02-10-18.20.44.png 984w, https:\/\/www.tgrthaber.com\/mavikadin\/wp-content\/uploads\/Ekran-Resmi-2025-02-10-18.20.44-300x185.png 300w, https:\/\/www.tgrthaber.com\/mavikadin\/wp-content\/uploads\/Ekran-Resmi-2025-02-10-18.20.44-768x473.png 768w\" sizes=\"(max-width: 984px) 100vw, 984px\" \/><\/p>\n<hr \/>\n<p class=\"p1\">Makal\u2019\u0131n oyunculuk ser\u00fcveni 2017 y\u0131l\u0131nda ekrana gelen <i>Yeni Gelin<\/i> dizisiyle ba\u015flad\u0131. Bu projede sergiledi\u011fi performansla geni\u015f bir izleyici kitlesine ula\u015fan Makal, k\u0131sa s\u00fcrede televizyon d\u00fcnyas\u0131nda ad\u0131ndan s\u00f6z ettiren isimlerden biri haline geldi. Ayr\u0131ca, Murat Dalk\u0131l\u0131\u00e7\u2019\u0131n <i>A\u015finay\u0131z<\/i> adl\u0131 klibinde de yer alarak farkl\u0131 projelerde boy g\u00f6sterdi. 2025 y\u0131l\u0131 itibar\u0131yla 32 ya\u015f\u0131nda olan \u015eilan Makal, kariyerinde modellikten oyunculu\u011fa uzanan bir yolculuk ge\u00e7irerek televizyon d\u00fcnyas\u0131nda kal\u0131c\u0131 bir yer edinmeyi ba\u015fard\u0131. Hem oyunculu\u011fu hem de \u00f6zel hayat\u0131yla s\u0131k s\u0131k g\u00fcndeme gelen Makal, yeni projeleriyle de ad\u0131ndan s\u00f6z ettirmeye devam ediyor.<\/p>\n","protected":false},"excerpt":{"rendered":"<p>\u00dcnl\u00fc oyuncu \u015eilan Makal ve futbolcu \u015eener \u00d6zbayrakl\u0131\u2019n\u0131n evliliklerine dair \u00e7\u0131kan ayr\u0131l\u0131k iddialar\u0131 sosyal medyada g\u00fcndem olmu\u015ftu. Sessizliklerini koruyan \u00e7ift hakk\u0131nda bir\u00e7ok yorum yap\u0131lsa da, Makal\u2019\u0131n son payla\u015f\u0131m\u0131 t\u00fcm s\u00f6ylentilere son noktay\u0131 koydu. \u00dcnl\u00fc isim, e\u015fiyle birlikte \u00e7ekildi\u011fi romantik bir foto\u011fraf\u0131 Instagram hesab\u0131ndan payla\u015farak iddialar\u0131 yalanlad\u0131. <\/p>\n","protected":false},"author":16,"featured_media":131796,"comment_status":"closed","ping_status":"closed","sticky":false,"template":"","format":"standard","meta":{"rank_math_lock_modified_date":false,"footnotes":""},"categories":[76],"tags":[10479,10481,10482,10480],"class_list":["post-131789","post","type-post","status-publish","format-standard","has-post-thumbnail","hentry","category-magazin","tag-silan-makal-kimdir","tag-silan-makal-sener-ozbayrakli-ayriliyor-mu","tag-silan-makal-sener-ozbayrakli-bosanma","tag-silan-makal-sener-ozbayrakli-evlilik"],"_links":{"self":[{"href":"https:\/\/www.tgrthaber.com\/mavikadin\/wp-json\/wp\/v2\/posts\/131789"}],"collection":[{"href":"https:\/\/www.tgrthaber.com\/mavikadin\/wp-json\/wp\/v2\/posts"}],"about":[{"href":"https:\/\/www.tgrthaber.com\/mavikadin\/wp-json\/wp\/v2\/types\/post"}],"author":[{"embeddable":true,"href":"https:\/\/www.tgrthaber.com\/mavikadin\/wp-json\/wp\/v2\/users\/16"}],"replies":[{"embeddable":true,"href":"https:\/\/www.tgrthaber.com\/mavikadin\/wp-json\/wp\/v2\/comments?post=131789"}],"version-history":[{"count":1,"href":"https:\/\/www.tgrthaber.com\/mavikadin\/wp-json\/wp\/v2\/posts\/131789\/revisions"}],"predecessor-version":[{"id":131797,"href":"https:\/\/www.tgrthaber.com\/mavikadin\/wp-json\/wp\/v2\/posts\/131789\/revisions\/131797"}],"wp:featuredmedia":[{"embeddable":true,"href":"https:\/\/www.tgrthaber.com\/mavikadin\/wp-json\/wp\/v2\/media\/131796"}],"wp:attachment":[{"href":"https:\/\/www.tgrthaber.com\/mavikadin\/wp-json\/wp\/v2\/media?parent=131789"}],"wp:term":[{"taxonomy":"category","embeddable":true,"href":"https:\/\/www.tgrthaber.com\/mavikadin\/wp-json\/wp\/v2\/categories?post=131789"},{"taxonomy":"post_tag","embeddable":true,"href":"https:\/\/www.tgrthaber.com\/mavikadin\/wp-json\/wp\/v2\/tags?post=131789"}],"curies":[{"name":"wp","href":"https:\/\/api.w.org\/{rel}","templated":true}]}}