{"id":131798,"date":"2025-02-10T18:53:24","date_gmt":"2025-02-10T15:53:24","guid":{"rendered":"https:\/\/www.tgrthaber.com\/mavikadin\/?p=131798"},"modified":"2025-02-10T18:53:24","modified_gmt":"2025-02-10T15:53:24","slug":"masterchef-2025-yarismasi-ne-zaman-baslayacak-basvurular-nasil-yapiliyor","status":"publish","type":"post","link":"https:\/\/www.tgrthaber.com\/mavikadin\/masterchef-2025-yarismasi-ne-zaman-baslayacak-basvurular-nasil-yapiliyor\/","title":{"rendered":"Masterchef 2025 yar\u0131\u015fmas\u0131 ne zaman ba\u015flayacak? Ba\u015fvurular nas\u0131l yap\u0131l\u0131yor?"},"content":{"rendered":"<p class=\"p1\">MasterChef 2024\u2019\u00fcn final yapmas\u0131n\u0131n ard\u0131ndan, izleyicilerin heyecanla bekledi\u011fi MasterChef 2025 sezonu i\u00e7in haz\u0131rl\u0131klar ba\u015flad\u0131. Daha \u00f6nce Somer \u015eef\u2019in duyurdu\u011fu gibi, yeni sezon ba\u015fvurular\u0131 resmi olarak al\u0131nmaya ba\u015flad\u0131. Yar\u0131\u015fmaya kat\u0131lmak isteyen adaylar, MasterChef 2025 ba\u015fvuru ekran\u0131 ve \u015fartlar\u0131n\u0131 ara\u015ft\u0131rmaya koyuldu. Peki, MasterChef 2025\u2019e nas\u0131l ba\u015fvurulur? Kimler ba\u015fvuru yapabilir? Yar\u0131\u015fmaya kat\u0131lmak i\u00e7in gerekli kriterler neler? \u0130\u015fte MasterChef 2025 ba\u015fvurusu hakk\u0131nda merak edilen t\u00fcm detaylar\u2026<\/p>\n<h3>MASTERCHEF 2025 YARI\u015eMASI NE ZAMAN BA\u015eLAYACAK?<\/h3>\n<p class=\"p1\">TV8 ekranlar\u0131nda yay\u0131nlanan ve her sezon b\u00fcy\u00fck ilgi g\u00f6ren MasterChef, yeni sezon haz\u0131rl\u0131klar\u0131na \u015fimdiden ba\u015flad\u0131. MasterChef 2024 finalinin ard\u0131ndan yar\u0131\u015fman\u0131n tutkunlar\u0131, yeni sezonun ne zaman ba\u015flayaca\u011f\u0131n\u0131 merak ederken, yar\u0131\u015fmaya kat\u0131lmak isteyen adaylar ise ba\u015fvuru s\u00fcrecini ara\u015ft\u0131r\u0131yor. \u015eu s\u0131ralar Survivor 2025\u2019in ekranda olmas\u0131 nedeniyle MasterChef\u2019in yeni sezonu i\u00e7in biraz daha beklemek gerekse de, ba\u015fvurular \u015fimdiden al\u0131nmaya ba\u015fland\u0131. Peki, MasterChef 2025\u2019e nas\u0131l ba\u015fvurulur? \u0130\u015fte merak edilen t\u00fcm detaylar\u2026<\/p>\n<p><img loading=\"lazy\" decoding=\"async\" class=\"alignnone wp-image-131799 size-large\" src=\"https:\/\/www.tgrthaber.com\/mavikadin\/wp-content\/uploads\/Ekran-Resmi-2025-02-10-18.48.20-1024x489.png\" alt=\"\" width=\"1024\" height=\"489\" title=\"\" srcset=\"https:\/\/www.tgrthaber.com\/mavikadin\/wp-content\/uploads\/Ekran-Resmi-2025-02-10-18.48.20-1024x489.png 1024w, https:\/\/www.tgrthaber.com\/mavikadin\/wp-content\/uploads\/Ekran-Resmi-2025-02-10-18.48.20-300x143.png 300w, https:\/\/www.tgrthaber.com\/mavikadin\/wp-content\/uploads\/Ekran-Resmi-2025-02-10-18.48.20-768x367.png 768w, https:\/\/www.tgrthaber.com\/mavikadin\/wp-content\/uploads\/Ekran-Resmi-2025-02-10-18.48.20.png 1080w\" sizes=\"(max-width: 1024px) 100vw, 1024px\" \/><\/p>\n<hr \/>\n<p class=\"p1\">MasterChef\u2019e kat\u0131lmak isteyen adaylar i\u00e7in TV8\u2019in resmi internet sitesinde ba\u015fvuru formu yay\u0131nland\u0131. Yar\u0131\u015fmaya kat\u0131lmak isteyenlerin \u00f6ncelikle bu formu eksiksiz bir \u015fekilde doldurmas\u0131 gerekiyor. Ad, soyad, do\u011fum tarihi ve ileti\u015fim bilgileri gibi temel bilgilerin yan\u0131 s\u0131ra, yemek konusundaki tecr\u00fcbeler ve mutfak becerileri hakk\u0131nda da detayl\u0131 sorular yer al\u0131yor.<\/p>\n<h3 class=\"p1\"><b>MASTERCHEF 2025 BA\u015eVURULAR NASIL YAPILIYOR?<\/b><b><\/b><\/h3>\n<p class=\"p1\">Ba\u015fvuru s\u00fcrecinde adaylardan, kendilerini en iyi \u015fekilde tan\u0131tacaklar\u0131 bir video \u00e7ekmeleri isteniyor. Bu videoda hem ki\u015fisel hikayelerini hem de mutfa\u011fa olan tutkular\u0131n\u0131 anlatmalar\u0131 bekleniyor. \u015eef adaylar\u0131n\u0131n, yemek konusundaki yeteneklerini, deneyimlerini ve MasterChef\u2019e neden kat\u0131lmak istediklerini i\u00e7eren bu videolar, se\u00e7ilme \u015fanslar\u0131n\u0131 art\u0131r\u0131yor.<\/p>\n<p><img loading=\"lazy\" decoding=\"async\" class=\"alignnone wp-image-131800 size-full\" src=\"https:\/\/www.tgrthaber.com\/mavikadin\/wp-content\/uploads\/Ekran-Resmi-2025-02-10-18.47.58.png\" alt=\"\" width=\"962\" height=\"584\" title=\"\" srcset=\"https:\/\/www.tgrthaber.com\/mavikadin\/wp-content\/uploads\/Ekran-Resmi-2025-02-10-18.47.58.png 962w, https:\/\/www.tgrthaber.com\/mavikadin\/wp-content\/uploads\/Ekran-Resmi-2025-02-10-18.47.58-300x182.png 300w, https:\/\/www.tgrthaber.com\/mavikadin\/wp-content\/uploads\/Ekran-Resmi-2025-02-10-18.47.58-768x466.png 768w\" sizes=\"(max-width: 962px) 100vw, 962px\" \/><\/p>\n<hr \/>\n<p class=\"p1\">MasterChef 2025 i\u00e7in geri say\u0131m s\u00fcrerken, yar\u0131\u015fman\u0131n ne zaman ba\u015flayaca\u011f\u0131 konusunda hen\u00fcz net bir a\u00e7\u0131klama yap\u0131lmad\u0131. Ancak ba\u015fvurular \u015fimdiden b\u00fcy\u00fck ilgi g\u00f6r\u00fcyor. E\u011fer siz de bu heyecan dolu yar\u0131\u015fmada yer almak istiyorsan\u0131z, ba\u015fvurular\u0131n\u0131z\u0131 ka\u00e7\u0131rmadan hemen yapabilirsiniz!<\/p>\n<p><img loading=\"lazy\" decoding=\"async\" class=\"alignnone wp-image-131801 \" src=\"https:\/\/www.tgrthaber.com\/mavikadin\/wp-content\/uploads\/Ekran-Resmi-2025-02-10-18.47.34.png\" alt=\"\" width=\"945\" height=\"559\" title=\"\" srcset=\"https:\/\/www.tgrthaber.com\/mavikadin\/wp-content\/uploads\/Ekran-Resmi-2025-02-10-18.47.34.png 876w, https:\/\/www.tgrthaber.com\/mavikadin\/wp-content\/uploads\/Ekran-Resmi-2025-02-10-18.47.34-300x177.png 300w, https:\/\/www.tgrthaber.com\/mavikadin\/wp-content\/uploads\/Ekran-Resmi-2025-02-10-18.47.34-768x454.png 768w\" sizes=\"(max-width: 945px) 100vw, 945px\" \/><\/p>\n<hr \/>\n<h3>MASTERCHEF 2024 \u015eAMP\u0130YONU K\u0130M OLDU?<\/h3>\n<p class=\"p1\">TV8 ekranlar\u0131nda aylar s\u00fcren b\u00fcy\u00fck m\u00fccadele sona erdi ve MasterChef T\u00fcrkiye 2024 \u015fampiyonu belli oldu. Final gecesinde heyecan doruktayd\u0131. \u015eeflerden toplam 68,5 puan alan Onur \u00dcresin, sezonun birincisi olarak b\u00fcy\u00fck \u00f6d\u00fcl\u00fcn sahibi oldu. Kerem Bilginer ise 63,5 puan alarak ikinci s\u0131rada yer ald\u0131. Yar\u0131\u015fman\u0131n finalinde iki ba\u015far\u0131l\u0131 isim, en \u00f6zel tabaklar\u0131n\u0131 haz\u0131rlayarak \u015feflerin be\u011fenisine sundu. Onur \u00dcresin\u2019in \u015fampiyonlu\u011fu, hem yar\u0131\u015fmac\u0131lar hem de izleyiciler taraf\u0131ndan b\u00fcy\u00fck bir co\u015fkuyla kar\u015f\u0131land\u0131.<\/p>\n","protected":false},"excerpt":{"rendered":"<p>MasterChef T\u00fcrkiye 2024 sezonunun sona ermesiyle birlikte g\u00f6zler yeni sezona \u00e7evrildi. Somer \u015eef\u2019in duyurusuyla birlikte MasterChef 2025 ba\u015fvurular\u0131 resmen ba\u015flad\u0131. Yar\u0131\u015fmaya kat\u0131lmak isteyen adaylar, ba\u015fvuru \u015fartlar\u0131n\u0131 ve s\u00fcreci ara\u015ft\u0131rmaya koyuldu. Peki, MasterChef 2025 ba\u015fvurular\u0131 nas\u0131l yap\u0131l\u0131r? \u0130\u015fte detaylar\u2026<\/p>\n","protected":false},"author":16,"featured_media":131803,"comment_status":"closed","ping_status":"closed","sticky":false,"template":"","format":"standard","meta":{"rank_math_lock_modified_date":false,"footnotes":""},"categories":[101],"tags":[2916,10484,10483],"class_list":["post-131798","post","type-post","status-publish","format-standard","has-post-thumbnail","hentry","category-kesfet","tag-masterchef-2025-basvuru","tag-masterchef-2025-basvurulari-nasil-yapiliyor","tag-masterchef-2025-yarismasi-ne-zaman-basliyor"],"_links":{"self":[{"href":"https:\/\/www.tgrthaber.com\/mavikadin\/wp-json\/wp\/v2\/posts\/131798"}],"collection":[{"href":"https:\/\/www.tgrthaber.com\/mavikadin\/wp-json\/wp\/v2\/posts"}],"about":[{"href":"https:\/\/www.tgrthaber.com\/mavikadin\/wp-json\/wp\/v2\/types\/post"}],"author":[{"embeddable":true,"href":"https:\/\/www.tgrthaber.com\/mavikadin\/wp-json\/wp\/v2\/users\/16"}],"replies":[{"embeddable":true,"href":"https:\/\/www.tgrthaber.com\/mavikadin\/wp-json\/wp\/v2\/comments?post=131798"}],"version-history":[{"count":1,"href":"https:\/\/www.tgrthaber.com\/mavikadin\/wp-json\/wp\/v2\/posts\/131798\/revisions"}],"predecessor-version":[{"id":131804,"href":"https:\/\/www.tgrthaber.com\/mavikadin\/wp-json\/wp\/v2\/posts\/131798\/revisions\/131804"}],"wp:featuredmedia":[{"embeddable":true,"href":"https:\/\/www.tgrthaber.com\/mavikadin\/wp-json\/wp\/v2\/media\/131803"}],"wp:attachment":[{"href":"https:\/\/www.tgrthaber.com\/mavikadin\/wp-json\/wp\/v2\/media?parent=131798"}],"wp:term":[{"taxonomy":"category","embeddable":true,"href":"https:\/\/www.tgrthaber.com\/mavikadin\/wp-json\/wp\/v2\/categories?post=131798"},{"taxonomy":"post_tag","embeddable":true,"href":"https:\/\/www.tgrthaber.com\/mavikadin\/wp-json\/wp\/v2\/tags?post=131798"}],"curies":[{"name":"wp","href":"https:\/\/api.w.org\/{rel}","templated":true}]}}