{"id":131812,"date":"2025-02-10T19:55:40","date_gmt":"2025-02-10T16:55:40","guid":{"rendered":"https:\/\/www.tgrthaber.com\/mavikadin\/?p=131812"},"modified":"2025-02-10T19:55:40","modified_gmt":"2025-02-10T16:55:40","slug":"kerem-alisik-evrim-alasya-aski-dolu-dizgin-devam-ediyor-elini-bir-an-olsun-birakmadi","status":"publish","type":"post","link":"https:\/\/www.tgrthaber.com\/mavikadin\/kerem-alisik-evrim-alasya-aski-dolu-dizgin-devam-ediyor-elini-bir-an-olsun-birakmadi\/","title":{"rendered":"Kerem Al\u0131\u015f\u0131k Evrim Alasya a\u015fk\u0131 dolu dizgin devam ediyor! Elini bir an olsun b\u0131rakmad\u0131!"},"content":{"rendered":"<p>\u00dcnl\u00fc oyuncular Kerem Al\u0131\u015f\u0131k ve Evrim Alasya, birlikte \u00e7\u0131kacaklar\u0131 tatil \u00f6ncesi al\u0131\u015fveri\u015f yaparken objektiflere tak\u0131ld\u0131. Bir s\u00fcredir a\u015fk ya\u015fad\u0131klar\u0131 konu\u015fulan ikili, al\u0131\u015fveri\u015f boyunca birbirlerinin elini hi\u00e7 b\u0131rakmad\u0131. \u0130\u015fte detaylar\u2026<\/p>\n<h3>KEREM ALI\u015eIK VE EVR\u0130M ALASYA \u0130LK KEZ ELELE G\u00d6R\u00dcNT\u00dcLEND\u0130!<\/h3>\n<p>\u201cA\u015fk Biter mi?\u201d adl\u0131 tiyatro oyununda ba\u015frolleri payla\u015fan Kerem Al\u0131\u015f\u0131k ve Evrim Alasya, sahnedeki uyumlar\u0131n\u0131 ger\u00e7ek hayata ta\u015f\u0131d\u0131. Rol gere\u011fi a\u015fk ya\u015fayan ikili, bir s\u00fcre \u00f6nce ger\u00e7ek hayatta da bir ili\u015fkiye ba\u015flad\u0131klar\u0131 iddialar\u0131yla g\u00fcndeme gelmi\u015fti. Son olarak, birlikte bir al\u0131\u015fveri\u015f merkezinde g\u00f6r\u00fcnt\u00fclenen \u00e7ift, mutlu beraberlikleri ile dikkat \u00e7ekti.<\/p>\n<p><img loading=\"lazy\" decoding=\"async\" class=\"alignnone wp-image-131821 size-large\" src=\"https:\/\/www.tgrthaber.com\/mavikadin\/wp-content\/uploads\/Ekran-Resmi-2025-02-10-19.46.31-1024x584.png\" alt=\"\" width=\"1024\" height=\"584\" title=\"\" srcset=\"https:\/\/www.tgrthaber.com\/mavikadin\/wp-content\/uploads\/Ekran-Resmi-2025-02-10-19.46.31-1024x584.png 1024w, https:\/\/www.tgrthaber.com\/mavikadin\/wp-content\/uploads\/Ekran-Resmi-2025-02-10-19.46.31-300x171.png 300w, https:\/\/www.tgrthaber.com\/mavikadin\/wp-content\/uploads\/Ekran-Resmi-2025-02-10-19.46.31-768x438.png 768w, https:\/\/www.tgrthaber.com\/mavikadin\/wp-content\/uploads\/Ekran-Resmi-2025-02-10-19.46.31.png 1442w\" sizes=\"(max-width: 1024px) 100vw, 1024px\" \/><\/p>\n<hr \/>\n<h3>TAT\u0130L ALI\u015eVER\u0130\u015e\u0130 YAPTILAR<\/h3>\n<p>Yak\u0131n zamanda kar tatiline \u00e7\u0131kacaklar\u0131 \u00f6\u011frenilen Kerem Al\u0131\u015f\u0131k ve Evrim Alasya, eksiklerini tamamlamak i\u00e7in \u0130stanbul\u2019un Anadolu yakas\u0131ndaki bir AVM\u2019de al\u0131\u015fveri\u015f turuna \u00e7\u0131kt\u0131. Ma\u011fazalar\u0131 el ele dola\u015fan \u00fcnl\u00fc \u00e7ift, al\u0131\u015fveri\u015flerini tamamlad\u0131ktan sonra elleri po\u015fetlerle dolu \u015fekilde ara\u00e7lar\u0131na y\u00f6neldi. Otoparkta bile birbirlerinden ayr\u0131lmayan \u00e7ift, samimi halleriyle ilgi oda\u011f\u0131 oldu.<\/p>\n<p><img loading=\"lazy\" decoding=\"async\" class=\"alignnone wp-image-131822 size-large\" src=\"https:\/\/www.tgrthaber.com\/mavikadin\/wp-content\/uploads\/Ekran-Resmi-2025-02-10-19.46.38-1024x715.png\" alt=\"\" width=\"1024\" height=\"715\" title=\"\" srcset=\"https:\/\/www.tgrthaber.com\/mavikadin\/wp-content\/uploads\/Ekran-Resmi-2025-02-10-19.46.38-1024x715.png 1024w, https:\/\/www.tgrthaber.com\/mavikadin\/wp-content\/uploads\/Ekran-Resmi-2025-02-10-19.46.38-300x209.png 300w, https:\/\/www.tgrthaber.com\/mavikadin\/wp-content\/uploads\/Ekran-Resmi-2025-02-10-19.46.38-768x536.png 768w, https:\/\/www.tgrthaber.com\/mavikadin\/wp-content\/uploads\/Ekran-Resmi-2025-02-10-19.46.38.png 1424w\" sizes=\"(max-width: 1024px) 100vw, 1024px\" \/><\/p>\n<hr \/>\n<h3>SOSYAL MEDYADA DA G\u00dcNDEM OLDU<\/h3>\n<p>AVM ziyaretleri boyunca romantik halleriyle dikkat \u00e7eken ikili, birbirlerine olan sevgilerini her f\u0131rsatta g\u00f6stermeye devam etti. \u00c7iftin el ele al\u0131\u015fveri\u015f yapmas\u0131 ve s\u00fcrekli birlikte vakit ge\u00e7irmesi, sosyal medyada da b\u00fcy\u00fck ilgi g\u00f6rd\u00fc. Hayranlar\u0131, ikilinin mutlulu\u011funu payla\u015farak onlara destek mesajlar\u0131 ya\u011fd\u0131rd\u0131.<\/p>\n<p><img loading=\"lazy\" decoding=\"async\" class=\"alignnone wp-image-131823 size-large\" src=\"https:\/\/www.tgrthaber.com\/mavikadin\/wp-content\/uploads\/Ekran-Resmi-2025-02-10-19.48.27-1024x714.png\" alt=\"\" width=\"1024\" height=\"714\" title=\"\" srcset=\"https:\/\/www.tgrthaber.com\/mavikadin\/wp-content\/uploads\/Ekran-Resmi-2025-02-10-19.48.27-1024x714.png 1024w, https:\/\/www.tgrthaber.com\/mavikadin\/wp-content\/uploads\/Ekran-Resmi-2025-02-10-19.48.27-300x209.png 300w, https:\/\/www.tgrthaber.com\/mavikadin\/wp-content\/uploads\/Ekran-Resmi-2025-02-10-19.48.27-768x535.png 768w, https:\/\/www.tgrthaber.com\/mavikadin\/wp-content\/uploads\/Ekran-Resmi-2025-02-10-19.48.27.png 1426w\" sizes=\"(max-width: 1024px) 100vw, 1024px\" \/><\/p>\n<hr \/>\n<h3 class=\"p1\">&#8220;DURUM ORTADA AMA KONU\u015eMA SUSARAK YAPILIYOR&#8221;<\/h3>\n<p class=\"p1\">Evrim Alasya ile sevgili olan Kerem Al\u0131\u015f\u0131k \u0130stanbul Havalima\u2019n\u0131nda g\u00f6r\u00fcnt\u00fclenmi\u015f ve a\u015fk iddalar\u0131na kar\u015f\u0131 verdi\u011fi \u015fu cevapla dikkat \u00e7ekmi\u015fti:<\/p>\n<p class=\"p1\">&#8220;S\u00f6yleyeceklerim k\u0131sa ve derin \u00e7\u00fcnk\u00fc s\u00f6ylenmiyor hi\u00e7bir \u015fey susmadan. Her \u015fey ortada. Hi\u00e7 saklanan, gizlenen bir durum yok. Sadece susarak konu\u015fmay\u0131 tercih ediyoruz. Bir tercih var, bir felsefe var, bir anlay\u0131\u015f var. Benim s\u00f6yleyece\u011fim bu. Durum ortada ama konu\u015fma susarak yap\u0131l\u0131yor. Biz \u00e7ok g\u00fcr\u00fclt\u00fcl\u00fc susuyoruz. Sustu\u011fumuz yerlerden tan\u0131rs\u0131n\u0131z, konu\u015fmaya gerek yok, durum ortada&#8221;<\/p>\n","protected":false},"excerpt":{"rendered":"<p>\u00dcnl\u00fc oyuncular Kerem Al\u0131\u015f\u0131k ve Evrim Alasya, tatil \u00f6ncesi al\u0131\u015fveri\u015f yaparken kameralara yans\u0131d\u0131. Uzun s\u00fcredir a\u015fk ya\u015fad\u0131klar\u0131 iddia edilen \u00e7ift, ma\u011fazalar\u0131 el ele dola\u015farak samimi halleriyle dikkat \u00e7ekti. \u0130kilinin bu g\u00f6r\u00fcnt\u00fcleri, hayranlar\u0131 taraf\u0131ndan b\u00fcy\u00fck ilgiyle kar\u015f\u0131land\u0131.<\/p>\n","protected":false},"author":16,"featured_media":131825,"comment_status":"closed","ping_status":"closed","sticky":false,"template":"","format":"standard","meta":{"rank_math_lock_modified_date":false,"footnotes":""},"categories":[76],"tags":[10488,10489,10490],"class_list":["post-131812","post","type-post","status-publish","format-standard","has-post-thumbnail","hentry","category-magazin","tag-kerem-alisik-evrim-alasya-avm","tag-kerem-alisik-evrim-alasya-elele","tag-kerem-alisik-evrim-alasya-sevgili"],"_links":{"self":[{"href":"https:\/\/www.tgrthaber.com\/mavikadin\/wp-json\/wp\/v2\/posts\/131812"}],"collection":[{"href":"https:\/\/www.tgrthaber.com\/mavikadin\/wp-json\/wp\/v2\/posts"}],"about":[{"href":"https:\/\/www.tgrthaber.com\/mavikadin\/wp-json\/wp\/v2\/types\/post"}],"author":[{"embeddable":true,"href":"https:\/\/www.tgrthaber.com\/mavikadin\/wp-json\/wp\/v2\/users\/16"}],"replies":[{"embeddable":true,"href":"https:\/\/www.tgrthaber.com\/mavikadin\/wp-json\/wp\/v2\/comments?post=131812"}],"version-history":[{"count":2,"href":"https:\/\/www.tgrthaber.com\/mavikadin\/wp-json\/wp\/v2\/posts\/131812\/revisions"}],"predecessor-version":[{"id":131827,"href":"https:\/\/www.tgrthaber.com\/mavikadin\/wp-json\/wp\/v2\/posts\/131812\/revisions\/131827"}],"wp:featuredmedia":[{"embeddable":true,"href":"https:\/\/www.tgrthaber.com\/mavikadin\/wp-json\/wp\/v2\/media\/131825"}],"wp:attachment":[{"href":"https:\/\/www.tgrthaber.com\/mavikadin\/wp-json\/wp\/v2\/media?parent=131812"}],"wp:term":[{"taxonomy":"category","embeddable":true,"href":"https:\/\/www.tgrthaber.com\/mavikadin\/wp-json\/wp\/v2\/categories?post=131812"},{"taxonomy":"post_tag","embeddable":true,"href":"https:\/\/www.tgrthaber.com\/mavikadin\/wp-json\/wp\/v2\/tags?post=131812"}],"curies":[{"name":"wp","href":"https:\/\/api.w.org\/{rel}","templated":true}]}}