{"id":131846,"date":"2025-02-10T21:11:43","date_gmt":"2025-02-10T18:11:43","guid":{"rendered":"https:\/\/www.tgrthaber.com\/mavikadin\/?p=131846"},"modified":"2025-02-11T08:53:59","modified_gmt":"2025-02-11T05:53:59","slug":"zuhal-topal-canli-yayinda-gozyaslarini-tutamadi-boludaki-yangin-faciasi-icin-istifa-cagrisi-yapti","status":"publish","type":"post","link":"https:\/\/www.tgrthaber.com\/mavikadin\/zuhal-topal-canli-yayinda-gozyaslarini-tutamadi-boludaki-yangin-faciasi-icin-istifa-cagrisi-yapti\/","title":{"rendered":"Zuhal Topal canl\u0131 yay\u0131nda g\u00f6zya\u015flar\u0131n\u0131 tutamad\u0131! Bolu\u2019daki yang\u0131n facias\u0131 i\u00e7in istifa \u00e7a\u011fr\u0131s\u0131 yapt\u0131"},"content":{"rendered":"<p class=\"p3\">Bolu Kartalkaya\u2019daki otel yang\u0131n\u0131 \u00fclke genelinde b\u00fcy\u00fck bir \u00fcz\u00fcnt\u00fcye neden oldu. Yang\u0131nda yak\u0131nlar\u0131n\u0131 kaybeden \u00fcnl\u00fc sunucu Zuhal Topal, ya\u015fad\u0131\u011f\u0131 ac\u0131y\u0131 ekranlara ta\u015f\u0131d\u0131. TV8 ekranlar\u0131nda yay\u0131nlanan Zuhal Topal\u2019la Yemekteyiz program\u0131nda konu\u015fan sunucu, g\u00f6zya\u015flar\u0131 i\u00e7inde yetkilileri sorumluluk almaya davet etti.<\/p>\n<h3 class=\"p1\"><strong>ZUHAL TOPLA CANLI YAYINDA G\u00d6ZYA\u015eLARINI TUTAMADI!<\/strong><\/h3>\n<p class=\"p3\">Bolu Kartalkaya\u2019da meydana gelen yang\u0131nda hayat\u0131n\u0131 kaybedenler aras\u0131nda Zuhal Topal\u2019\u0131n yak\u0131n dostlar\u0131 da vard\u0131. Ac\u0131 haberi canl\u0131 yay\u0131nda payla\u015fan \u00fcnl\u00fc isim, Boduro\u011flu ailesinin \u00fc\u00e7 ferdinin yang\u0131nda ya\u015fam\u0131n\u0131 yitirdi\u011fini belirtti. \u201cDostlar\u0131m\u0131 ve \u00e7ocuklar\u0131n\u0131 kaybettik\u201d diyen Topal, geride kalan tek aile \u00fcyesi Tun\u00e7 Boduro\u011flu\u2019na sab\u0131r diledi.<\/p>\n<div style=\"width: 640px;\" class=\"wp-video\"><!--[if lt IE 9]><script>document.createElement('video');<\/script><![endif]-->\n<video class=\"wp-video-shortcode\" id=\"video-131846-1\" width=\"640\" height=\"1138\" preload=\"metadata\" controls=\"controls\"><source type=\"video\/mp4\" src=\"https:\/\/www.tgrthaber.com\/mavikadin\/wp-content\/uploads\/zuhal.mp4?_=1\" \/><a href=\"https:\/\/www.tgrthaber.com\/mavikadin\/wp-content\/uploads\/zuhal.mp4\">https:\/\/www.tgrthaber.com\/mavikadin\/wp-content\/uploads\/zuhal.mp4<\/a><\/video><\/div>\n<h3 class=\"p1\"><strong>&#8221;SORUMLULAR HESAP VERMEL\u0130&#8221;\u00a0<\/strong><\/h3>\n<p class=\"p3\">Programda ya\u015fad\u0131\u011f\u0131 \u00fcz\u00fcnt\u00fcy\u00fc dile getiren Zuhal Topal, yang\u0131na kar\u015f\u0131 al\u0131nmayan \u00f6nlemleri ve ihmalleri sert bir dille ele\u015ftirdi. \u201c\u00d6l\u00fcm ka\u00e7\u0131n\u0131lmaz bir ger\u00e7ek ancak bu t\u00fcr ihmaller sonucu gelen can kay\u0131plar\u0131 y\u00fcre\u011fimizi \u00e7ok daha fazla yak\u0131yor\u201d diyen \u00fcnl\u00fc sunucu, olay\u0131n sorumlular\u0131n\u0131n istifa etmesi gerekti\u011fini vurgulad\u0131.<\/p>\n<h3 class=\"p1\"><b>&#8221;BU ACIYA SESS\u0130Z KALAMAYIZ&#8221;<\/b><\/h3>\n<p class=\"p3\">\u00dcnl\u00fc sunucu, ihmallerin \u00fcst\u00fcn\u00fcn kapat\u0131lmamas\u0131 gerekti\u011fini belirterek, kamuoyunun duyarl\u0131 olmas\u0131 gerekti\u011fini ifade etti. \u201cBu i\u015fin takip\u00e7isi olaca\u011f\u0131m, ya\u015fananlar unutulmas\u0131n\u201d diyerek yetkililere \u00e7a\u011fr\u0131da bulundu. Bolu\u2019daki trajik yang\u0131n sonras\u0131 T\u00fcrkiye\u2019nin d\u00f6rt bir yan\u0131ndan destek mesajlar\u0131 gelirken, olayla ilgili soru\u015fturman\u0131n s\u00fcrd\u00fc\u011f\u00fc bildirildi.<\/p>\n<p><img loading=\"lazy\" decoding=\"async\" class=\"alignnone wp-image-131854 size-large\" src=\"https:\/\/www.tgrthaber.com\/mavikadin\/wp-content\/uploads\/Ekran-Resmi-2025-02-10-21.06.08-1024x590.png\" alt=\"\" width=\"1024\" height=\"590\" title=\"\" srcset=\"https:\/\/www.tgrthaber.com\/mavikadin\/wp-content\/uploads\/Ekran-Resmi-2025-02-10-21.06.08-1024x590.png 1024w, https:\/\/www.tgrthaber.com\/mavikadin\/wp-content\/uploads\/Ekran-Resmi-2025-02-10-21.06.08-300x173.png 300w, https:\/\/www.tgrthaber.com\/mavikadin\/wp-content\/uploads\/Ekran-Resmi-2025-02-10-21.06.08-768x442.png 768w, https:\/\/www.tgrthaber.com\/mavikadin\/wp-content\/uploads\/Ekran-Resmi-2025-02-10-21.06.08.png 1056w\" sizes=\"(max-width: 1024px) 100vw, 1024px\" \/><\/p>\n<hr \/>\n<h3>ZUHAL TOPAL K\u0130MD\u0130R?<\/h3>\n<p class=\"p1\">T\u00fcrk televizyon d\u00fcnyas\u0131n\u0131n sevilen isimlerinden biri olan Zuhal Topal, hem sunuculuk hem de oyunculuk kariyeriyle geni\u015f bir kitleye hitap etmektedir. 23 Eyl\u00fcl 1976 tarihinde \u0130stanbul\u2019da do\u011fan Topal, kariyerine tiyatro ile ba\u015flam\u0131\u015f, ard\u0131ndan dizi ve sinema projeleriyle ad\u0131n\u0131 duyurmu\u015ftur. Ba\u015far\u0131l\u0131 oyuncu, Sihirli Annem dizisinde canland\u0131rd\u0131\u011f\u0131 Suzan karakteriyle geni\u015f bir hayran kitlesine ula\u015fm\u0131\u015ft\u0131r. Bu ba\u015far\u0131n\u0131n ard\u0131ndan, ATV\u2019de yay\u0131nlanan Selena dizisinde Fitnat Korkmaz rol\u00fcyle ekranlarda yer alm\u0131\u015f, burada sergiledi\u011fi performansla dikkatleri \u00fczerine \u00e7ekmi\u015ftir. Metin Akp\u0131nar\u2019\u0131n ba\u015frol\u00fcnde oldu\u011fu Papatyam dizisinde de konuk oyuncu olarak izleyici kar\u015f\u0131s\u0131na \u00e7\u0131kan Topal, farkl\u0131 projelerdeki ba\u015far\u0131l\u0131 performanslar\u0131yla takdir toplam\u0131\u015ft\u0131r.<\/p>\n<p class=\"p1\">Oyunculuk alan\u0131ndaki ba\u015far\u0131s\u0131n\u0131 sunuculuk kariyerine ta\u015f\u0131yan Zuhal Topal, izdiva\u00e7 programlar\u0131yla televizyon d\u00fcnyas\u0131nda farkl\u0131 bir kimlik kazand\u0131. Zuhal Topal\u2019la \u0130zdiva\u00e7 program\u0131yla evlilik temal\u0131 yap\u0131mlara \u00f6nc\u00fcl\u00fck eden sunucu, sonras\u0131nda yemek yar\u0131\u015fmas\u0131 format\u0131na y\u00f6nelerek Zuhal Topal\u2019la Yemekteyiz ile b\u00fcy\u00fck be\u011feni toplad\u0131.<\/p>\n","protected":false},"excerpt":{"rendered":"<p>Bolu Kartalkaya\u2019da meydana gelen otel yang\u0131n\u0131, b\u00fcy\u00fck bir faciaya yol a\u00e7t\u0131. Yang\u0131nda aile dostlar\u0131n\u0131 kaybeden \u00fcnl\u00fc sunucu Zuhal Topal, ac\u0131s\u0131n\u0131 canl\u0131 yay\u0131nda payla\u015ft\u0131. Zuhal Topal\u2019la Yemekteyiz program\u0131nda g\u00f6zya\u015flar\u0131n\u0131 tutamayan Topal, yetkilileri sorumluluk almaya \u00e7a\u011f\u0131rarak istifa \u00e7a\u011fr\u0131s\u0131nda bulundu.<\/p>\n","protected":false},"author":16,"featured_media":131857,"comment_status":"closed","ping_status":"closed","sticky":false,"template":"","format":"standard","meta":{"rank_math_lock_modified_date":false,"footnotes":""},"categories":[76],"tags":[10501,10500,10502],"class_list":["post-131846","post","type-post","status-publish","format-standard","has-post-thumbnail","hentry","category-magazin","tag-zuhal-topal-bolu-yangini","tag-zuhal-topal-yemekteyiz-aglama","tag-zuhal-topap-yemekteyiz-bolu-yangini"],"_links":{"self":[{"href":"https:\/\/www.tgrthaber.com\/mavikadin\/wp-json\/wp\/v2\/posts\/131846"}],"collection":[{"href":"https:\/\/www.tgrthaber.com\/mavikadin\/wp-json\/wp\/v2\/posts"}],"about":[{"href":"https:\/\/www.tgrthaber.com\/mavikadin\/wp-json\/wp\/v2\/types\/post"}],"author":[{"embeddable":true,"href":"https:\/\/www.tgrthaber.com\/mavikadin\/wp-json\/wp\/v2\/users\/16"}],"replies":[{"embeddable":true,"href":"https:\/\/www.tgrthaber.com\/mavikadin\/wp-json\/wp\/v2\/comments?post=131846"}],"version-history":[{"count":1,"href":"https:\/\/www.tgrthaber.com\/mavikadin\/wp-json\/wp\/v2\/posts\/131846\/revisions"}],"predecessor-version":[{"id":131858,"href":"https:\/\/www.tgrthaber.com\/mavikadin\/wp-json\/wp\/v2\/posts\/131846\/revisions\/131858"}],"wp:featuredmedia":[{"embeddable":true,"href":"https:\/\/www.tgrthaber.com\/mavikadin\/wp-json\/wp\/v2\/media\/131857"}],"wp:attachment":[{"href":"https:\/\/www.tgrthaber.com\/mavikadin\/wp-json\/wp\/v2\/media?parent=131846"}],"wp:term":[{"taxonomy":"category","embeddable":true,"href":"https:\/\/www.tgrthaber.com\/mavikadin\/wp-json\/wp\/v2\/categories?post=131846"},{"taxonomy":"post_tag","embeddable":true,"href":"https:\/\/www.tgrthaber.com\/mavikadin\/wp-json\/wp\/v2\/tags?post=131846"}],"curies":[{"name":"wp","href":"https:\/\/api.w.org\/{rel}","templated":true}]}}