{"id":131848,"date":"2025-02-10T21:13:21","date_gmt":"2025-02-10T18:13:21","guid":{"rendered":"https:\/\/www.tgrthaber.com\/mavikadin\/?p=131848"},"modified":"2025-02-10T21:13:22","modified_gmt":"2025-02-10T18:13:22","slug":"can-aslantug-ilk-dizisi-olan-kardelenlerdeki-rolu-ile-ilgili-konustu","status":"publish","type":"post","link":"https:\/\/www.tgrthaber.com\/mavikadin\/can-aslantug-ilk-dizisi-olan-kardelenlerdeki-rolu-ile-ilgili-konustu\/","title":{"rendered":"Can Aslantu\u011f ilk dizisi olan Kardelenler\u2019deki rol\u00fc ile ilgili konu\u015ftu!"},"content":{"rendered":"<p>Uzun s\u00fcre boyunca mutlu bir evlilik s\u00fcrd\u00fcren ancak daha sonradan anla\u015famamalar\u0131 nedeniyle yollar\u0131n\u0131 medeni bir \u015fekilde ay\u0131rmak durumunda kalan manken Arzum Onana ile ba\u015far\u0131l\u0131 oyuncu Mehmet Aslantu\u011f \u00e7ifti, \u00f6zel hayatlar\u0131n\u0131 sosyal medya hesaplar\u0131ndan sergilemeye devam ediyor.<\/p>\n<p>Kendi boylar\u0131na yeti\u015fen delikanl\u0131 o\u011fullar\u0131 Can Aslantu\u011f ise t\u0131pk\u0131 anne ve babas\u0131 gibi ekran \u00f6n\u00fcnde oyuncu olma yolunda ilerliyor. Ekranlarda yer ald\u0131\u011f\u0131 ilk dizi olan &#8216;Kardelenler&#8217; de ba\u015far\u0131l\u0131 bir performans sergileyen Can Aslantu\u011f, yeni projesi ve ailesinin oyunculuk tecr\u00fcbesine dair sa\u011flad\u0131\u011f\u0131 destek ile ilgili konu\u015ftu.<\/p>\n<h3>&#8216;KARDELENLER&#8217; D\u0130Z\u0130S\u0130N\u0130N OYUNCUSU CAN ASLANTU\u011e \u0130LK OYUNCULUK HEYECANINI PAYLA\u015eTI!<\/h3>\n<p>Verdi\u011fi bir rop\u00f6rtajda ilk defa ekran \u00f6n\u00fcnde oyunculuk performans\u0131 sergiledi\u011fi i\u00e7in duydu\u011fu heyecan\u0131 belirten Can Aslantu\u011f, a\u00e7\u0131klamas\u0131nda \u015fu ifadelere yer verdi:<\/p>\n<p><img loading=\"lazy\" decoding=\"async\" class=\"alignnone wp-image-131855\" src=\"https:\/\/www.tgrthaber.com\/mavikadin\/wp-content\/uploads\/dg-2.png\" alt=\"\" width=\"1208\" height=\"614\" title=\"\" srcset=\"https:\/\/www.tgrthaber.com\/mavikadin\/wp-content\/uploads\/dg-2.png 886w, https:\/\/www.tgrthaber.com\/mavikadin\/wp-content\/uploads\/dg-2-300x152.png 300w, https:\/\/www.tgrthaber.com\/mavikadin\/wp-content\/uploads\/dg-2-768x390.png 768w\" sizes=\"(max-width: 1208px) 100vw, 1208px\" \/><\/p>\n<hr \/>\n<p>&#8220;Evet, sonunda bulu\u015ftuk! \u00c7ok heyecanl\u0131 bir bekleyi\u015fti. \u0130\u015fimizin d\u00fcnyas\u0131 \u00e7ok zengin. Her karakterin kendi yolculu\u011funu ve hikayesini izliyoruz. En heyecan verici anlar ise bu farkl\u0131 yolculuklar\u0131n kesi\u015fti\u011fi anlar olacak. Zaman ge\u00e7tik\u00e7e izleyicilerimiz kendilerini \u00e7ok \u00e7arp\u0131c\u0131 bir hikayenin par\u00e7as\u0131 olarak bulacaklar.&#8221;<\/p>\n<h3>\u00a0OYUNCU CAN ASLANTU\u011e D\u0130Z\u0130DEK\u0130 ROL\u00dc OLAN CANKAT&#8217;I ANLATTI<\/h3>\n<p>Aslantu\u011f, dizide \u00fcstlendi\u011fi karakter olan &#8216;Cankat&#8217; i\u00e7in \u015fu ifadelerde bulundu: &#8220;Cankat&#8217;\u0131 ufaktan g\u00f6rd\u00fck. E\u011flenceli, komik ama bir o kadar da iyi kalpli bir \u00e7ocuk. Anne ve babas\u0131n\u0131n aksine, kuzenlerine sahip \u00e7\u0131kan, onlar\u0131 seven ve koruyan bir karakter olarak kar\u015f\u0131m\u0131za \u00e7\u0131kacak.<\/p>\n<p><img loading=\"lazy\" decoding=\"async\" class=\"alignnone wp-image-131859\" src=\"https:\/\/www.tgrthaber.com\/mavikadin\/wp-content\/uploads\/322-1.png\" alt=\"\" width=\"1208\" height=\"598\" title=\"\" srcset=\"https:\/\/www.tgrthaber.com\/mavikadin\/wp-content\/uploads\/322-1.png 1481w, https:\/\/www.tgrthaber.com\/mavikadin\/wp-content\/uploads\/322-1-300x148.png 300w, https:\/\/www.tgrthaber.com\/mavikadin\/wp-content\/uploads\/322-1-1024x507.png 1024w, https:\/\/www.tgrthaber.com\/mavikadin\/wp-content\/uploads\/322-1-768x380.png 768w\" sizes=\"(max-width: 1208px) 100vw, 1208px\" \/><\/p>\n<hr \/>\n<p>Cankat&#8217;\u0131n bitmek bilmeyen enerjisine hayat vermek ger\u00e7ekten keyifli. Ama sevdiklerini korumak i\u00e7in elinden geleni yapmas\u0131 beni kesinlikle etkileyen y\u00f6nlerinden biri oldu.&#8221;<\/p>\n<h3>D\u0130Z\u0130N\u0130N \u0130LK B\u00d6L\u00dcM\u00dc \u00dcNL\u00dc OYUNCUNUN EV\u0130NDE \u0130ZLEND\u0130<\/h3>\n<p>Tan\u0131t\u0131m fragmanlar\u0131n\u0131n yay\u0131nlanmas\u0131 ile izleyici kitlesi aras\u0131nda merak uyand\u0131ran dizinin ilk b\u00f6l\u00fcm\u00fcn\u00fc ba\u015frol oyuncu Bar\u0131\u015f Falay&#8217;\u0131n evinde izlediklerini belirten Aslantu\u011f,<\/p>\n<p>&#8220;Bar\u0131\u015f abi (Bar\u0131\u015f Falay) \u00e7ok ho\u015f bir hareketle evini a\u00e7t\u0131 ve t\u00fcm oyuncu arkada\u015flar\u0131m\u0131zla ilk b\u00f6l\u00fcm\u00fc beraber izlemeye davet etti. Sonraki b\u00f6l\u00fcmleri ise annem ve babamla izleyece\u011fim. Beni izlediklerindeki tepkilerini \u00e7ok merak ediyorum.&#8221; dedi.<\/p>\n","protected":false},"excerpt":{"rendered":"<p>Kardelenler dizisi ile ilk oyunculuk tecr\u00fcbesini ya\u015fayan Mehmet Aslantu\u011f ile Arzum Onan \u00e7iftinin o\u011flu Can Aslantu\u011f, oyunculuk heyecan\u0131n\u0131 ilk kez payla\u015ft\u0131.<\/p>\n","protected":false},"author":27,"featured_media":131856,"comment_status":"closed","ping_status":"closed","sticky":false,"template":"","format":"standard","meta":{"rank_math_lock_modified_date":false,"footnotes":""},"categories":[76],"tags":[2435,3274],"class_list":["post-131848","post","type-post","status-publish","format-standard","has-post-thumbnail","hentry","category-magazin","tag-can-aslantug","tag-kardelenler"],"_links":{"self":[{"href":"https:\/\/www.tgrthaber.com\/mavikadin\/wp-json\/wp\/v2\/posts\/131848"}],"collection":[{"href":"https:\/\/www.tgrthaber.com\/mavikadin\/wp-json\/wp\/v2\/posts"}],"about":[{"href":"https:\/\/www.tgrthaber.com\/mavikadin\/wp-json\/wp\/v2\/types\/post"}],"author":[{"embeddable":true,"href":"https:\/\/www.tgrthaber.com\/mavikadin\/wp-json\/wp\/v2\/users\/27"}],"replies":[{"embeddable":true,"href":"https:\/\/www.tgrthaber.com\/mavikadin\/wp-json\/wp\/v2\/comments?post=131848"}],"version-history":[{"count":2,"href":"https:\/\/www.tgrthaber.com\/mavikadin\/wp-json\/wp\/v2\/posts\/131848\/revisions"}],"predecessor-version":[{"id":131861,"href":"https:\/\/www.tgrthaber.com\/mavikadin\/wp-json\/wp\/v2\/posts\/131848\/revisions\/131861"}],"wp:featuredmedia":[{"embeddable":true,"href":"https:\/\/www.tgrthaber.com\/mavikadin\/wp-json\/wp\/v2\/media\/131856"}],"wp:attachment":[{"href":"https:\/\/www.tgrthaber.com\/mavikadin\/wp-json\/wp\/v2\/media?parent=131848"}],"wp:term":[{"taxonomy":"category","embeddable":true,"href":"https:\/\/www.tgrthaber.com\/mavikadin\/wp-json\/wp\/v2\/categories?post=131848"},{"taxonomy":"post_tag","embeddable":true,"href":"https:\/\/www.tgrthaber.com\/mavikadin\/wp-json\/wp\/v2\/tags?post=131848"}],"curies":[{"name":"wp","href":"https:\/\/api.w.org\/{rel}","templated":true}]}}