{"id":131851,"date":"2025-02-10T21:20:22","date_gmt":"2025-02-10T18:20:22","guid":{"rendered":"https:\/\/www.tgrthaber.com\/mavikadin\/?p=131851"},"modified":"2025-02-10T21:20:22","modified_gmt":"2025-02-10T18:20:22","slug":"meryem-uzerli-kizi-laranin-11-yas-gununu-ailesiyle-kutladi","status":"publish","type":"post","link":"https:\/\/www.tgrthaber.com\/mavikadin\/meryem-uzerli-kizi-laranin-11-yas-gununu-ailesiyle-kutladi\/","title":{"rendered":"Meryem Uzerli k\u0131z\u0131 Lara\u2019n\u0131n 11.ya\u015f g\u00fcn\u00fcn\u00fc ailesiyle kutlad\u0131!"},"content":{"rendered":"<p>\u00dcnl\u00fc oyuncu Meryem Uzerli, Can Ate\u015f ile ya\u015fad\u0131\u011f\u0131 birliktelik sona erince hamile oldu\u011funu a\u00e7\u0131klam\u0131\u015ft\u0131. Meryem Uzerli, \u015eubat 2014&#8217;te k\u0131z\u0131 Lara\u2019y\u0131 d\u00fcnyaya getirdi. Uzerli, sosyal medya hesab\u0131ndan k\u0131z\u0131 Lara\u2019n\u0131n d\u00fcnyaya geli\u015f an\u0131ndaki foto\u011fraflar\u0131n\u0131 payla\u015ft\u0131. G\u00fczel oyuncunun b\u00fcy\u00fck k\u0131z\u0131 Lara i\u00e7in sosyal medyada yazd\u0131klar\u0131 takip\u00e7ileri taraf\u0131ndan \u00e7ok be\u011fenildi. Meryem Uzerli k\u0131z\u0131 Lara\u2019n\u0131n 11&#8217;inci ya\u015f\u0131n\u0131 kutlayarak; &#8220;Senin annen oldu\u011fum i\u00e7in gurur duyuyorum&#8221; s\u00f6zleriyle payla\u015ft\u0131.<\/p>\n<h3>UZERLI KIZI LARA 11 YA\u015eINDA!<\/h3>\n<p>Meryem Uzerli\u2019nin ilk g\u00f6z a\u011fr\u0131s\u0131 k\u0131z\u0131 Lara, bug\u00fcn 11. Ya\u015f\u0131na bast\u0131. Uzerli bu \u00f6zel g\u00fcn\u00fc k\u0131zlar\u0131 ve ailesiyle birlikte kutlad\u0131. Meryem Uzerli k\u0131z\u0131 Lara i\u00e7in haz\u0131rlad\u0131\u011f\u0131 do\u011fum g\u00fcn\u00fc pastas\u0131n\u0131 ve s\u00fcslerini sosyal medyada takip\u00e7ileriyle payla\u015ft\u0131. Uzerli\u2019nin k\u0131z\u0131 Lara\u2019n\u0131n do\u011fun g\u00fcn\u00fc annesi, babas\u0131 ile kutlad\u0131. Lara\u2019n\u0131n do\u011fum g\u00fcn\u00fc konseptini k\u00f6pek temal\u0131 se\u00e7en Uzerli, ne\u015feli ve \u00f6zel anlar\u0131 sosyal medya hesab\u0131nda sevenleriyle de kutlad\u0131.<\/p>\n<p><img loading=\"lazy\" decoding=\"async\" class=\"alignnone wp-image-131865\" src=\"https:\/\/www.tgrthaber.com\/mavikadin\/wp-content\/uploads\/meryem-uzerli-kizi-lara-11.-yas-gunu-300x169.jpg\" alt=\"meryem uzerli k\u0131z\u0131 lara 11. ya\u015f g\u00fcn\u00fc\" width=\"1208\" height=\"680\" title=\"\" srcset=\"https:\/\/www.tgrthaber.com\/mavikadin\/wp-content\/uploads\/meryem-uzerli-kizi-lara-11.-yas-gunu-300x169.jpg 300w, https:\/\/www.tgrthaber.com\/mavikadin\/wp-content\/uploads\/meryem-uzerli-kizi-lara-11.-yas-gunu-1024x576.jpg 1024w, https:\/\/www.tgrthaber.com\/mavikadin\/wp-content\/uploads\/meryem-uzerli-kizi-lara-11.-yas-gunu-768x432.jpg 768w, https:\/\/www.tgrthaber.com\/mavikadin\/wp-content\/uploads\/meryem-uzerli-kizi-lara-11.-yas-gunu-1536x864.jpg 1536w, https:\/\/www.tgrthaber.com\/mavikadin\/wp-content\/uploads\/meryem-uzerli-kizi-lara-11.-yas-gunu.jpg 1920w\" sizes=\"(max-width: 1208px) 100vw, 1208px\" \/><\/p>\n<hr \/>\n<h3>\u201cANNEN OLDU\u011eUN \u0130\u00c7\u0130N GURUR DUYUYORUM\u201d<\/h3>\n<p>Meryem Uzerli k\u0131z\u0131 Lara\u2019n\u0131n do\u011fum g\u00fcn\u00fc i\u00e7in sosyal medya hesab\u0131ndan duygu dolu bir payla\u015f\u0131m yapt\u0131. Uzerli, k\u0131z\u0131 Lara i\u00e7in \u015fu s\u00f6zleri kulland\u0131.<\/p>\n<p>&#8220;Aman Tanr\u0131m&#8230; 11 y\u0131l! Seni ne kadar sevdi\u011fimi kelimelerle tarif edemem. B\u00fcy\u00fcmeme yard\u0131m ettin, bana destek oldun ve ben de sana yard\u0131m edebilmek i\u00e7in elimden geleni yap\u0131yorum. Sen inan\u0131lmaz bir ruhsun ve senin annen oldu\u011fum i\u00e7in \u00e7ok gururluyum. Seninle gurur duyuyorum. Oldu\u011fun gibi m\u00fckemmelsin. \u0130yi ki do\u011fdun b\u00fcy\u00fck a\u015fk\u0131m. T\u00fcm dileklerin ger\u00e7ek olsun\u201d<\/p>\n<div style=\"width: 640px;\" class=\"wp-video\"><!--[if lt IE 9]><script>document.createElement('video');<\/script><![endif]-->\n<video class=\"wp-video-shortcode\" id=\"video-131851-1\" width=\"640\" height=\"702\" preload=\"metadata\" controls=\"controls\"><source type=\"video\/mp4\" src=\"https:\/\/www.tgrthaber.com\/mavikadin\/wp-content\/uploads\/meryem-uzerli-kizi-laranin-11-yas-gunu.mp4?_=1\" \/><a href=\"https:\/\/www.tgrthaber.com\/mavikadin\/wp-content\/uploads\/meryem-uzerli-kizi-laranin-11-yas-gunu.mp4\">https:\/\/www.tgrthaber.com\/mavikadin\/wp-content\/uploads\/meryem-uzerli-kizi-laranin-11-yas-gunu.mp4<\/a><\/video><\/div>\n<hr \/>\n<p>&nbsp;<\/p>\n","protected":false},"excerpt":{"rendered":"<p>\u00dcnl\u00fc oyuncu Meryem Uzerli, Can Ate\u015f ile olan birlikteli\u011finden d\u00fcnyaya getirdi\u011fi k\u0131z\u0131 Lara\u2019n\u0131n 11.ya\u015f g\u00fcn\u00fcn\u00fc kutlad\u0131. Uzerli, k\u0131z\u0131 Lara\u2019n\u0131n bebeklik halinden \u015fimdiki hallini g\u00f6steren foto\u011fraflar\u0131 duygusal bir mesajla payla\u015ft\u0131. <\/p>\n","protected":false},"author":10,"featured_media":131853,"comment_status":"closed","ping_status":"closed","sticky":false,"template":"","format":"standard","meta":{"rank_math_lock_modified_date":false,"footnotes":""},"categories":[76],"tags":[10503,10505,10504],"class_list":["post-131851","post","type-post","status-publish","format-standard","has-post-thumbnail","hentry","category-magazin","tag-meryem-uzerli-kizi-lara","tag-meryem-uzerli-kizi-lara-11-yas-gunu","tag-meryem-uzerli-kizi-lara-dogum-gunu"],"_links":{"self":[{"href":"https:\/\/www.tgrthaber.com\/mavikadin\/wp-json\/wp\/v2\/posts\/131851"}],"collection":[{"href":"https:\/\/www.tgrthaber.com\/mavikadin\/wp-json\/wp\/v2\/posts"}],"about":[{"href":"https:\/\/www.tgrthaber.com\/mavikadin\/wp-json\/wp\/v2\/types\/post"}],"author":[{"embeddable":true,"href":"https:\/\/www.tgrthaber.com\/mavikadin\/wp-json\/wp\/v2\/users\/10"}],"replies":[{"embeddable":true,"href":"https:\/\/www.tgrthaber.com\/mavikadin\/wp-json\/wp\/v2\/comments?post=131851"}],"version-history":[{"count":2,"href":"https:\/\/www.tgrthaber.com\/mavikadin\/wp-json\/wp\/v2\/posts\/131851\/revisions"}],"predecessor-version":[{"id":131868,"href":"https:\/\/www.tgrthaber.com\/mavikadin\/wp-json\/wp\/v2\/posts\/131851\/revisions\/131868"}],"wp:featuredmedia":[{"embeddable":true,"href":"https:\/\/www.tgrthaber.com\/mavikadin\/wp-json\/wp\/v2\/media\/131853"}],"wp:attachment":[{"href":"https:\/\/www.tgrthaber.com\/mavikadin\/wp-json\/wp\/v2\/media?parent=131851"}],"wp:term":[{"taxonomy":"category","embeddable":true,"href":"https:\/\/www.tgrthaber.com\/mavikadin\/wp-json\/wp\/v2\/categories?post=131851"},{"taxonomy":"post_tag","embeddable":true,"href":"https:\/\/www.tgrthaber.com\/mavikadin\/wp-json\/wp\/v2\/tags?post=131851"}],"curies":[{"name":"wp","href":"https:\/\/api.w.org\/{rel}","templated":true}]}}