{"id":131863,"date":"2025-02-10T21:41:03","date_gmt":"2025-02-10T18:41:03","guid":{"rendered":"https:\/\/www.tgrthaber.com\/mavikadin\/?p=131863"},"modified":"2025-02-10T23:04:14","modified_gmt":"2025-02-10T20:04:14","slug":"esref-ruyanin-nisani-demet-ozdemir-bomba-gibi-geliyor-unlu-isimden-ders-almaya-basladi","status":"publish","type":"post","link":"https:\/\/www.tgrthaber.com\/mavikadin\/esref-ruyanin-nisani-demet-ozdemir-bomba-gibi-geliyor-unlu-isimden-ders-almaya-basladi\/","title":{"rendered":"E\u015fref R\u00fcya&#8217;n\u0131n Nisan&#8217;\u0131 Demet \u00d6zdemir bomba gibi geliyor! \u00dcnl\u00fc isimden ders almaya ba\u015flad\u0131"},"content":{"rendered":"<p>Ekranlar\u0131n sevilen isimleri aras\u0131nda yer alan Demet \u00d6zdemir, \u00c7a\u011fatay Ulusoy ile beraber rol alaca\u011f\u0131 yeni dizisi E\u015fref R\u00fcya hakk\u0131ndan yeni bilgiler payla\u015ft\u0131. Oyuncu \u00d6zdemir, dizide m\u00fczisyen Nisan isimli karakteri oynayacak. Birsen Altunta\u015f\u2019\u0131n haberine g\u00f6re Ulu\u00e7 Bayraktar&#8217;\u0131n y\u00f6netmen kadrosunda oldu\u011fu dizide oyuncu \u015fark\u0131lar\u0131 kendi seslendirece\u011fi i\u00e7in usta sanat\u00e7\u0131 Metin \u00d6z\u00fclk\u00fc\u2019den ders ald\u0131\u011f\u0131n\u0131 duyurdu.<\/p>\n<h3>DEMET \u00d6ZDEM\u0130R HAZIRLIKLARA BA\u015eLADI!<\/h3>\n<p>G\u00fczel oyuncu Demet \u00d6zdemir,\u00a0 Instagram hesab\u0131ndan yapt\u0131\u011f\u0131 payla\u015f\u0131mda, Metin \u00d6z\u00fclk\u00fc\u2019y\u00fc de etiketleyerek, \u201cBu hayattaki en g\u00fczel \u015fey sevdi\u011fin insanlarla yol y\u00fcr\u00fcmek\u2026 \u0130yi ki vars\u0131n, \u00e7ok \u015fansl\u0131y\u0131m\u201d ifadelerini kulland\u0131. \u00d6te yandan kulislerde aktar\u0131lan bilgiler do\u011frultusunda, \u00c7a\u011fatay Ulusoy\u2018un hayat verdi\u011fi E\u015fref karakteri ile Nisan karakterinin yollar\u0131 bir a\u015firet d\u00fc\u011f\u00fcn\u00fcnde kesi\u015fecek.<\/p>\n<p><img loading=\"lazy\" decoding=\"async\" class=\"alignnone wp-image-131875\" src=\"https:\/\/www.tgrthaber.com\/mavikadin\/wp-content\/uploads\/demet-ozdemir-metin-ozulk-204x300.png\" alt=\"\" width=\"1280\" height=\"1887\" title=\"\" srcset=\"https:\/\/www.tgrthaber.com\/mavikadin\/wp-content\/uploads\/demet-ozdemir-metin-ozulk-204x300.png 204w, https:\/\/www.tgrthaber.com\/mavikadin\/wp-content\/uploads\/demet-ozdemir-metin-ozulk.png 386w\" sizes=\"(max-width: 1280px) 100vw, 1280px\" \/><\/p>\n<hr \/>\n<h3>DEMET \u00d6ZDEM\u0130R K\u0130MD\u0130R?<\/h3>\n<p>Ba\u015far\u0131l\u0131 ve g\u00fczel oyuncu Demet \u00d6zdemir, 26 \u015eubat 1992 y\u0131l\u0131nda Kocaeli&#8217;nde d\u00fcnyaya geldi. Anne ve babas\u0131n\u0131n bo\u015fanmas\u0131n\u0131n ard\u0131ndan \u0130stanbul&#8217; ablas\u0131yla gelen isim ilk olarak dans kursuna ba\u015flad\u0131.\u00a0 Oyunculu\u011fa ise reklam filmlerinde rol alarak ba\u015flayan Demet \u00d6zdemir, liseden sonra oyunculuk e\u011fitimi alm\u0131\u015ft\u0131r.<\/p>\n<p>Sana Bir S\u0131r Verece\u011fim adl\u0131 dizisinde Aylin karakteri ile oyunculuk sekt\u00f6r\u00fcne giri\u015f yapan isim ard\u0131ndan, Kurt Seyit ve \u015eura, Ka\u00e7ak Gelinler, \u00c7ilek Kokusu, Erkenci Ku\u015f, Do\u011fdu\u011fun Ev Kaderindir ve No: 309 gibi b\u00fcy\u00fck ve sevilen projelerde rol ald\u0131. \u00d6zdemir, ayr\u0131ca Tut S\u00f6z\u00fcn\u00fc ve Sen Kiminle Dans Ediyorsun? gibi filmlerde de boy g\u00f6stermi\u015ftir.<\/p>\n<p><img loading=\"lazy\" decoding=\"async\" class=\"alignnone wp-image-131874\" src=\"https:\/\/www.tgrthaber.com\/mavikadin\/wp-content\/uploads\/demet-ozdemir-2-300x171.jpg\" alt=\"\" width=\"1280\" height=\"731\" title=\"\" srcset=\"https:\/\/www.tgrthaber.com\/mavikadin\/wp-content\/uploads\/demet-ozdemir-2-300x171.jpg 300w, https:\/\/www.tgrthaber.com\/mavikadin\/wp-content\/uploads\/demet-ozdemir-2.jpg 630w\" sizes=\"(max-width: 1280px) 100vw, 1280px\" \/><\/p>\n<hr \/>\n<p>Erkenci Ku\u015f dizisindeki rol\u00fcyle Murex D&#8217;or \u00d6d\u00fclleri&#8217;nde En \u0130yi Kad\u0131n Oyuncu \u00d6d\u00fcl\u00fc&#8217;n\u00fc ald\u0131.<\/p>\n<p>Oyuncu \u015fark\u0131c\u0131 O\u011fuzhan Ko\u00e7 ile Erkenci Ku\u015f dizisindeki rol\u00fcyle Murex D&#8217;or \u00d6d\u00fclleri&#8217;nde En \u0130yi Kad\u0131n Oyuncu \u00d6d\u00fcl\u00fc&#8217;n\u00fc ald\u0131.<\/p>\n<p>28 A\u011fustos 2022 tarihinde evlendi. \u00c7ift 13 Nisan 2023 tarihinde evliliklerini bitirme karar\u0131 ald\u0131. 8 May\u0131s 2023 tarihinde resmi olarak bo\u015fand\u0131lar. 170 cm boyunda olan Demet \u00d6zdemir, 56 kg ve bal\u0131k burcudur.<\/p>\n","protected":false},"excerpt":{"rendered":"<p>\u00dcnl\u00fc oyuncu Demet \u00d6zdemir, ekranlara E\u015fref R\u00fcya dizisi ile d\u00f6n\u00fcyor. Burada Nisan isimli m\u00fczisyen karakterini oynayacak olan \u00d6zdemir, ger\u00e7ekle\u015ftirdi\u011fi provalar hakk\u0131nda bilgi verdi. Demet \u00d6zdemir, o me\u015fhur isimden ders ald\u0131\u011f\u0131n\u0131 duyurdu. <\/p>\n","protected":false},"author":33,"featured_media":131876,"comment_status":"closed","ping_status":"closed","sticky":false,"template":"","format":"standard","meta":{"rank_math_lock_modified_date":false,"footnotes":""},"categories":[602,76],"tags":[10511,10509,10510],"class_list":["post-131863","post","type-post","status-publish","format-standard","has-post-thumbnail","hentry","category-diziler","category-magazin","tag-demet-ozdemir-esref-ruya","tag-esref-ruya-nisan","tag-metin-ozulku"],"_links":{"self":[{"href":"https:\/\/www.tgrthaber.com\/mavikadin\/wp-json\/wp\/v2\/posts\/131863"}],"collection":[{"href":"https:\/\/www.tgrthaber.com\/mavikadin\/wp-json\/wp\/v2\/posts"}],"about":[{"href":"https:\/\/www.tgrthaber.com\/mavikadin\/wp-json\/wp\/v2\/types\/post"}],"author":[{"embeddable":true,"href":"https:\/\/www.tgrthaber.com\/mavikadin\/wp-json\/wp\/v2\/users\/33"}],"replies":[{"embeddable":true,"href":"https:\/\/www.tgrthaber.com\/mavikadin\/wp-json\/wp\/v2\/comments?post=131863"}],"version-history":[{"count":1,"href":"https:\/\/www.tgrthaber.com\/mavikadin\/wp-json\/wp\/v2\/posts\/131863\/revisions"}],"predecessor-version":[{"id":131877,"href":"https:\/\/www.tgrthaber.com\/mavikadin\/wp-json\/wp\/v2\/posts\/131863\/revisions\/131877"}],"wp:featuredmedia":[{"embeddable":true,"href":"https:\/\/www.tgrthaber.com\/mavikadin\/wp-json\/wp\/v2\/media\/131876"}],"wp:attachment":[{"href":"https:\/\/www.tgrthaber.com\/mavikadin\/wp-json\/wp\/v2\/media?parent=131863"}],"wp:term":[{"taxonomy":"category","embeddable":true,"href":"https:\/\/www.tgrthaber.com\/mavikadin\/wp-json\/wp\/v2\/categories?post=131863"},{"taxonomy":"post_tag","embeddable":true,"href":"https:\/\/www.tgrthaber.com\/mavikadin\/wp-json\/wp\/v2\/tags?post=131863"}],"curies":[{"name":"wp","href":"https:\/\/api.w.org\/{rel}","templated":true}]}}