{"id":131947,"date":"2025-02-11T09:30:41","date_gmt":"2025-02-11T06:30:41","guid":{"rendered":"https:\/\/www.tgrthaber.com\/mavikadin\/?p=131947"},"modified":"2025-02-11T09:31:54","modified_gmt":"2025-02-11T06:31:54","slug":"ozan-guven-benden-iceri-dizisi-icin-imaj-degistirdi-adnan-rolu-icin-biyik-birakti","status":"publish","type":"post","link":"https:\/\/www.tgrthaber.com\/mavikadin\/ozan-guven-benden-iceri-dizisi-icin-imaj-degistirdi-adnan-rolu-icin-biyik-birakti\/","title":{"rendered":"Ozan G\u00fcven Benden \u0130\u00e7eri dizisi i\u00e7in imaj de\u011fi\u015ftirdi! Adnan rol\u00fc i\u00e7in b\u0131y\u0131k b\u0131rakt\u0131"},"content":{"rendered":"<p>Benden \u0130\u00e7eri dizisinde Psikiyatr Adnan rol\u00fc i\u00e7in b\u0131y\u0131k b\u0131rakan Ozan G\u00fcven sosyal medyada g\u00fcndem oldu. Yeni haliyle dikkat \u00e7eken \u00fcnl\u00fc isme takip\u00e7ilerinden be\u011feni ve yorumlar pe\u015f pe\u015fe geldi.<\/p>\n<h3>OZAN G\u00dcVEN \u0130MAJ YEN\u0130LED\u0130<\/h3>\n<p>Benden \u0130\u00e7eri dizisinde B\u00fc\u015fra Develi ile ba\u015frol\u00fc payla\u015fan Ozan G\u00fcven Adnan karakteri i\u00e7in b\u0131y\u0131k b\u0131rakt\u0131. G\u00fc\u00e7l\u00fc oyuncu kadrosu ve senaryosu ile dikkat \u00e7eken \u2018Benden \u0130\u00e7eri\u2019 dizisi \u015fimdiden seyircinin ilgi oda\u011f\u0131 olmay\u0131 ba\u015fard\u0131.<\/p>\n<p>\u00c7ekimlerine ge\u00e7ti\u011fimiz g\u00fcn ba\u015flanan dizide senaryoyu Ay\u015fe Banu Ba\u015far\u0131c\u0131 kaleme al\u0131yor. Y\u00f6netmen koltu\u011funda Arda Sar\u0131g\u00fcn\u2019\u00fcn oturdu\u011fu dizide yap\u0131m BJ Prod\u00fcksiyon\u2019a ait.<\/p>\n<p><img loading=\"lazy\" decoding=\"async\" class=\"alignnone wp-image-131949\" src=\"https:\/\/www.tgrthaber.com\/mavikadin\/wp-content\/uploads\/Ozan-Guven.jpg\" alt=\"\" width=\"1208\" height=\"680\" title=\"\" srcset=\"https:\/\/www.tgrthaber.com\/mavikadin\/wp-content\/uploads\/Ozan-Guven.jpg 1600w, https:\/\/www.tgrthaber.com\/mavikadin\/wp-content\/uploads\/Ozan-Guven-300x169.jpg 300w, https:\/\/www.tgrthaber.com\/mavikadin\/wp-content\/uploads\/Ozan-Guven-1024x576.jpg 1024w, https:\/\/www.tgrthaber.com\/mavikadin\/wp-content\/uploads\/Ozan-Guven-768x432.jpg 768w, https:\/\/www.tgrthaber.com\/mavikadin\/wp-content\/uploads\/Ozan-Guven-1536x864.jpg 1536w\" sizes=\"(max-width: 1208px) 100vw, 1208px\" \/><\/p>\n<hr \/>\n<h3>OZAN G\u00dcVEN \u0130LE B\u00dc\u015eRA DEVEL\u0130 BA\u015eROLDE<\/h3>\n<p>\u201cPsikiyatr Adnan\u201d karakterini oynayacak Ozan G\u00fcven ba\u015frol\u00fc B\u00fc\u015fra Develi ile payla\u015facak. Toplamda 10 b\u00f6l\u00fcml\u00fck mini bir dizi haline gelecek olan projede B\u00fc\u015fra Develi psikiyatr Adnan\u2019\u0131n \u201cHande\u201d isimli i\u015f insan\u0131 dan\u0131\u015fan\u0131 rol\u00fcn\u00fc \u00fcstlenecek.<\/p>\n<p><img loading=\"lazy\" decoding=\"async\" class=\"alignnone wp-image-131950\" src=\"https:\/\/www.tgrthaber.com\/mavikadin\/wp-content\/uploads\/Ozan-Guven-2-1.jpg\" alt=\"\" width=\"1208\" height=\"680\" title=\"\" srcset=\"https:\/\/www.tgrthaber.com\/mavikadin\/wp-content\/uploads\/Ozan-Guven-2-1.jpg 1600w, https:\/\/www.tgrthaber.com\/mavikadin\/wp-content\/uploads\/Ozan-Guven-2-1-300x169.jpg 300w, https:\/\/www.tgrthaber.com\/mavikadin\/wp-content\/uploads\/Ozan-Guven-2-1-1024x576.jpg 1024w, https:\/\/www.tgrthaber.com\/mavikadin\/wp-content\/uploads\/Ozan-Guven-2-1-768x432.jpg 768w, https:\/\/www.tgrthaber.com\/mavikadin\/wp-content\/uploads\/Ozan-Guven-2-1-1536x864.jpg 1536w\" sizes=\"(max-width: 1208px) 100vw, 1208px\" \/><\/p>\n<hr \/>\n<h3>BENDEN \u0130\u00c7ER\u0130 OYUNCU KADROSU<\/h3>\n<p>Benden \u0130\u00e7eri dizisinin etkileyici oyuncu kadrosu g\u00fc\u00e7l\u00fc isimlerden meydana geliyor.<\/p>\n<p><strong>Ozan G\u00fcven (Adnan):<\/strong> Dan\u0131\u015fanlar\u0131n\u0131n sorunlar\u0131yla yak\u0131ndan ilgilenen ve kendi ge\u00e7mi\u015fiyle de y\u00fczle\u015fen psikiyatrist olacak.<br \/>\n<strong>B\u00fc\u015fra Develi (Hande):<\/strong> \u0130\u015f kad\u0131n\u0131 Hande rol\u00fcndeki B\u00fc\u015fra Develi hayat\u0131ndaki s\u0131rlar\u0131 a\u00e7\u0131\u011fa \u00e7\u0131karmaya \u00e7al\u0131\u015facak.<br \/>\n<strong>Cem Bender (Turgut):<\/strong> Turgut emekli bir b\u00fcrokrat olarak boy g\u00f6sterecek. Adnan\u2019\u0131n dan\u0131\u015fanlar\u0131ndan biri olacak.<br \/>\n<strong>Sena Kal\u0131p (Derya):<\/strong> Gen\u00e7 ve duygusal bir kad\u0131n rol\u00fcnde olacak. Ayn\u0131 zamanda Adnan\u2019\u0131n dikkat \u00e7eken dan\u0131\u015fanlar\u0131ndan birini \u00fcstlenecek.<br \/>\n<strong>Ba\u015fak Da\u015fman (Suna):<\/strong> Adnan\u2019\u0131n e\u015fi Suna karakterini oynayacak. Aile i\u00e7indeki olaylar\u0131 g\u00f6zler \u00f6n\u00fcne serecek.<br \/>\n<strong>Hakan Ger\u00e7ek (M\u00fcnir):<\/strong> Adnan\u2019\u0131n hem ak\u0131l hocas\u0131 hem meslekta\u015f\u0131 olacak.<\/p>\n","protected":false},"excerpt":{"rendered":"<p>Ozan G\u00fcven Benden \u0130\u00e7eri dizisinde Psikiyatr Adnan rol\u00fc i\u00e7in imaj de\u011fi\u015ftirdi. Oynayaca\u011f\u0131 karakter i\u00e7in b\u0131y\u0131k b\u0131rakan \u00fcnl\u00fc oyuncunun yeni hali be\u011feni toplad\u0131.<\/p>\n","protected":false},"author":5,"featured_media":131948,"comment_status":"closed","ping_status":"closed","sticky":false,"template":"","format":"standard","meta":{"rank_math_lock_modified_date":false,"footnotes":""},"categories":[76],"tags":[8882,10530,8883],"class_list":["post-131947","post","type-post","status-publish","format-standard","has-post-thumbnail","hentry","category-magazin","tag-benden-iceri","tag-benden-iceri-ozan-guven","tag-ozan-guven"],"_links":{"self":[{"href":"https:\/\/www.tgrthaber.com\/mavikadin\/wp-json\/wp\/v2\/posts\/131947"}],"collection":[{"href":"https:\/\/www.tgrthaber.com\/mavikadin\/wp-json\/wp\/v2\/posts"}],"about":[{"href":"https:\/\/www.tgrthaber.com\/mavikadin\/wp-json\/wp\/v2\/types\/post"}],"author":[{"embeddable":true,"href":"https:\/\/www.tgrthaber.com\/mavikadin\/wp-json\/wp\/v2\/users\/5"}],"replies":[{"embeddable":true,"href":"https:\/\/www.tgrthaber.com\/mavikadin\/wp-json\/wp\/v2\/comments?post=131947"}],"version-history":[{"count":2,"href":"https:\/\/www.tgrthaber.com\/mavikadin\/wp-json\/wp\/v2\/posts\/131947\/revisions"}],"predecessor-version":[{"id":131952,"href":"https:\/\/www.tgrthaber.com\/mavikadin\/wp-json\/wp\/v2\/posts\/131947\/revisions\/131952"}],"wp:featuredmedia":[{"embeddable":true,"href":"https:\/\/www.tgrthaber.com\/mavikadin\/wp-json\/wp\/v2\/media\/131948"}],"wp:attachment":[{"href":"https:\/\/www.tgrthaber.com\/mavikadin\/wp-json\/wp\/v2\/media?parent=131947"}],"wp:term":[{"taxonomy":"category","embeddable":true,"href":"https:\/\/www.tgrthaber.com\/mavikadin\/wp-json\/wp\/v2\/categories?post=131947"},{"taxonomy":"post_tag","embeddable":true,"href":"https:\/\/www.tgrthaber.com\/mavikadin\/wp-json\/wp\/v2\/tags?post=131947"}],"curies":[{"name":"wp","href":"https:\/\/api.w.org\/{rel}","templated":true}]}}