{"id":131958,"date":"2025-02-11T10:33:38","date_gmt":"2025-02-11T07:33:38","guid":{"rendered":"https:\/\/www.tgrthaber.com\/mavikadin\/?p=131958"},"modified":"2025-02-11T11:18:57","modified_gmt":"2025-02-11T08:18:57","slug":"alper-kul-ve-aylin-kontente-ciftinden-13-yil-sonra-bir-ilk","status":"publish","type":"post","link":"https:\/\/www.tgrthaber.com\/mavikadin\/alper-kul-ve-aylin-kontente-ciftinden-13-yil-sonra-bir-ilk\/","title":{"rendered":"Alper Kul ve Aylin Kontente \u00e7iftinden 13 y\u0131l sonra bir ilk"},"content":{"rendered":"<p>T\u00fcrk televizyonlar\u0131n\u0131n sevilen \u00e7ifti Alper Kul ve Aylin Kontente, 13 y\u0131ll\u0131k evliliklerinin ard\u0131ndan ilk kez birlikte bir davete kat\u0131ld\u0131. Adlar\u0131n\u0131 Show TV ekranlar\u0131nda yay\u0131nlanan \u2018G\u00fcld\u00fcr G\u00fcld\u00fcr Show\u2019 program\u0131ndan duydu\u011fumuz Alper Kul ile Aylin Kontente \u00e7ifti uzun y\u0131llard\u0131r mutlu bir evlilik s\u00fcrd\u00fcr\u00fcyor. Yo\u011fun aile hayatlar\u0131ndan dolay\u0131 d\u0131\u015far\u0131da vakit ge\u00e7irmek konusunda epey k\u0131s\u0131tl\u0131 bir d\u00f6nem ge\u00e7irdiklerini belirten \u00e7ift, nihayet \u00e7ocuklar\u0131n\u0131n b\u00fcy\u00fcmesiyle birlikte yeniden sosyal hayata kar\u0131\u015fmaya ba\u015flad\u0131lar.<\/p>\n<h3><strong>YEN\u0130 FL\u00d6RT ED\u0130YOR G\u0130B\u0130Y\u0130Z<\/strong><\/h3>\n<p>Ge\u00e7ti\u011fimiz g\u00fcnlerde Gayrettepe\u2019de d\u00fczenlenen \u00f6zel bir etkinlikte bas\u0131n mensuplar\u0131n\u0131n sorular\u0131n\u0131 yan\u0131tlayan Alper Kul, yo\u011fun ge\u00e7en hayatlar\u0131n\u0131ndan dolay\u0131 birbirlerine vakit bulamayan \u00e7ift bu durumu esprili bir dille anlatt\u0131: \u201c13 y\u0131ld\u0131r yeni yeni d\u0131\u015far\u0131ya \u00e7\u0131kmaya ba\u015flad\u0131k. \u0130ki \u00e7ocuk var, onlarla ilgilendi\u011fimiz i\u00e7in pek vakit bulam\u0131yoruz. D\u0131\u015far\u0131 \u00e7\u0131kmay\u0131 acayip \u00f6zlemi\u015fiz. Yeni fl\u00f6rt ediyor gibiyiz.\u201d S\u00f6zlerini kulland\u0131.<\/p>\n<p><img loading=\"lazy\" decoding=\"async\" class=\"wp-image-131984\" src=\"https:\/\/www.tgrthaber.com\/mavikadin\/wp-content\/uploads\/alper-aylin-3-1024x576.jpg\" alt=\"alper-aylin \" width=\"1208\" height=\"680\" title=\"\" srcset=\"https:\/\/www.tgrthaber.com\/mavikadin\/wp-content\/uploads\/alper-aylin-3-1024x576.jpg 1024w, https:\/\/www.tgrthaber.com\/mavikadin\/wp-content\/uploads\/alper-aylin-3-300x169.jpg 300w, https:\/\/www.tgrthaber.com\/mavikadin\/wp-content\/uploads\/alper-aylin-3-768x432.jpg 768w, https:\/\/www.tgrthaber.com\/mavikadin\/wp-content\/uploads\/alper-aylin-3-1536x864.jpg 1536w, https:\/\/www.tgrthaber.com\/mavikadin\/wp-content\/uploads\/alper-aylin-3.jpg 1600w\" sizes=\"(max-width: 1208px) 100vw, 1208px\" \/><\/p>\n<hr \/>\n<p>Aylin Kontente de bu duygulara kat\u0131ld\u0131\u011f\u0131n\u0131 belirterek, aile hayat\u0131n\u0131n kendileri i\u00e7in \u00e7ok \u00f6nemli oldu\u011funu ama zaman zaman \u00e7ift olarak da ba\u015f ba\u015fa vakit ge\u00e7irmenin ili\u015fkilerine olumlu y\u00f6nde katk\u0131 sa\u011flad\u0131\u011f\u0131n\u0131 s\u00f6yledi. \u201c\u0130nsan kendini sadece anne-baba olarak konumland\u0131r\u0131nca, e\u015f olarak vakit ge\u00e7irmeyi unutabiliyor. Ama zaman zaman kendimize de zaman ay\u0131rmak \u00e7ok \u00f6nemliymi\u015f. \u015eimdi bunu daha iyi anl\u0131yoruz\u201d dedi. \u00d6zellikle \u00e7ocuk sahibi olan aileler, ebeveynlik sorumluluklar\u0131 aras\u0131nda \u00e7ift olarak zaman ay\u0131rman\u0131n ne kadar \u00f6nemli oldu\u011funu bilirler. Alper Kul ve Aylin Kontente de bunu ya\u015fayarak tecr\u00fcbe eden \u00e7iftlerden biri olarak, ili\u015fkilerine yeniden tazelik katmaya ba\u015flad\u0131klar\u0131n\u0131 dile getirdiler.<\/p>\n<p><img loading=\"lazy\" decoding=\"async\" class=\"alignnone wp-image-131986\" src=\"https:\/\/www.tgrthaber.com\/mavikadin\/wp-content\/uploads\/alper-aylin-2-1024x576.jpg\" alt=\"alper-aylin \" width=\"1208\" height=\"680\" title=\"\" srcset=\"https:\/\/www.tgrthaber.com\/mavikadin\/wp-content\/uploads\/alper-aylin-2-1024x576.jpg 1024w, https:\/\/www.tgrthaber.com\/mavikadin\/wp-content\/uploads\/alper-aylin-2-300x169.jpg 300w, https:\/\/www.tgrthaber.com\/mavikadin\/wp-content\/uploads\/alper-aylin-2-768x432.jpg 768w, https:\/\/www.tgrthaber.com\/mavikadin\/wp-content\/uploads\/alper-aylin-2-1536x864.jpg 1536w, https:\/\/www.tgrthaber.com\/mavikadin\/wp-content\/uploads\/alper-aylin-2.jpg 1600w\" sizes=\"(max-width: 1208px) 100vw, 1208px\" \/><\/p>\n<hr \/>\n<p>Alper Kul ve Aylin Kontente, y\u0131llard\u0131r televizyon ekranlar\u0131nda b\u00fcy\u00fck bir hayran kitlesi olan \u00e7iftlerden biriler. Alper Kul, \u00f6zellikle \u201cG\u00fcld\u00fcr G\u00fcld\u00fcr Show\u201d ile haf\u0131zalara kaz\u0131n\u0131rken, Aylin Kontente de ayn\u0131 programda canland\u0131rd\u0131\u011f\u0131 renkli karakterlerle izleyicilerin sevgisini kazand\u0131. \u00c7iftin hem ekrandaki uyumu hem de ger\u00e7ek hayattaki samimiyeti, onlar\u0131 takip edenler i\u00e7in her zaman ilgi \u00e7ekici oldu. \u00c7iftin bu a\u00e7\u0131klamalar\u0131 sosyal medyada da b\u00fcy\u00fck ilgi g\u00f6rd\u00fc. Takip\u00e7ileri, onlar\u0131n samimi ve do\u011fal tav\u0131rlar\u0131n\u0131 \u00e7ok sevdi.<\/p>\n","protected":false},"excerpt":{"rendered":"<p>T\u00fcrk televizyonlar\u0131n\u0131n sevilen \u00e7ifti Alper Kul ve Aylin Kontente, 13 y\u0131ll\u0131k evliliklerinin ard\u0131ndan ilk kez birlikte bir davete kat\u0131ld\u0131. <\/p>\n","protected":false},"author":34,"featured_media":131991,"comment_status":"closed","ping_status":"closed","sticky":false,"template":"","format":"standard","meta":{"rank_math_lock_modified_date":false,"footnotes":""},"categories":[76],"tags":[9702,10540,10539],"class_list":["post-131958","post","type-post","status-publish","format-standard","has-post-thumbnail","hentry","category-magazin","tag-alper-kul","tag-alper-kul-ve-aylin-kontente-cifti","tag-aylin-kontente"],"_links":{"self":[{"href":"https:\/\/www.tgrthaber.com\/mavikadin\/wp-json\/wp\/v2\/posts\/131958"}],"collection":[{"href":"https:\/\/www.tgrthaber.com\/mavikadin\/wp-json\/wp\/v2\/posts"}],"about":[{"href":"https:\/\/www.tgrthaber.com\/mavikadin\/wp-json\/wp\/v2\/types\/post"}],"author":[{"embeddable":true,"href":"https:\/\/www.tgrthaber.com\/mavikadin\/wp-json\/wp\/v2\/users\/34"}],"replies":[{"embeddable":true,"href":"https:\/\/www.tgrthaber.com\/mavikadin\/wp-json\/wp\/v2\/comments?post=131958"}],"version-history":[{"count":3,"href":"https:\/\/www.tgrthaber.com\/mavikadin\/wp-json\/wp\/v2\/posts\/131958\/revisions"}],"predecessor-version":[{"id":132024,"href":"https:\/\/www.tgrthaber.com\/mavikadin\/wp-json\/wp\/v2\/posts\/131958\/revisions\/132024"}],"wp:featuredmedia":[{"embeddable":true,"href":"https:\/\/www.tgrthaber.com\/mavikadin\/wp-json\/wp\/v2\/media\/131991"}],"wp:attachment":[{"href":"https:\/\/www.tgrthaber.com\/mavikadin\/wp-json\/wp\/v2\/media?parent=131958"}],"wp:term":[{"taxonomy":"category","embeddable":true,"href":"https:\/\/www.tgrthaber.com\/mavikadin\/wp-json\/wp\/v2\/categories?post=131958"},{"taxonomy":"post_tag","embeddable":true,"href":"https:\/\/www.tgrthaber.com\/mavikadin\/wp-json\/wp\/v2\/tags?post=131958"}],"curies":[{"name":"wp","href":"https:\/\/api.w.org\/{rel}","templated":true}]}}