{"id":132112,"date":"2025-02-11T13:26:13","date_gmt":"2025-02-11T10:26:13","guid":{"rendered":"https:\/\/www.tgrthaber.com\/mavikadin\/?p=132112"},"modified":"2025-02-11T13:57:02","modified_gmt":"2025-02-11T10:57:02","slug":"sac-ekimi-ihtiyacini-bitirecek-o-karisim-dogal-karisimlar-ise-yarar-mi","status":"publish","type":"post","link":"https:\/\/www.tgrthaber.com\/mavikadin\/sac-ekimi-ihtiyacini-bitirecek-o-karisim-dogal-karisimlar-ise-yarar-mi\/","title":{"rendered":"Sa\u00e7 ekimi ihtiyac\u0131n\u0131 bitirecek o kar\u0131\u015f\u0131m! Do\u011fal kar\u0131\u015f\u0131mlar i\u015fe yarar m\u0131?"},"content":{"rendered":"<p>Sa\u00e7 d\u00f6k\u00fclmesi, \u00f6zellikle erkeklerde belirli bir ya\u015f sonras\u0131 ka\u00e7\u0131n\u0131lmaz bir s\u00fcre\u00e7 gibi g\u00f6r\u00fclse de kad\u0131nlar da bu sorundan olduk\u00e7a rahats\u0131zlar. G\u00fcn\u00fcm\u00fczde sa\u00e7 ekimi, sa\u00e7 kayb\u0131na kar\u015f\u0131 en yayg\u0131n ve kesin \u00e7\u00f6z\u00fcmlerden biri olarak g\u00f6r\u00fcl\u00fcyor. Ancak son d\u00f6nemde, sa\u00e7 ekimine ihtiya\u00e7 duymadan sa\u00e7 d\u00f6k\u00fclmesini durdurabilecek ve yeni sa\u00e7 olu\u015fumunu destekleyebilecek do\u011fal kar\u0131\u015f\u0131mlar b\u00fcy\u00fck ilgi g\u00f6r\u00fcyor. Peki, bu kar\u0131\u015f\u0131mlar neler ve ger\u00e7ekten i\u015fe yar\u0131yor mu? \u0130\u015fte sa\u00e7 d\u00f6k\u00fclmesine kar\u015f\u0131 en etkili do\u011fal y\u00f6ntemler haberimizde\u2026<\/p>\n<hr \/>\n<h3><strong>H\u0130ND\u0130STAN CEV\u0130Z\u0130 YA\u011eI VE SO\u011eAN SUYU MUC\u0130ZES\u0130<\/strong><\/h3>\n<p>Hindistan cevizi ya\u011f\u0131, sa\u00e7lar\u0131 besleyerek g\u00fc\u00e7lendirirken, so\u011fan suyu i\u00e7erdi\u011fi k\u00fck\u00fcrt sayesinde sa\u00e7 k\u00f6klerini canland\u0131r\u0131yor. Bu iki g\u00fc\u00e7l\u00fc bile\u015fenin birle\u015fimi, sa\u00e7 d\u00f6k\u00fclmesini \u00f6nlemeye yard\u0131mc\u0131 olabiliyor.<\/p>\n<p><strong>Nas\u0131l haz\u0131rlan\u0131r?<\/strong><\/p>\n<ul>\n<li>2 yemek ka\u015f\u0131\u011f\u0131 hindistan cevizi ya\u011f\u0131 ile 1 yemek ka\u015f\u0131\u011f\u0131 taze so\u011fan suyunu kar\u0131\u015ft\u0131r\u0131n.<\/li>\n<li>Kar\u0131\u015f\u0131m\u0131 sa\u00e7 derinize masaj yaparak uygulay\u0131n.<\/li>\n<li>30 dakika beklettikten sonra sa\u00e7\u0131n\u0131z\u0131 y\u0131kay\u0131n.<\/li>\n<li>Haftada 2 kez uygulayabilirsiniz.<\/li>\n<\/ul>\n<p><img loading=\"lazy\" decoding=\"async\" class=\"wp-image-132126\" src=\"https:\/\/www.tgrthaber.com\/mavikadin\/wp-content\/uploads\/sac-ekimi-4-1024x576.jpg\" alt=\"sa\u00e7 ekimi\" width=\"1208\" height=\"680\" title=\"\" srcset=\"https:\/\/www.tgrthaber.com\/mavikadin\/wp-content\/uploads\/sac-ekimi-4-1024x576.jpg 1024w, https:\/\/www.tgrthaber.com\/mavikadin\/wp-content\/uploads\/sac-ekimi-4-300x169.jpg 300w, https:\/\/www.tgrthaber.com\/mavikadin\/wp-content\/uploads\/sac-ekimi-4-768x432.jpg 768w, https:\/\/www.tgrthaber.com\/mavikadin\/wp-content\/uploads\/sac-ekimi-4-1536x864.jpg 1536w, https:\/\/www.tgrthaber.com\/mavikadin\/wp-content\/uploads\/sac-ekimi-4.jpg 1600w\" sizes=\"(max-width: 1208px) 100vw, 1208px\" \/><\/p>\n<hr \/>\n<h3><strong>SARIMSAK VE ZEYT\u0130NYA\u011eI KARI\u015eIMI<\/strong><\/h3>\n<p>Sar\u0131msak, do\u011fal antibakteriyel \u00f6zellikleriyle sa\u00e7 derisini temizlerken, zeytinya\u011f\u0131 E vitamini a\u00e7\u0131s\u0131ndan zengin yap\u0131s\u0131yla sa\u00e7 k\u00f6klerini besliyor.<\/p>\n<p><strong>Nas\u0131l haz\u0131rlan\u0131r?<\/strong><\/p>\n<ul>\n<li>3 di\u015f sar\u0131msa\u011f\u0131 ezin ve 5 yemek ka\u015f\u0131\u011f\u0131 zeytinya\u011f\u0131 ile kar\u0131\u015ft\u0131r\u0131n.<\/li>\n<li>Kar\u0131\u015f\u0131m\u0131 bir hafta boyunca serin ve karanl\u0131k bir yerde bekletin.<\/li>\n<li>Haftada 1-2 kez sa\u00e7 diplerinize masaj yaparak uygulay\u0131n.<\/li>\n<\/ul>\n<p><img loading=\"lazy\" decoding=\"async\" class=\"wp-image-132128\" src=\"https:\/\/www.tgrthaber.com\/mavikadin\/wp-content\/uploads\/sac-ekimi-1-1024x576.jpg\" alt=\"sa\u00e7 ekimi\" width=\"1208\" height=\"680\" title=\"\" srcset=\"https:\/\/www.tgrthaber.com\/mavikadin\/wp-content\/uploads\/sac-ekimi-1-1024x576.jpg 1024w, https:\/\/www.tgrthaber.com\/mavikadin\/wp-content\/uploads\/sac-ekimi-1-300x169.jpg 300w, https:\/\/www.tgrthaber.com\/mavikadin\/wp-content\/uploads\/sac-ekimi-1-768x432.jpg 768w, https:\/\/www.tgrthaber.com\/mavikadin\/wp-content\/uploads\/sac-ekimi-1-1536x864.jpg 1536w, https:\/\/www.tgrthaber.com\/mavikadin\/wp-content\/uploads\/sac-ekimi-1.jpg 1600w\" sizes=\"(max-width: 1208px) 100vw, 1208px\" \/><\/p>\n<hr \/>\n<h3><strong>ALOE VERA VE H\u0130ND\u0130STAN CEV\u0130Z\u0130 YA\u011eI \u0130LE DO\u011eAL BAKIM<\/strong><\/h3>\n<p>Aloe vera, i\u00e7erdi\u011fi enzimler sayesinde sa\u00e7 derisini rahatlat\u0131rken, hindistan cevizi ya\u011f\u0131 sa\u00e7\u0131n nem dengesini koruyor.<\/p>\n<p><strong>Nas\u0131l haz\u0131rlan\u0131r?<\/strong><\/p>\n<ul>\n<li>2 yemek ka\u015f\u0131\u011f\u0131 aloe vera jeli ile 1 yemek ka\u015f\u0131\u011f\u0131 hindistan cevizi ya\u011f\u0131n\u0131 kar\u0131\u015ft\u0131r\u0131n.<\/li>\n<li>Kar\u0131\u015f\u0131m\u0131 sa\u00e7lar\u0131n\u0131za ve sa\u00e7 derinize uygulay\u0131n.<\/li>\n<li>1 saat beklettikten sonra sa\u00e7\u0131n\u0131z\u0131 durulay\u0131n.<\/li>\n<\/ul>\n<p><img loading=\"lazy\" decoding=\"async\" class=\"wp-image-132130\" src=\"https:\/\/www.tgrthaber.com\/mavikadin\/wp-content\/uploads\/sac-ekimi-3-1024x576.jpg\" alt=\"sa\u00e7 ekimi\" width=\"1208\" height=\"680\" title=\"\" srcset=\"https:\/\/www.tgrthaber.com\/mavikadin\/wp-content\/uploads\/sac-ekimi-3-1024x576.jpg 1024w, https:\/\/www.tgrthaber.com\/mavikadin\/wp-content\/uploads\/sac-ekimi-3-300x169.jpg 300w, https:\/\/www.tgrthaber.com\/mavikadin\/wp-content\/uploads\/sac-ekimi-3-768x432.jpg 768w, https:\/\/www.tgrthaber.com\/mavikadin\/wp-content\/uploads\/sac-ekimi-3-1536x864.jpg 1536w, https:\/\/www.tgrthaber.com\/mavikadin\/wp-content\/uploads\/sac-ekimi-3.jpg 1600w\" sizes=\"(max-width: 1208px) 100vw, 1208px\" \/><\/p>\n<hr \/>\n<h3><strong>B\u0130BER\u0130YE YA\u011eI \u0130LE SA\u00c7 EK\u0130M\u0130 ETK\u0130S\u0130<\/strong><\/h3>\n<p>Biberiye ya\u011f\u0131, bilimsel olarak da sa\u00e7 d\u00f6k\u00fclmesine kar\u015f\u0131 etkili oldu\u011fu kan\u0131tlanm\u0131\u015f do\u011fal ya\u011flardan biri.<\/p>\n<p><strong>Nas\u0131l haz\u0131rlan\u0131r?<\/strong><\/p>\n<ul>\n<li>5 damla biberiye ya\u011f\u0131n\u0131 2 yemek ka\u015f\u0131\u011f\u0131 zeytinya\u011f\u0131 veya hindistan cevizi ya\u011f\u0131 ile kar\u0131\u015ft\u0131r\u0131n.<\/li>\n<li>Sa\u00e7 derinize masaj yaparak uygulay\u0131n.<\/li>\n<li>30 dakika beklettikten sonra sa\u00e7\u0131n\u0131z\u0131 durulay\u0131n.<\/li>\n<\/ul>\n<p><img loading=\"lazy\" decoding=\"async\" class=\"wp-image-132129\" src=\"https:\/\/www.tgrthaber.com\/mavikadin\/wp-content\/uploads\/sac-ekimi-2-1024x576.jpg\" alt=\"sa\u00e7 ekimi\" width=\"1208\" height=\"680\" title=\"\" srcset=\"https:\/\/www.tgrthaber.com\/mavikadin\/wp-content\/uploads\/sac-ekimi-2-1024x576.jpg 1024w, https:\/\/www.tgrthaber.com\/mavikadin\/wp-content\/uploads\/sac-ekimi-2-300x169.jpg 300w, https:\/\/www.tgrthaber.com\/mavikadin\/wp-content\/uploads\/sac-ekimi-2-768x432.jpg 768w, https:\/\/www.tgrthaber.com\/mavikadin\/wp-content\/uploads\/sac-ekimi-2-1536x864.jpg 1536w, https:\/\/www.tgrthaber.com\/mavikadin\/wp-content\/uploads\/sac-ekimi-2.jpg 1600w\" sizes=\"(max-width: 1208px) 100vw, 1208px\" \/><\/p>\n<hr \/>\n<h3><strong>YUMURTA MASKES\u0130 \u0130LE G\u00dc\u00c7L\u00dc SA\u00c7LAR<\/strong><\/h3>\n<p>Yumurta, protein ve biyotin a\u00e7\u0131s\u0131ndan olduk\u00e7a zengin. Sa\u00e7lar\u0131n daha g\u00fc\u00e7l\u00fc ve sa\u011fl\u0131kl\u0131 uzamas\u0131na yard\u0131mc\u0131 olabilir.<\/p>\n<p><strong>Nas\u0131l haz\u0131rlan\u0131r?<\/strong><\/p>\n<ul>\n<li>1 yumurtay\u0131 \u00e7\u0131rp\u0131n ve 1 yemek ka\u015f\u0131\u011f\u0131 zeytinya\u011f\u0131 ekleyin.<\/li>\n<li>Kar\u0131\u015f\u0131m\u0131 sa\u00e7lar\u0131n\u0131za uygulay\u0131n ve 20 dakika bekleyin.<\/li>\n<li>So\u011fuk su ile durulay\u0131n.<\/li>\n<\/ul>\n<p><img loading=\"lazy\" decoding=\"async\" class=\"wp-image-132131\" src=\"https:\/\/www.tgrthaber.com\/mavikadin\/wp-content\/uploads\/sac-ekimi-6-1024x576.jpg\" alt=\"sa\u00e7 ekimi\" width=\"1208\" height=\"680\" title=\"\" srcset=\"https:\/\/www.tgrthaber.com\/mavikadin\/wp-content\/uploads\/sac-ekimi-6-1024x576.jpg 1024w, https:\/\/www.tgrthaber.com\/mavikadin\/wp-content\/uploads\/sac-ekimi-6-300x169.jpg 300w, https:\/\/www.tgrthaber.com\/mavikadin\/wp-content\/uploads\/sac-ekimi-6-768x432.jpg 768w, https:\/\/www.tgrthaber.com\/mavikadin\/wp-content\/uploads\/sac-ekimi-6-1536x864.jpg 1536w, https:\/\/www.tgrthaber.com\/mavikadin\/wp-content\/uploads\/sac-ekimi-6.jpg 1600w\" sizes=\"(max-width: 1208px) 100vw, 1208px\" \/><\/p>\n<hr \/>\n<h3><strong>GER\u00c7EKTEN ETK\u0130L\u0130 M\u0130<\/strong><\/h3>\n<p>Bu do\u011fal kar\u0131\u015f\u0131mlar, sa\u00e7 d\u00f6k\u00fclmesini \u00f6nlemede etkili olabilir. Ancak herkesin sa\u00e7 yap\u0131s\u0131 farkl\u0131 oldu\u011fu i\u00e7in kesin bir \u00e7\u00f6z\u00fcm yerine destekleyici bak\u0131m y\u00f6ntemi olarak da g\u00f6r\u00fclmelidir. E\u011fer sa\u00e7 d\u00f6k\u00fclmeniz genetik veya hormonsal sebeplerden kaynaklan\u0131yorsa, bir dermatolo\u011fa dan\u0131\u015fman\u0131z daha do\u011fru olabilir.<\/p>\n<p>Sa\u00e7 ekimi, bir\u00e7ok ki\u015fi i\u00e7in kal\u0131c\u0131 bir \u00e7\u00f6z\u00fcm sunarken, do\u011fal y\u00f6ntemlerle sa\u00e7 sa\u011fl\u0131\u011f\u0131n\u0131 desteklemek de m\u00fcmk\u00fcnd\u00fcr. Siz de sa\u00e7lar\u0131n\u0131za daha iyi bakmak ve d\u00f6k\u00fclmeyi azaltmak i\u00e7in bu do\u011fal tarifleri deneyebilirsiniz.<\/p>\n","protected":false},"excerpt":{"rendered":"<p>Sa\u00e7 d\u00f6k\u00fclmesi, \u00f6zellikle erkeklerde belirli bir ya\u015f sonras\u0131 ka\u00e7\u0131n\u0131lmaz bir s\u00fcre\u00e7 gibi g\u00f6r\u00fclse de kad\u0131nlar da bu sorundan olduk\u00e7a rahats\u0131zlar. G\u00fcn\u00fcm\u00fczde sa\u00e7 ekimi, sa\u00e7 kayb\u0131na kar\u015f\u0131 en yayg\u0131n ve kesin \u00e7\u00f6z\u00fcmlerden biri olarak g\u00f6r\u00fcl\u00fcyor. Ancak son d\u00f6nemde, sa\u00e7 ekimine ihtiya\u00e7 duymadan sa\u00e7 d\u00f6k\u00fclmesini durdurabilecek ve yeni sa\u00e7 olu\u015fumunu destekleyebilecek do\u011fal kar\u0131\u015f\u0131mlar b\u00fcy\u00fck ilgi g\u00f6r\u00fcyor. Peki, bu kar\u0131\u015f\u0131mlar neler ve ger\u00e7ekten i\u015fe yar\u0131yor mu? \u0130\u015fte sa\u00e7 d\u00f6k\u00fclmesine kar\u015f\u0131 en etkili do\u011fal y\u00f6ntemler haberimizde\u2026<\/p>\n","protected":false},"author":34,"featured_media":132137,"comment_status":"closed","ping_status":"closed","sticky":false,"template":"","format":"standard","meta":{"rank_math_lock_modified_date":false,"footnotes":""},"categories":[95],"tags":[106,10560],"class_list":["post-132112","post","type-post","status-publish","format-standard","has-post-thumbnail","hentry","category-guzellik","tag-guzellik","tag-sac-ekimi"],"_links":{"self":[{"href":"https:\/\/www.tgrthaber.com\/mavikadin\/wp-json\/wp\/v2\/posts\/132112"}],"collection":[{"href":"https:\/\/www.tgrthaber.com\/mavikadin\/wp-json\/wp\/v2\/posts"}],"about":[{"href":"https:\/\/www.tgrthaber.com\/mavikadin\/wp-json\/wp\/v2\/types\/post"}],"author":[{"embeddable":true,"href":"https:\/\/www.tgrthaber.com\/mavikadin\/wp-json\/wp\/v2\/users\/34"}],"replies":[{"embeddable":true,"href":"https:\/\/www.tgrthaber.com\/mavikadin\/wp-json\/wp\/v2\/comments?post=132112"}],"version-history":[{"count":2,"href":"https:\/\/www.tgrthaber.com\/mavikadin\/wp-json\/wp\/v2\/posts\/132112\/revisions"}],"predecessor-version":[{"id":132146,"href":"https:\/\/www.tgrthaber.com\/mavikadin\/wp-json\/wp\/v2\/posts\/132112\/revisions\/132146"}],"wp:featuredmedia":[{"embeddable":true,"href":"https:\/\/www.tgrthaber.com\/mavikadin\/wp-json\/wp\/v2\/media\/132137"}],"wp:attachment":[{"href":"https:\/\/www.tgrthaber.com\/mavikadin\/wp-json\/wp\/v2\/media?parent=132112"}],"wp:term":[{"taxonomy":"category","embeddable":true,"href":"https:\/\/www.tgrthaber.com\/mavikadin\/wp-json\/wp\/v2\/categories?post=132112"},{"taxonomy":"post_tag","embeddable":true,"href":"https:\/\/www.tgrthaber.com\/mavikadin\/wp-json\/wp\/v2\/tags?post=132112"}],"curies":[{"name":"wp","href":"https:\/\/api.w.org\/{rel}","templated":true}]}}