{"id":132151,"date":"2025-02-11T14:18:30","date_gmt":"2025-02-11T11:18:30","guid":{"rendered":"https:\/\/www.tgrthaber.com\/mavikadin\/?p=132151"},"modified":"2025-02-11T14:18:30","modified_gmt":"2025-02-11T11:18:30","slug":"cilgin-sedatin-oglu-19-yasina-girdi","status":"publish","type":"post","link":"https:\/\/www.tgrthaber.com\/mavikadin\/cilgin-sedatin-oglu-19-yasina-girdi\/","title":{"rendered":"\u00c7\u0131lg\u0131n Sedat\u2019\u0131n o\u011flu 19 ya\u015f\u0131na girdi"},"content":{"rendered":"<p>\u00dcnl\u00fc \u015fark\u0131c\u0131 ve Survivor 2025 yar\u0131\u015fmac\u0131s\u0131 \u00c7\u0131lg\u0131n Sedat\u2019\u0131n o\u011flu, Sira\u00e7\u2019\u0131n 19. do\u011fum g\u00fcn\u00fc kutland\u0131. \u00c7\u0131lg\u0131n Sedat\u2019\u0131n e\u015fi \u00d6zlem Kapurtu, o\u011fullar\u0131n\u0131n bu \u00f6zel g\u00fcn\u00fcnde duygu dolu bir payla\u015f\u0131m yaparak, Sira\u00e7\u2019a olan sevgilerini ve evlatlar\u0131na duyduklar\u0131 minnettarl\u0131\u011f\u0131 dile getirdi. \u00d6zlem Kapurtu\u2019nun Instagram \u00fczerinden yapt\u0131\u011f\u0131 duygusal payla\u015f\u0131m hem ailesinin hem de takip\u00e7ilerinin be\u011fenisini toplad\u0131.<\/p>\n<hr \/>\n<p>\u00c7\u0131lg\u0131n Sedat Survivor 2025&#8217;de yar\u0131\u015f\u0131rken o\u011flu 19 ya\u015f\u0131na girdi. Anne \u00d6zlem Kapurtu, sosyal medya hesab\u0131ndan o\u011flunun foto\u011fraf\u0131n\u0131 payla\u015farak o\u011fluna olan sevgisini yine hissettirdi. \u00d6zlem Kapurtu sosyal medyas\u0131ndan \u015fu s\u00f6zlere yer verdi. \u201c\u00d6mr\u00fcm annem\u2026 Gen\u00e7li\u011fim, nefesim, y\u00fcrek yang\u0131n\u0131m bug\u00fcn 19 ya\u015f\u0131na girdin. Seni \u00e7ok ama \u00e7ok seviyoruz. Akranlar\u0131na bak\u0131nca y\u00fcre\u011fim da\u011flansa da olsun, \u00e7ok \u015f\u00fck\u00fcr bizimle diyorum. Allah\u2019\u0131m sana g\u00fczel, sa\u011fl\u0131kl\u0131 y\u0131llar nasip etsin. \u0130yi do\u011fdun, sol yan\u0131m.\u201d diyerek o\u011fluna olan sevgisini dile getirdi.<\/p>\n<p><img loading=\"lazy\" decoding=\"async\" class=\"wp-image-132154\" src=\"https:\/\/www.tgrthaber.com\/mavikadin\/wp-content\/uploads\/Adsiz-tasarim-8-30-1024x576.jpg\" alt=\"\u00e7\u0131lg\u0131n sedat ve e\u015fi\" width=\"1208\" height=\"680\" title=\"\" srcset=\"https:\/\/www.tgrthaber.com\/mavikadin\/wp-content\/uploads\/Adsiz-tasarim-8-30-1024x576.jpg 1024w, https:\/\/www.tgrthaber.com\/mavikadin\/wp-content\/uploads\/Adsiz-tasarim-8-30-300x169.jpg 300w, https:\/\/www.tgrthaber.com\/mavikadin\/wp-content\/uploads\/Adsiz-tasarim-8-30-768x432.jpg 768w, https:\/\/www.tgrthaber.com\/mavikadin\/wp-content\/uploads\/Adsiz-tasarim-8-30-1536x864.jpg 1536w, https:\/\/www.tgrthaber.com\/mavikadin\/wp-content\/uploads\/Adsiz-tasarim-8-30.jpg 1600w\" sizes=\"(max-width: 1208px) 100vw, 1208px\" \/><\/p>\n<hr \/>\n<p>Bu anlaml\u0131 payla\u015f\u0131m, \u00d6zlem Kapurtu\u2019nun o\u011fluna duydu\u011fu sevgiyi g\u00f6zler \u00f6n\u00fcne serdi. Sosyal medyadaki takip\u00e7ileri de bu i\u00e7ten mesaj\u0131 b\u00fcy\u00fck ilgiyle kar\u015f\u0131lad\u0131. Aileye tebrik mesajlar\u0131 ya\u011fd\u0131, herkes bu \u00f6zel g\u00fcnde Sira\u00e7\u2019\u0131n yan\u0131ndayd\u0131.<\/p>\n<p><img loading=\"lazy\" decoding=\"async\" class=\"wp-image-132152\" src=\"https:\/\/www.tgrthaber.com\/mavikadin\/wp-content\/uploads\/Adsiz-tasarim-7-29-1024x576.jpg\" alt=\"\u00e7\u0131lg\u0131n sedat ve e\u015fi\" width=\"1208\" height=\"680\" title=\"\" srcset=\"https:\/\/www.tgrthaber.com\/mavikadin\/wp-content\/uploads\/Adsiz-tasarim-7-29-1024x576.jpg 1024w, https:\/\/www.tgrthaber.com\/mavikadin\/wp-content\/uploads\/Adsiz-tasarim-7-29-300x169.jpg 300w, https:\/\/www.tgrthaber.com\/mavikadin\/wp-content\/uploads\/Adsiz-tasarim-7-29-768x432.jpg 768w, https:\/\/www.tgrthaber.com\/mavikadin\/wp-content\/uploads\/Adsiz-tasarim-7-29-1536x864.jpg 1536w, https:\/\/www.tgrthaber.com\/mavikadin\/wp-content\/uploads\/Adsiz-tasarim-7-29.jpg 1600w\" sizes=\"(max-width: 1208px) 100vw, 1208px\" \/><\/p>\n<hr \/>\n<h3><strong>\u00c7ILGIN SEDAT VE \u00d6ZLEM KAPURTU EVL\u0130L\u0130\u011e\u0130<\/strong><\/h3>\n<p>\u00c7\u0131lg\u0131n Sedat ve \u00d6zlem Kapurtu, 2005 y\u0131l\u0131nda evlenmi\u015f ve bu evlilikten Sira\u00e7 ile Ya\u011f\u0131z ad\u0131nda iki \u00e7ocuklar\u0131 olmu\u015ftur. Aile, Sira\u00e7\u2019\u0131n sa\u011fl\u0131k durumu nedeniyle bir dizi zorlu s\u00fcre\u00e7ten ge\u00e7mi\u015f olsa da her zaman birbirlerine destek olmu\u015f, birlikte g\u00fc\u00e7lenmi\u015flerdir. \u00c7\u0131lg\u0131n Sedat, s\u0131k s\u0131k ailesinin yan\u0131nda oldu\u011funu ve onlar\u0131n mutlulu\u011funa olan ba\u011fl\u0131l\u0131\u011f\u0131n\u0131 her zaman vurgulam\u0131\u015ft\u0131r. \u00d6zlem Kapurtu, o\u011fullar\u0131 Sira\u00e7 ile ilgili her ad\u0131mda ona olan derin sevgisini g\u00f6stermekten geri durmam\u0131\u015f, sosyal medyada da bu sevgisini payla\u015fm\u0131\u015ft\u0131r.<\/p>\n","protected":false},"excerpt":{"rendered":"<p>\u00dcnl\u00fc \u015fark\u0131c\u0131 ve Survivor 2025 yar\u0131\u015fmac\u0131s\u0131 \u00c7\u0131lg\u0131n Sedat\u2019\u0131n o\u011flu, Sira\u00e7\u2019\u0131n 19. do\u011fum g\u00fcn\u00fc kutland\u0131. \u00c7\u0131lg\u0131n Sedat\u2019\u0131n e\u015fi \u00d6zlem Kapurtu, o\u011fullar\u0131n\u0131n bu \u00f6zel g\u00fcn\u00fcnde duygu dolu bir payla\u015f\u0131m yaparak, Sira\u00e7\u2019a olan sevgilerini ve evlatlar\u0131na duyduklar\u0131 minnettarl\u0131\u011f\u0131 dile getirdi. \u00d6zlem Kapurtu\u2019nun Instagram \u00fczerinden yapt\u0131\u011f\u0131 duygusal payla\u015f\u0131m hem ailesinin hem de takip\u00e7ilerinin be\u011fenisini toplad\u0131. \u00c7\u0131lg\u0131n Sedat Survivor 2025&#8217;de [&hellip;]<\/p>\n","protected":false},"author":34,"featured_media":132155,"comment_status":"closed","ping_status":"closed","sticky":false,"template":"","format":"standard","meta":{"rank_math_lock_modified_date":false,"footnotes":""},"categories":[76],"tags":[10563,10564,2728],"class_list":["post-132151","post","type-post","status-publish","format-standard","has-post-thumbnail","hentry","category-magazin","tag-cilgin-sedat","tag-cilgin-sedat-oglu","tag-survivor-2025"],"_links":{"self":[{"href":"https:\/\/www.tgrthaber.com\/mavikadin\/wp-json\/wp\/v2\/posts\/132151"}],"collection":[{"href":"https:\/\/www.tgrthaber.com\/mavikadin\/wp-json\/wp\/v2\/posts"}],"about":[{"href":"https:\/\/www.tgrthaber.com\/mavikadin\/wp-json\/wp\/v2\/types\/post"}],"author":[{"embeddable":true,"href":"https:\/\/www.tgrthaber.com\/mavikadin\/wp-json\/wp\/v2\/users\/34"}],"replies":[{"embeddable":true,"href":"https:\/\/www.tgrthaber.com\/mavikadin\/wp-json\/wp\/v2\/comments?post=132151"}],"version-history":[{"count":1,"href":"https:\/\/www.tgrthaber.com\/mavikadin\/wp-json\/wp\/v2\/posts\/132151\/revisions"}],"predecessor-version":[{"id":132156,"href":"https:\/\/www.tgrthaber.com\/mavikadin\/wp-json\/wp\/v2\/posts\/132151\/revisions\/132156"}],"wp:featuredmedia":[{"embeddable":true,"href":"https:\/\/www.tgrthaber.com\/mavikadin\/wp-json\/wp\/v2\/media\/132155"}],"wp:attachment":[{"href":"https:\/\/www.tgrthaber.com\/mavikadin\/wp-json\/wp\/v2\/media?parent=132151"}],"wp:term":[{"taxonomy":"category","embeddable":true,"href":"https:\/\/www.tgrthaber.com\/mavikadin\/wp-json\/wp\/v2\/categories?post=132151"},{"taxonomy":"post_tag","embeddable":true,"href":"https:\/\/www.tgrthaber.com\/mavikadin\/wp-json\/wp\/v2\/tags?post=132151"}],"curies":[{"name":"wp","href":"https:\/\/api.w.org\/{rel}","templated":true}]}}