{"id":132217,"date":"2025-02-11T16:29:16","date_gmt":"2025-02-11T13:29:16","guid":{"rendered":"https:\/\/www.tgrthaber.com\/mavikadin\/?p=132217"},"modified":"2025-02-11T16:29:16","modified_gmt":"2025-02-11T13:29:16","slug":"sustali-ceylan-ne-demek-sustali-ceylani-kim-oynuyor","status":"publish","type":"post","link":"https:\/\/www.tgrthaber.com\/mavikadin\/sustali-ceylan-ne-demek-sustali-ceylani-kim-oynuyor\/","title":{"rendered":"Sustal\u0131 Ceylan ne demek, Sustal\u0131 Ceylan\u2019\u0131 kim oynuyor?"},"content":{"rendered":"<p>ATV ekranlar\u0131nda yak\u0131nda ba\u015flayacak olan \u201cSustal\u0131 Ceylan\u201d adl\u0131 dizi izleyiciyle bulu\u015fmak i\u00e7in g\u00fcn say\u0131yor. Dizide erkek egemen d\u00fcnyas\u0131nda kendini arayan ve yeniden in\u015fa etme m\u00fccadelesini veren g\u00fc\u00e7l\u00fc karakter Ceylan\u2019\u0131n hikayesi izleyiciyle bulu\u015facak. Dizinin yay\u0131n tarihi hen\u00fcz belli de\u011filken yay\u0131nlanan fragman izleyiciyi merakland\u0131rmaya ba\u015flad\u0131. Dizinin ad\u0131n\u0131n \u201cSustal\u0131 Ceylan\u201d olmas\u0131 insanlar\u0131 merak edilen konular aras\u0131nda yerini ald\u0131. Peki, sustal\u0131 ceylan ne demek? Dizide sustal\u0131 ceylan\u0131 kim oynuyor? Daha fazlas\u0131 haberimizde\u2026<\/p>\n<p>ATV\u2019nin iddial\u0131 dizilerinden olaca\u011f\u0131 s\u00f6ylenen Sustal\u0131 Ceylan, y\u00f6netmenli\u011fini Volkan Kocat\u00fcrk, senaristli\u011fini Sevgi Y\u0131lmaz ele al\u0131yor. Ba\u015frollerde S\u00fcmeyye Aydo\u011fan, Burak Y\u00f6r\u00fck, Melike G\u00fcner, Seda T\u00fcrkmen, Hakan Atalay gibi deneyimli oyuncular yer al\u0131yor.<\/p>\n<p><img loading=\"lazy\" decoding=\"async\" class=\"wp-image-132273\" src=\"https:\/\/www.tgrthaber.com\/mavikadin\/wp-content\/uploads\/sustali-ceylan-3-1-1024x576.jpg\" alt=\"sustal\u0131 ceylan\" width=\"1208\" height=\"680\" title=\"\" srcset=\"https:\/\/www.tgrthaber.com\/mavikadin\/wp-content\/uploads\/sustali-ceylan-3-1-1024x576.jpg 1024w, https:\/\/www.tgrthaber.com\/mavikadin\/wp-content\/uploads\/sustali-ceylan-3-1-300x169.jpg 300w, https:\/\/www.tgrthaber.com\/mavikadin\/wp-content\/uploads\/sustali-ceylan-3-1-768x432.jpg 768w, https:\/\/www.tgrthaber.com\/mavikadin\/wp-content\/uploads\/sustali-ceylan-3-1-1536x864.jpg 1536w, https:\/\/www.tgrthaber.com\/mavikadin\/wp-content\/uploads\/sustali-ceylan-3-1.jpg 1600w\" sizes=\"(max-width: 1208px) 100vw, 1208px\" \/><\/p>\n<hr \/>\n<h3><strong>SUSTALI CEYLAN NE DEMEK<\/strong><\/h3>\n<p>Sustal\u0131 ceylan ifadesi, genellikle mecazi anlamda kullan\u0131lan bir deyimdir. Bu deyim, iki kelimenin birle\u015fimiyle farkl\u0131 anlamlar ta\u015f\u0131yabilir. \u201cSustal\u0131\u201d kelimesi, sustal\u0131 b\u0131\u00e7ak gibi a\u00e7\u0131l\u0131p kapanabilen, gizlenebilen veya ani hareket eden nesneleri tan\u0131mlamak i\u00e7in kullan\u0131l\u0131r. Ayn\u0131 zamanda, sessiz ama tehlikeli olabilen bir \u015feyi veya ki\u015fiyi de simgeler. \u201cCeylan\u201d ise narin, zarif ve h\u0131zl\u0131 hareket eden bir hayvand\u0131r. Genellikle g\u00fczellik, masumiyet ve k\u0131r\u0131lganl\u0131kla ili\u015fkilendirilir.<\/p>\n<p>Bu iki kelimenin bir araya gelmesiyle olu\u015fan \u201cSustal\u0131 ceylan\u201d, genellikle d\u0131\u015far\u0131dan narin ve masum g\u00f6r\u00fcnen ama i\u00e7inde beklenmedik bir tehlikeyi bar\u0131nd\u0131ran ki\u015fi veya durumu anlatmak i\u00e7in kullan\u0131l\u0131r. Bir \u015fark\u0131 s\u00f6z\u00fc ya da edebi bir metinde ge\u00e7iyorsa, genellikle hem zarif hem de keskin hem naif hem de g\u00fc\u00e7l\u00fc bir karakteri simgeleyen bir metafor da olabilir.<\/p>\n<p><img loading=\"lazy\" decoding=\"async\" class=\"wp-image-132275\" src=\"https:\/\/www.tgrthaber.com\/mavikadin\/wp-content\/uploads\/Adsiz-tasarim-10-36-1024x576.jpg\" alt=\"sustal\u0131 ceylan\" width=\"1208\" height=\"680\" title=\"\" srcset=\"https:\/\/www.tgrthaber.com\/mavikadin\/wp-content\/uploads\/Adsiz-tasarim-10-36-1024x576.jpg 1024w, https:\/\/www.tgrthaber.com\/mavikadin\/wp-content\/uploads\/Adsiz-tasarim-10-36-300x169.jpg 300w, https:\/\/www.tgrthaber.com\/mavikadin\/wp-content\/uploads\/Adsiz-tasarim-10-36-768x432.jpg 768w, https:\/\/www.tgrthaber.com\/mavikadin\/wp-content\/uploads\/Adsiz-tasarim-10-36-1536x864.jpg 1536w, https:\/\/www.tgrthaber.com\/mavikadin\/wp-content\/uploads\/Adsiz-tasarim-10-36.jpg 1600w\" sizes=\"(max-width: 1208px) 100vw, 1208px\" \/><\/p>\n<hr \/>\n<h3><strong>SUSTALI CEYLANI K\u0130M OYNUYOR<\/strong><\/h3>\n<p>Yak\u0131nda atv ekranlar\u0131nda izleyiciyle bulu\u015facak olan \u201cSustal\u0131 Ceylan\u201d dizisi, g\u00fc\u00e7l\u00fc kad\u0131n hikayelerini sevenler i\u00e7in heyecan verici bir yap\u0131m olacak gibi g\u00f6r\u00fcn\u00fcyor. Kad\u0131nlar\u0131n toplumdaki yerini sorgulayan ve bir kad\u0131n\u0131n ayakta kalma m\u00fccadelesini konu alan bu dizi, \u015fimdiden b\u00fcy\u00fck merak uyand\u0131rd\u0131. Dizinin ba\u015frol\u00fcnde ise son d\u00f6nemde ba\u015far\u0131l\u0131 performanslar\u0131yla dikkat \u00e7eken S\u00fcmeyye Aydo\u011fan oynuyor.<\/p>\n<p><img loading=\"lazy\" decoding=\"async\" class=\"wp-image-132276\" src=\"https:\/\/www.tgrthaber.com\/mavikadin\/wp-content\/uploads\/Adsiz-tasarim-11-26-1024x576.jpg\" alt=\"sustal\u0131 ceylan\" width=\"1208\" height=\"680\" title=\"\" srcset=\"https:\/\/www.tgrthaber.com\/mavikadin\/wp-content\/uploads\/Adsiz-tasarim-11-26-1024x576.jpg 1024w, https:\/\/www.tgrthaber.com\/mavikadin\/wp-content\/uploads\/Adsiz-tasarim-11-26-300x169.jpg 300w, https:\/\/www.tgrthaber.com\/mavikadin\/wp-content\/uploads\/Adsiz-tasarim-11-26-768x432.jpg 768w, https:\/\/www.tgrthaber.com\/mavikadin\/wp-content\/uploads\/Adsiz-tasarim-11-26-1536x864.jpg 1536w, https:\/\/www.tgrthaber.com\/mavikadin\/wp-content\/uploads\/Adsiz-tasarim-11-26.jpg 1600w\" sizes=\"(max-width: 1208px) 100vw, 1208px\" \/><\/p>\n<hr \/>\n<h3><strong>S\u00dcMEYYE AYDO\u011eAN K\u0130MD\u0130R<\/strong><\/h3>\n<p>Ba\u015far\u0131l\u0131 oyuncu S\u00fcmeyye Aydo\u011fan, 2 Nisan 1999 tarihinde d\u00fcnyaya geldi. \u0130stanbul \u00dcniversitesi Devlet Konservatuar\u0131 Tiyatro B\u00f6l\u00fcm\u00fc\u2019nden mezun olan Aydo\u011fan \u201cDuy Beni\u201d dizisindeki Melisa karakteriyle ad\u0131n\u0131 duyurmu\u015ftur. \u2018Ta\u00e7s\u0131z Prenses, D\u00f6nence\u2019 gibi yap\u0131mlarda ba\u015far\u0131l\u0131 performanslar sergilemi\u015ftir.<\/p>\n","protected":false},"excerpt":{"rendered":"<p>ATV ekranlar\u0131nda yak\u0131nda ba\u015flayacak olan \u201cSustal\u0131 Ceylan\u201d adl\u0131 dizi izleyiciyle bulu\u015fmak i\u00e7in g\u00fcn say\u0131yor. izinin ad\u0131n\u0131n \u201cSustal\u0131 Ceylan\u201d olmas\u0131 insanlar\u0131 merak edilen konular aras\u0131nda yerini ald\u0131. Peki, sustal\u0131 ceylan ne demek? Dizide sustal\u0131 ceylan\u0131 kim oynuyor? Daha fazlas\u0131 haberimizde\u2026<\/p>\n","protected":false},"author":34,"featured_media":132272,"comment_status":"closed","ping_status":"closed","sticky":false,"template":"","format":"standard","meta":{"rank_math_lock_modified_date":false,"footnotes":""},"categories":[101],"tags":[4495,5784,10592],"class_list":["post-132217","post","type-post","status-publish","format-standard","has-post-thumbnail","hentry","category-kesfet","tag-sustali-ceylan","tag-sustali-ceylan-dizisi","tag-sustali-ceylan-nedir"],"_links":{"self":[{"href":"https:\/\/www.tgrthaber.com\/mavikadin\/wp-json\/wp\/v2\/posts\/132217"}],"collection":[{"href":"https:\/\/www.tgrthaber.com\/mavikadin\/wp-json\/wp\/v2\/posts"}],"about":[{"href":"https:\/\/www.tgrthaber.com\/mavikadin\/wp-json\/wp\/v2\/types\/post"}],"author":[{"embeddable":true,"href":"https:\/\/www.tgrthaber.com\/mavikadin\/wp-json\/wp\/v2\/users\/34"}],"replies":[{"embeddable":true,"href":"https:\/\/www.tgrthaber.com\/mavikadin\/wp-json\/wp\/v2\/comments?post=132217"}],"version-history":[{"count":2,"href":"https:\/\/www.tgrthaber.com\/mavikadin\/wp-json\/wp\/v2\/posts\/132217\/revisions"}],"predecessor-version":[{"id":132279,"href":"https:\/\/www.tgrthaber.com\/mavikadin\/wp-json\/wp\/v2\/posts\/132217\/revisions\/132279"}],"wp:featuredmedia":[{"embeddable":true,"href":"https:\/\/www.tgrthaber.com\/mavikadin\/wp-json\/wp\/v2\/media\/132272"}],"wp:attachment":[{"href":"https:\/\/www.tgrthaber.com\/mavikadin\/wp-json\/wp\/v2\/media?parent=132217"}],"wp:term":[{"taxonomy":"category","embeddable":true,"href":"https:\/\/www.tgrthaber.com\/mavikadin\/wp-json\/wp\/v2\/categories?post=132217"},{"taxonomy":"post_tag","embeddable":true,"href":"https:\/\/www.tgrthaber.com\/mavikadin\/wp-json\/wp\/v2\/tags?post=132217"}],"curies":[{"name":"wp","href":"https:\/\/api.w.org\/{rel}","templated":true}]}}