{"id":132322,"date":"2025-02-11T18:45:45","date_gmt":"2025-02-11T15:45:45","guid":{"rendered":"https:\/\/www.tgrthaber.com\/mavikadin\/?p=132322"},"modified":"2025-02-11T18:45:45","modified_gmt":"2025-02-11T15:45:45","slug":"unlu-isimlerden-kar-paylasimi-kar-sevinclerini-sosyal-medyaya-tasidilar","status":"publish","type":"post","link":"https:\/\/www.tgrthaber.com\/mavikadin\/unlu-isimlerden-kar-paylasimi-kar-sevinclerini-sosyal-medyaya-tasidilar\/","title":{"rendered":"\u00dcnl\u00fc isimlerden kar payla\u015f\u0131m\u0131! Kar sevin\u00e7lerini sosyal medyaya ta\u015f\u0131d\u0131lar"},"content":{"rendered":"<p>\u00dcnl\u00fc isimlerden, beklenen kar ya\u011f\u0131\u015f\u0131 sonras\u0131 payla\u015f\u0131mlar pe\u015f pe\u015fe geldi. \u0130stanbul\u2019da merakla beklenen kar ya\u011f\u0131\u015f\u0131 sabah saatlerinde etkisini g\u00f6sterdi. Kar ya\u011f\u0131\u015f\u0131n\u0131n etkisini g\u00f6stermesiyle birlikte \u00fcnl\u00fcler, sevin\u00e7lerini sosyal medya hesab\u0131ndan payla\u015ft\u0131. Sabah saatlerinde etkili olan kar ya\u011f\u0131\u015f\u0131 \u0130stanbul\u2019u beyaza b\u00fcr\u00fcd\u00fc. \u00dcnl\u00fc isimler ise evlerinden ve bah\u00e7elerinden kar\u0131n ya\u011f\u0131\u015f\u0131n\u0131 \u00e7ekerek, sosyal medya hesaplar\u0131nda payla\u015ft\u0131.<\/p>\n<h3>\u00dcNL\u00dc \u0130S\u0130MLERDEN KAR PAYLA\u015eIMI!<\/h3>\n<p>Son g\u00fcnlerde so\u011fuk havan\u0131n etkili oldu\u011fu \u0130stanbul, sabah saatlerinde karla bulu\u015ftu. Metorolojinin ve Akom\u2019un kar uyar\u0131lar\u0131n\u0131n ard\u0131ndan \u0130stanbul, karl\u0131 bir sabaha g\u00f6z\u00fcn\u00fc a\u00e7t\u0131. Sabah saatlerinde etkisini artt\u0131ran kar ya\u011f\u0131\u015f\u0131 bir\u00e7ok \u00fcnl\u00fcn\u00fcn de dikkatini \u00e7ekti.<\/p>\n<p><img loading=\"lazy\" decoding=\"async\" class=\"alignnone wp-image-132328\" src=\"https:\/\/www.tgrthaber.com\/mavikadin\/wp-content\/uploads\/Unlulerin-kar-sevinci-6-1024x576.jpg\" alt=\"\u00dcnl\u00fc isimlerden kar payla\u015f\u0131m\u0131! \" width=\"1208\" height=\"680\" title=\"\" srcset=\"https:\/\/www.tgrthaber.com\/mavikadin\/wp-content\/uploads\/Unlulerin-kar-sevinci-6-1024x576.jpg 1024w, https:\/\/www.tgrthaber.com\/mavikadin\/wp-content\/uploads\/Unlulerin-kar-sevinci-6-300x169.jpg 300w, https:\/\/www.tgrthaber.com\/mavikadin\/wp-content\/uploads\/Unlulerin-kar-sevinci-6-768x432.jpg 768w, https:\/\/www.tgrthaber.com\/mavikadin\/wp-content\/uploads\/Unlulerin-kar-sevinci-6-1536x864.jpg 1536w, https:\/\/www.tgrthaber.com\/mavikadin\/wp-content\/uploads\/Unlulerin-kar-sevinci-6.jpg 1600w\" sizes=\"(max-width: 1208px) 100vw, 1208px\" \/><\/p>\n<hr \/>\n<p>Yo\u011fun kar ya\u011f\u0131\u015f\u0131n\u0131n ard\u0131ndan \u0130stanbul\u2019un baz\u0131 il\u00e7elerinde okullar tatil edildi. Herkesin merakla bekledi\u011fi kar ya\u011f\u0131\u015f\u0131 \u00fcnl\u00fc isimleri de sevindirdi. \u0130stanbullular\u0131n uzun s\u00fcredir b\u00fcy\u00fck bir heyecanla bekledi\u011fi kar ya\u011f\u0131\u015f\u0131, sabah saatlerinde \u015fiddetini art\u0131rd\u0131. Okula ve i\u015fe giden bir\u00e7ok vatanda\u015f karl\u0131 bir sabaha g\u00f6zlerini a\u00e7t\u0131. \u00dcnl\u00fc isimlerden de payla\u015f\u0131mlar gecikmedi. Bir\u00e7ok \u00fcnl\u00fc isim, kar sevincini sosyal medyadan yapt\u0131\u011f\u0131 payla\u015f\u0131mla kutlad\u0131.<\/p>\n<p><img loading=\"lazy\" decoding=\"async\" class=\"alignnone wp-image-132329\" src=\"https:\/\/www.tgrthaber.com\/mavikadin\/wp-content\/uploads\/Unlulerin-kar-sevinci-5-1024x576.jpg\" alt=\"\u00dcnl\u00fc isimlerden kar payla\u015f\u0131m\u0131! \" width=\"1208\" height=\"680\" title=\"\" srcset=\"https:\/\/www.tgrthaber.com\/mavikadin\/wp-content\/uploads\/Unlulerin-kar-sevinci-5-1024x576.jpg 1024w, https:\/\/www.tgrthaber.com\/mavikadin\/wp-content\/uploads\/Unlulerin-kar-sevinci-5-300x169.jpg 300w, https:\/\/www.tgrthaber.com\/mavikadin\/wp-content\/uploads\/Unlulerin-kar-sevinci-5-768x432.jpg 768w, https:\/\/www.tgrthaber.com\/mavikadin\/wp-content\/uploads\/Unlulerin-kar-sevinci-5-1536x864.jpg 1536w, https:\/\/www.tgrthaber.com\/mavikadin\/wp-content\/uploads\/Unlulerin-kar-sevinci-5.jpg 1600w\" sizes=\"(max-width: 1208px) 100vw, 1208px\" \/><\/p>\n<hr \/>\n<h3>\u00dcNL\u00dcLER KAR SEV\u0130NC\u0130N\u0130 SOSYAL MEDYAYA TA\u015eIDI!<\/h3>\n<p>Herkesin b\u00fcy\u00fck bir heyecan ve \u00f6zlemle bekledi\u011fi kar sevinci yaln\u0131zca halk\u0131 de\u011fil ayn\u0131 zamanda \u00fcnl\u00fc isimleri de sevindirdi. \u00dcnl\u00fc isimler kar sevin\u00e7lerini sosyal medyaya ta\u015f\u0131yarak \u00e7e\u015fitli payla\u015f\u0131mlar yapt\u0131. Kar ya\u011f\u0131\u015f\u0131n\u0131 f\u0131rsat bilen bir\u00e7ok \u00fcnl\u00fc isim, g\u00fczel anlar\u0131 \u00f6l\u00fcms\u00fczle\u015ftirerek sosyal medya hesab\u0131ndan payla\u015f\u0131m yapt\u0131.<\/p>\n<p><strong>\u0130\u015fte \u00fcnl\u00fc isimlerin sosyal medya hesaplar\u0131ndan yapt\u0131\u011f\u0131 kar payla\u015f\u0131mlar\u0131\u2026<\/strong><\/p>\n<h3>DEMET AKALIN<\/h3>\n<p>\u00dcnl\u00fc \u015fark\u0131c\u0131 Demet Akal\u0131n, kar ya\u011f\u0131\u015f\u0131 s\u0131ras\u0131nda evinin bah\u00e7esinden bir video payla\u015farak, kar\u0131n keyfini \u00e7\u0131kard\u0131.<\/p>\n<p><img loading=\"lazy\" decoding=\"async\" class=\"alignnone wp-image-132330\" src=\"https:\/\/www.tgrthaber.com\/mavikadin\/wp-content\/uploads\/Unlulerin-kar-sevinci-1-1024x576.jpg\" alt=\"\u00dcnl\u00fc isimlerden kar payla\u015f\u0131m\u0131! \" width=\"1208\" height=\"680\" title=\"\" srcset=\"https:\/\/www.tgrthaber.com\/mavikadin\/wp-content\/uploads\/Unlulerin-kar-sevinci-1-1024x576.jpg 1024w, https:\/\/www.tgrthaber.com\/mavikadin\/wp-content\/uploads\/Unlulerin-kar-sevinci-1-300x169.jpg 300w, https:\/\/www.tgrthaber.com\/mavikadin\/wp-content\/uploads\/Unlulerin-kar-sevinci-1-768x432.jpg 768w, https:\/\/www.tgrthaber.com\/mavikadin\/wp-content\/uploads\/Unlulerin-kar-sevinci-1-1536x864.jpg 1536w, https:\/\/www.tgrthaber.com\/mavikadin\/wp-content\/uploads\/Unlulerin-kar-sevinci-1.jpg 1600w\" sizes=\"(max-width: 1208px) 100vw, 1208px\" \/><\/p>\n<hr \/>\n<h3>YASEM\u0130N \u015eEFKATL\u0130<\/h3>\n<p>Son zamanlarda s\u0131k s\u0131k g\u00fcndeme gelen \u0130do Tatl\u0131ses\u2019in e\u015fi \u00fcnl\u00fc fenomen Yasemin \u015eefkatli de ikizleri Ayel ve Emir\u2019in kar ile tan\u0131\u015fma anlar\u0131n\u0131 sosyal medya hesab\u0131ndan payla\u015ft\u0131.<\/p>\n<div style=\"width: 640px;\" class=\"wp-video\"><!--[if lt IE 9]><script>document.createElement('video');<\/script><![endif]-->\n<video class=\"wp-video-shortcode\" id=\"video-132322-1\" width=\"640\" height=\"640\" preload=\"metadata\" controls=\"controls\"><source type=\"video\/mp4\" src=\"https:\/\/www.tgrthaber.com\/mavikadin\/wp-content\/uploads\/Unlulerin-Kar-Sevinci-2.mp4?_=1\" \/><a href=\"https:\/\/www.tgrthaber.com\/mavikadin\/wp-content\/uploads\/Unlulerin-Kar-Sevinci-2.mp4\">https:\/\/www.tgrthaber.com\/mavikadin\/wp-content\/uploads\/Unlulerin-Kar-Sevinci-2.mp4<\/a><\/video><\/div>\n<hr \/>\n<h3>ZUHAL TOPAL<\/h3>\n<p>Ba\u015far\u0131l\u0131 sunuculu\u011fuyla ad\u0131ndan s\u00f6z ettiren Zuhal Topal, evinin karlar alt\u0131nda kalan bah\u00e7esini \u201cG\u00fcnayd\u0131n\u201d notuyla payla\u015ft\u0131.<\/p>\n<p><img loading=\"lazy\" decoding=\"async\" class=\"alignnone wp-image-132332\" src=\"https:\/\/www.tgrthaber.com\/mavikadin\/wp-content\/uploads\/Unlulerin-kar-sevinci-2-1024x576.jpg\" alt=\"\u00dcnl\u00fc isimlerden kar payla\u015f\u0131m\u0131! \" width=\"1208\" height=\"680\" title=\"\" srcset=\"https:\/\/www.tgrthaber.com\/mavikadin\/wp-content\/uploads\/Unlulerin-kar-sevinci-2-1024x576.jpg 1024w, https:\/\/www.tgrthaber.com\/mavikadin\/wp-content\/uploads\/Unlulerin-kar-sevinci-2-300x169.jpg 300w, https:\/\/www.tgrthaber.com\/mavikadin\/wp-content\/uploads\/Unlulerin-kar-sevinci-2-768x432.jpg 768w, https:\/\/www.tgrthaber.com\/mavikadin\/wp-content\/uploads\/Unlulerin-kar-sevinci-2-1536x864.jpg 1536w, https:\/\/www.tgrthaber.com\/mavikadin\/wp-content\/uploads\/Unlulerin-kar-sevinci-2.jpg 1600w\" sizes=\"(max-width: 1208px) 100vw, 1208px\" \/><\/p>\n<hr \/>\n<h3>BUSE TER\u0130M<\/h3>\n<p>Futbol camias\u0131n\u0131n ustas\u0131 Fatih Terim\u2019in k\u0131z\u0131 Buse Terim, Instagram hesab\u0131ndan \u201cAy gitti denilen\u00a0kar geri geldi\u201d notuyla evinden bir payla\u015f\u0131m yapt\u0131.<\/p>\n<div style=\"width: 640px;\" class=\"wp-video\"><video class=\"wp-video-shortcode\" id=\"video-132322-2\" width=\"640\" height=\"640\" preload=\"metadata\" controls=\"controls\"><source type=\"video\/mp4\" src=\"https:\/\/www.tgrthaber.com\/mavikadin\/wp-content\/uploads\/Unlulerin-Kar-Sevinci-1.mp4?_=2\" \/><a href=\"https:\/\/www.tgrthaber.com\/mavikadin\/wp-content\/uploads\/Unlulerin-Kar-Sevinci-1.mp4\">https:\/\/www.tgrthaber.com\/mavikadin\/wp-content\/uploads\/Unlulerin-Kar-Sevinci-1.mp4<\/a><\/video><\/div>\n","protected":false},"excerpt":{"rendered":"<p>\u0130stanbul\u2019da sabah saatlerinde kar ya\u011f\u0131\u015f\u0131n\u0131n etkisini g\u00f6stermesiyle birlikte, \u00fcnl\u00fc isimlerden pe\u015f pe\u015fe payla\u015f\u0131mlar geldi. \u00dcnl\u00fcler kar sevin\u00e7lerini sosyal medyaya ta\u015f\u0131d\u0131. \u0130\u015fte detaylar\u2026 <\/p>\n","protected":false},"author":26,"featured_media":132334,"comment_status":"closed","ping_status":"closed","sticky":false,"template":"","format":"standard","meta":{"rank_math_lock_modified_date":false,"footnotes":""},"categories":[76],"tags":[2588,130,2758,6037,2414,8464],"class_list":["post-132322","post","type-post","status-publish","format-standard","has-post-thumbnail","hentry","category-magazin","tag-buse-terim","tag-demet-akalin","tag-kar-yagisi","tag-unluler","tag-yasemin-sefkatli","tag-zuhal-topal"],"_links":{"self":[{"href":"https:\/\/www.tgrthaber.com\/mavikadin\/wp-json\/wp\/v2\/posts\/132322"}],"collection":[{"href":"https:\/\/www.tgrthaber.com\/mavikadin\/wp-json\/wp\/v2\/posts"}],"about":[{"href":"https:\/\/www.tgrthaber.com\/mavikadin\/wp-json\/wp\/v2\/types\/post"}],"author":[{"embeddable":true,"href":"https:\/\/www.tgrthaber.com\/mavikadin\/wp-json\/wp\/v2\/users\/26"}],"replies":[{"embeddable":true,"href":"https:\/\/www.tgrthaber.com\/mavikadin\/wp-json\/wp\/v2\/comments?post=132322"}],"version-history":[{"count":1,"href":"https:\/\/www.tgrthaber.com\/mavikadin\/wp-json\/wp\/v2\/posts\/132322\/revisions"}],"predecessor-version":[{"id":132335,"href":"https:\/\/www.tgrthaber.com\/mavikadin\/wp-json\/wp\/v2\/posts\/132322\/revisions\/132335"}],"wp:featuredmedia":[{"embeddable":true,"href":"https:\/\/www.tgrthaber.com\/mavikadin\/wp-json\/wp\/v2\/media\/132334"}],"wp:attachment":[{"href":"https:\/\/www.tgrthaber.com\/mavikadin\/wp-json\/wp\/v2\/media?parent=132322"}],"wp:term":[{"taxonomy":"category","embeddable":true,"href":"https:\/\/www.tgrthaber.com\/mavikadin\/wp-json\/wp\/v2\/categories?post=132322"},{"taxonomy":"post_tag","embeddable":true,"href":"https:\/\/www.tgrthaber.com\/mavikadin\/wp-json\/wp\/v2\/tags?post=132322"}],"curies":[{"name":"wp","href":"https:\/\/api.w.org\/{rel}","templated":true}]}}