{"id":132384,"date":"2025-02-11T21:43:54","date_gmt":"2025-02-11T18:43:54","guid":{"rendered":"https:\/\/www.tgrthaber.com\/mavikadin\/?p=132384"},"modified":"2025-02-11T21:43:54","modified_gmt":"2025-02-11T18:43:54","slug":"rb-pop-sanatcisi-baran-menguc-kimin-oglu-hip-hop-danscisi-baran-menguc-hakkinda-merak-edilenler","status":"publish","type":"post","link":"https:\/\/www.tgrthaber.com\/mavikadin\/rb-pop-sanatcisi-baran-menguc-kimin-oglu-hip-hop-danscisi-baran-menguc-hakkinda-merak-edilenler\/","title":{"rendered":"R&#038;B \/Pop sanat\u00e7\u0131s\u0131 Baran Meng\u00fc\u00e7 kimin o\u011flu? Hip-Hop dans\u00e7\u0131s\u0131 Baran Meng\u00fc\u00e7 hakk\u0131nda merak edilenler"},"content":{"rendered":"<p>Baran Meng\u00fc\u00e7, son d\u00f6nemde yapt\u0131\u011f\u0131 sahne performanslar\u0131yla ve sosyal medyadaki payla\u015f\u0131mlar\u0131yla dikkatleri \u00fczerine \u00e7ekmeyi ba\u015fard\u0131. Babas\u0131n\u0131n izinden giden Baran, m\u00fczik ve dans konusundaki yetenekleriyle b\u00fcy\u00fck bir hayran kitlesin ula\u015ft\u0131. Peki, Baran Meng\u00fc\u00e7 kimin o\u011flu? Ka\u00e7 ya\u015f\u0131nda? Baran Meng\u00fc\u00e7 ne i\u015f yap\u0131yor? Baran Meng\u00fc\u00e7&#8217;\u00fcn babas\u0131 kim?<\/p>\n<h3>BARAN MENG\u00dc\u00c7 K\u0130MD\u0130R? KA\u00c7 YA\u015eINDADIR?<\/h3>\n<p>Baran Meng\u00fc\u00e7, 28 Haziran 2003 tarihinde \u0130stanbul\u2019da d\u00fcnyaya geldi. 2025 y\u0131l\u0131nda 21 ya\u015f\u0131na giren gen\u00e7 sanat\u00e7\u0131 Baran Meng\u00fc\u00e7, k\u00fc\u00e7\u00fckl\u00fc\u011f\u00fcnden beri sanatla i\u00e7 i\u00e7e bir hayat s\u00fcrmektedir. Babas\u0131 Tar\u0131k Meng\u00fc\u00e7\u2019\u00fcn Roman m\u00fczi\u011findeki pop\u00fclerli\u011fiyle m\u00fczikle daha k\u00fc\u00e7\u00fck ya\u015fta tan\u0131\u015fan Baran, kendini m\u00fczik ve dans alan\u0131nda geli\u015ftirmesiyle m\u00fczik d\u00fcnyas\u0131na h\u0131zl\u0131 bir giri\u015f yapt\u0131.<\/p>\n<h3>BARAN MENG\u00dc\u00c7 K\u0130M\u0130N O\u011eLU?<\/h3>\n<p>Baran Meng\u00fc\u00e7, soyad\u0131 ile direk ak\u0131llara Tar\u0131k Meng\u00fc\u00e7\u2019\u00fcn o\u011flu mu? diye geldi. Google\u2019da en \u00e7ok aran\u0131lan Baran Meng\u00fc\u00e7 kimin o\u011flu? Sorusunun cevab\u0131 ise tahminleri do\u011fru \u00e7\u0131kard\u0131. Baran Meng\u00fc\u00e7, Tar\u0131k Meng\u00fc\u00e7\u2019\u00fcn o\u011fludur.<\/p>\n<p><img loading=\"lazy\" decoding=\"async\" class=\"alignnone wp-image-132395\" src=\"https:\/\/www.tgrthaber.com\/mavikadin\/wp-content\/uploads\/tarik-menguc-oglu-baran-menguc-300x169.jpg\" alt=\"tar\u0131k meng\u00fc\u00e7 o\u011flu baran meng\u00fc\u00e7\" width=\"1208\" height=\"680\" title=\"\" srcset=\"https:\/\/www.tgrthaber.com\/mavikadin\/wp-content\/uploads\/tarik-menguc-oglu-baran-menguc-300x169.jpg 300w, https:\/\/www.tgrthaber.com\/mavikadin\/wp-content\/uploads\/tarik-menguc-oglu-baran-menguc-1024x576.jpg 1024w, https:\/\/www.tgrthaber.com\/mavikadin\/wp-content\/uploads\/tarik-menguc-oglu-baran-menguc-768x432.jpg 768w, https:\/\/www.tgrthaber.com\/mavikadin\/wp-content\/uploads\/tarik-menguc-oglu-baran-menguc-1536x864.jpg 1536w, https:\/\/www.tgrthaber.com\/mavikadin\/wp-content\/uploads\/tarik-menguc-oglu-baran-menguc.jpg 1920w\" sizes=\"(max-width: 1208px) 100vw, 1208px\" \/><\/p>\n<hr \/>\n<h3>BARAN MENG\u00dc\u00c7\u2019\u00dcN MESLE\u011e\u0130 VE KAR\u0130YER\u0130<\/h3>\n<p>Baran Meng\u00fc\u00e7, babas\u0131 Tar\u0131k Meng\u00fc\u00e7 gibi m\u00fczik d\u00fcnyas\u0131na k\u0131sa s\u00fcre i\u00e7erisinde giri\u015f yapt\u0131. \u00a0R&amp;B ve pop m\u00fczik alan\u0131nda besteler yapan Baran, sahnedeki enerjik performanslar\u0131 ve farkl\u0131 tarz\u0131yla dikkatleri \u00fczerine \u00e7ekiyor. FA Organizasyon ekibi ile birlikte \u00e7al\u0131\u015fan Baran, hem m\u00fczik hem de dans projelerinde aktif olarak yer almaya devam ediyor.<\/p>\n<p>\u00dcnl\u00fc \u015fark\u0131c\u0131 Edis\u2019in \u201cAyya\u015f\u201d \u015fark\u0131s\u0131nda yapt\u0131\u011f\u0131 d\u00fcet ile Baran Meng\u00fc\u00e7 ad\u0131n\u0131 geni\u015f kitlelere duyurmay\u0131 ba\u015fard\u0131. Ayr\u0131ca \u00fcnl\u00fc \u015fark\u0131c\u0131 Zeynep Bast\u0131k ile sosyal medyada yapt\u0131\u011f\u0131 dansla da g\u00f6zleri \u00fcst\u00fcne \u00e7eken Baran Meng\u00fc\u00e7 kendi \u015fark\u0131lar\u0131n\u0131 kendisi yaparak m\u00fczik piyasas\u0131nda emin ad\u0131mlarla y\u00fcr\u00fcmeye devam ediyor.<\/p>\n<h3>BARAN MENG\u00dc\u00c7\u2019\u00dcN M\u00dcZ\u0130K TARZI NED\u0130R?<\/h3>\n<p>Baran Meng\u00fc\u00e7, bir\u00e7ok m\u00fczik kolunu kendi i\u00e7inde bar\u0131nd\u0131r\u0131yor. R&amp;B, Hip Hop ve Pop m\u00fcziklerine ilgisi ve yatk\u0131nl\u0131\u011f\u0131 olan Baran Meng\u00fc\u00e7, kendi yapt\u0131\u011f\u0131 m\u00fczik tarz\u0131n\u0131 \u201c &#8220;Ottoman Pop&#8221; olarak nitelendiriyor.<\/p>\n<p><img loading=\"lazy\" decoding=\"async\" class=\"alignnone wp-image-132399\" src=\"https:\/\/www.tgrthaber.com\/mavikadin\/wp-content\/uploads\/baran-menguc-muzik-kariyeri-300x169.jpg\" alt=\"baran meng\u00fc\u00e7 m\u00fczik kariyeri\" width=\"1208\" height=\"680\" title=\"\" srcset=\"https:\/\/www.tgrthaber.com\/mavikadin\/wp-content\/uploads\/baran-menguc-muzik-kariyeri-300x169.jpg 300w, https:\/\/www.tgrthaber.com\/mavikadin\/wp-content\/uploads\/baran-menguc-muzik-kariyeri-1024x576.jpg 1024w, https:\/\/www.tgrthaber.com\/mavikadin\/wp-content\/uploads\/baran-menguc-muzik-kariyeri-768x432.jpg 768w, https:\/\/www.tgrthaber.com\/mavikadin\/wp-content\/uploads\/baran-menguc-muzik-kariyeri-1536x864.jpg 1536w, https:\/\/www.tgrthaber.com\/mavikadin\/wp-content\/uploads\/baran-menguc-muzik-kariyeri.jpg 1920w\" sizes=\"(max-width: 1208px) 100vw, 1208px\" \/><\/p>\n<hr \/>\n<h3>BARAN MENG\u00dc\u00c7 \u00c7IKARDI\u011eI \u015eARKILAR<\/h3>\n<ul>\n<li>Ara S\u0131cak<\/li>\n<li>Hesap kitap<\/li>\n<li>Dayanamam<\/li>\n<li>Denge yok<\/li>\n<li>Divane<\/li>\n<\/ul>\n","protected":false},"excerpt":{"rendered":"<p>Son d\u00f6nemlerde ad\u0131n\u0131 s\u0131k\u00e7a duydu\u011fumuz R&#038;B \/Pop sanat\u00e7\u0131s\u0131, Hip-Hop dans\u00e7\u0131s\u0131 ve s\u00f6z yazarl\u0131\u011f\u0131 da yapan Baran Meng\u00fc\u00e7, \u015fark\u0131lar\u0131yla m\u00fczik d\u00fcnyas\u0131na h\u0131zl\u0131 bir giri\u015f yapt\u0131. \u00c7\u0131kard\u0131\u011f\u0131 \u015fark\u0131yla ve danslar\u0131yla dikkat \u00e7eken Baran Meng\u00fc\u00e7\u2019\u00fcn kimin o\u011flu oldu\u011fu ise merak edilen konular aras\u0131nda yer ald\u0131. Peki, Baran Meng\u00fc\u00e7 kimin o\u011flu? Ka\u00e7 ya\u015f\u0131nda? <\/p>\n","protected":false},"author":10,"featured_media":132390,"comment_status":"closed","ping_status":"closed","sticky":false,"template":"","format":"standard","meta":{"rank_math_lock_modified_date":false,"footnotes":""},"categories":[491],"tags":[8288,10625],"class_list":["post-132384","post","type-post","status-publish","format-standard","has-post-thumbnail","hentry","category-biyografi","tag-baran-menguc","tag-baran-menguc-kimin-oglu-kac-yasinda-baran-menguc-ne-is-yapiyor-baran-mengucun-babasi-kim"],"_links":{"self":[{"href":"https:\/\/www.tgrthaber.com\/mavikadin\/wp-json\/wp\/v2\/posts\/132384"}],"collection":[{"href":"https:\/\/www.tgrthaber.com\/mavikadin\/wp-json\/wp\/v2\/posts"}],"about":[{"href":"https:\/\/www.tgrthaber.com\/mavikadin\/wp-json\/wp\/v2\/types\/post"}],"author":[{"embeddable":true,"href":"https:\/\/www.tgrthaber.com\/mavikadin\/wp-json\/wp\/v2\/users\/10"}],"replies":[{"embeddable":true,"href":"https:\/\/www.tgrthaber.com\/mavikadin\/wp-json\/wp\/v2\/comments?post=132384"}],"version-history":[{"count":1,"href":"https:\/\/www.tgrthaber.com\/mavikadin\/wp-json\/wp\/v2\/posts\/132384\/revisions"}],"predecessor-version":[{"id":132400,"href":"https:\/\/www.tgrthaber.com\/mavikadin\/wp-json\/wp\/v2\/posts\/132384\/revisions\/132400"}],"wp:featuredmedia":[{"embeddable":true,"href":"https:\/\/www.tgrthaber.com\/mavikadin\/wp-json\/wp\/v2\/media\/132390"}],"wp:attachment":[{"href":"https:\/\/www.tgrthaber.com\/mavikadin\/wp-json\/wp\/v2\/media?parent=132384"}],"wp:term":[{"taxonomy":"category","embeddable":true,"href":"https:\/\/www.tgrthaber.com\/mavikadin\/wp-json\/wp\/v2\/categories?post=132384"},{"taxonomy":"post_tag","embeddable":true,"href":"https:\/\/www.tgrthaber.com\/mavikadin\/wp-json\/wp\/v2\/tags?post=132384"}],"curies":[{"name":"wp","href":"https:\/\/api.w.org\/{rel}","templated":true}]}}