{"id":132410,"date":"2025-02-11T22:16:24","date_gmt":"2025-02-11T19:16:24","guid":{"rendered":"https:\/\/www.tgrthaber.com\/mavikadin\/?p=132410"},"modified":"2025-02-11T22:16:25","modified_gmt":"2025-02-11T19:16:25","slug":"bir-behzat-c-hikayesinin-sulesi-ayca-eren-kimdir-ayca-eren-hangi-dizilerde-oynadi","status":"publish","type":"post","link":"https:\/\/www.tgrthaber.com\/mavikadin\/bir-behzat-c-hikayesinin-sulesi-ayca-eren-kimdir-ayca-eren-hangi-dizilerde-oynadi\/","title":{"rendered":"Bir Behzat \u00c7. Hikayesi&#8217;nin \u015eule&#8217;si Ay\u00e7a Eren kimdir? Ay\u00e7a Eren hangi dizilerde oynad\u0131?"},"content":{"rendered":"<p>BluTV\u2019de yay\u0131nlanacak olan Bir Behzat \u00c7. Hikayesi&#8217;nde nefesler tutuldu. Dizinin yeni sezon \u00e7ekimlerine ba\u015fland\u0131. \u00d6te yandan Bir Behzat \u00c7. Hikayesi oyuncu kadrosu da belli oldu. Bir Behzat \u00c7. Hikayesi Ay\u00e7a Eren \u015eule karakterini oynayacak. Daha \u00f6ncede \u201cBehzat \u00c7. Bir Ankara Polisiyesi\u201d dizisinde oynayan Bir Behzat \u00c7. Hikayesi&#8217;nin \u015eule&#8217;si Ay\u00e7a Eren kimdir? Ay\u00e7a Eren hangi dizilerde oynad\u0131? \u0130\u015fte t\u00fcm merak edilenler&#8230;<\/p>\n<h3>B\u0130R BEHZAT \u00c7. H\u0130KAYES\u0130&#8217;N\u0130N \u015eULE&#8217;S\u0130 AY\u00c7A EREN K\u0130MD\u0130R?<\/h3>\n<p>G\u00fczel oyuncu Ay\u00e7a Eren, BluTV&#8217;de ekrana gelecek Bir Behzat \u00c7. Hikayesi dizisinde \u015eule karakteriyle sevenlerinin kar\u015f\u0131s\u0131na \u00e7\u0131kmaya haz\u0131rlan\u0131yor. 2 A\u011fustos 1986 y\u0131l\u0131nda do\u011fan oyuncu \u00c7ankaya \u00dcniversitesi End\u00fcstri M\u00fchendisli\u011fi b\u00f6l\u00fcm\u00fcnde mezun olmu\u015ftur.<\/p>\n<p><img loading=\"lazy\" decoding=\"async\" class=\"alignnone wp-image-132415\" src=\"https:\/\/www.tgrthaber.com\/mavikadin\/wp-content\/uploads\/ayca-1-300x298.jpg\" alt=\"\" width=\"1280\" height=\"1271\" title=\"\" srcset=\"https:\/\/www.tgrthaber.com\/mavikadin\/wp-content\/uploads\/ayca-1-300x298.jpg 300w, https:\/\/www.tgrthaber.com\/mavikadin\/wp-content\/uploads\/ayca-1-150x150.jpg 150w, https:\/\/www.tgrthaber.com\/mavikadin\/wp-content\/uploads\/ayca-1.jpg 542w\" sizes=\"(max-width: 1280px) 100vw, 1280px\" \/><\/p>\n<hr \/>\n<p>Foto\u011fraf\u00e7\u0131l\u0131kla da ilgilenen Ay\u00e7a Eren, bir g\u00fcn\u00a0 Erdal Be\u015fik\u00e7io\u011flu&#8217;nun sahibi oldu\u011fu bir mekan\u0131n foto\u011fraflar\u0131n\u0131 \u00e7ekerken Erdal Be\u015fik\u00e7io\u011flu taraf\u0131ndan teklif edilen rol\u00fc kabul etti. Bunun \u00fczerine Ay\u00e7a Eren, Behzat \u00c7. Bir Ankara Polisiyesi dizisinin kadrosuna dahil oldu.<\/p>\n<p>Ay\u00e7a Eren, 2010-2013 y\u0131llar\u0131 aras\u0131nda Behzat \u00c7. Bir Ankara Polisiyesi, Disko Kral\u0131, Annemin Yaras\u0131, 46 Yok Olan ve A\u015fk Laftan Anlamaz gibi yap\u0131mlar boy g\u00f6stermi\u015ftir.<\/p>\n<p><img loading=\"lazy\" decoding=\"async\" class=\"alignnone wp-image-132413\" src=\"https:\/\/www.tgrthaber.com\/mavikadin\/wp-content\/uploads\/9e173a12209e1d076ce7e46d64769c65-300x201.jpg\" alt=\"\" width=\"1280\" height=\"857\" title=\"\" srcset=\"https:\/\/www.tgrthaber.com\/mavikadin\/wp-content\/uploads\/9e173a12209e1d076ce7e46d64769c65-300x201.jpg 300w, https:\/\/www.tgrthaber.com\/mavikadin\/wp-content\/uploads\/9e173a12209e1d076ce7e46d64769c65.jpg 720w\" sizes=\"(max-width: 1280px) 100vw, 1280px\" \/><\/p>\n<hr \/>\n<h3>B\u0130R BEHZAT \u00c7. H\u0130KAYES\u0130 KONUSU NED\u0130R?<\/h3>\n<p>Bir Behzat \u00c7. Hikayesi 3 sezon \u00e7ekimlerine ba\u015flad\u0131. Hayranlar\u0131n\u0131 heyecanland\u0131ran yap\u0131m hakk\u0131nda sosyal medyadan a\u00e7\u0131klamada bulunuldu. Warner Bros. Discovery\u2019nin T\u00fcrkiye\u2019deki platformu BluTV\u2019de ekrana gelecek dizide haz\u0131rl\u0131klar sona erdi. Ge\u00e7en sezon yay\u0131nlanan finalde Demirdelen ailesinin \u00e7\u00f6kertilmesinin akabinde Ankara\u2019da daha sakin ya\u015fan\u0131yordu. Fakat bir cinayet bu sessizli\u011fi bozuyor. Ankara&#8217;da ya\u015fanacak olaylar Behzat Ba\u015fkomiser\u2019i derinden sarsacak.<\/p>\n<p>Bir Behzat \u00c7. Hikayesi dizisinin yap\u0131mc\u0131l\u0131\u011f\u0131n\u0131 Ortaks Yap\u0131m \u00fcstlendi. Bir Behzat \u00c7. Hikayesi&#8217;nin kadrosunda; Erdal Be\u015fik\u00e7io\u011flu, \u0130nan\u00e7 Konuk\u00e7u, Evliya Aykan, Berkan \u015eal, Ege Aydan, G\u00fcven K\u0131ra\u00e7, Burak Dakak, Ay\u00e7a Eren, G\u00f6k\u00e7e Ey\u00fcbo\u011flu, Eray Eserol, Derin Be\u015fikcio\u011flu gibi isimler yer al\u0131yor.<\/p>\n","protected":false},"excerpt":{"rendered":"<p>Ay\u00e7a Eren, Bir Behzat \u00c7. Hikayesi dizisinde izleyici kar\u015f\u0131s\u0131na \u00e7\u0131k\u0131yor. 3. sezon \u00e7ekimlerine ba\u015flanan dizinin oyuncu kadrosu da \u015fekillendi. Peki, Bir Behzat \u00c7. Hikayesi&#8217;nin \u015eule&#8217;si Ay\u00e7a Eren kimdir? Ay\u00e7a Eren hangi dizilerde oynad\u0131? Haberinizin detaylar\u0131nda konu hakk\u0131nda bilgiye eri\u015febilirsiniz.<\/p>\n","protected":false},"author":33,"featured_media":132414,"comment_status":"closed","ping_status":"closed","sticky":false,"template":"","format":"standard","meta":{"rank_math_lock_modified_date":false,"footnotes":""},"categories":[602],"tags":[10634,10632,10633],"class_list":["post-132410","post","type-post","status-publish","format-standard","has-post-thumbnail","hentry","category-diziler","tag-ayca-eren-dizileri","tag-ayca-eren-kimdir","tag-bir-behzat-c-hikayesi-sule-kimdir"],"_links":{"self":[{"href":"https:\/\/www.tgrthaber.com\/mavikadin\/wp-json\/wp\/v2\/posts\/132410"}],"collection":[{"href":"https:\/\/www.tgrthaber.com\/mavikadin\/wp-json\/wp\/v2\/posts"}],"about":[{"href":"https:\/\/www.tgrthaber.com\/mavikadin\/wp-json\/wp\/v2\/types\/post"}],"author":[{"embeddable":true,"href":"https:\/\/www.tgrthaber.com\/mavikadin\/wp-json\/wp\/v2\/users\/33"}],"replies":[{"embeddable":true,"href":"https:\/\/www.tgrthaber.com\/mavikadin\/wp-json\/wp\/v2\/comments?post=132410"}],"version-history":[{"count":2,"href":"https:\/\/www.tgrthaber.com\/mavikadin\/wp-json\/wp\/v2\/posts\/132410\/revisions"}],"predecessor-version":[{"id":132418,"href":"https:\/\/www.tgrthaber.com\/mavikadin\/wp-json\/wp\/v2\/posts\/132410\/revisions\/132418"}],"wp:featuredmedia":[{"embeddable":true,"href":"https:\/\/www.tgrthaber.com\/mavikadin\/wp-json\/wp\/v2\/media\/132414"}],"wp:attachment":[{"href":"https:\/\/www.tgrthaber.com\/mavikadin\/wp-json\/wp\/v2\/media?parent=132410"}],"wp:term":[{"taxonomy":"category","embeddable":true,"href":"https:\/\/www.tgrthaber.com\/mavikadin\/wp-json\/wp\/v2\/categories?post=132410"},{"taxonomy":"post_tag","embeddable":true,"href":"https:\/\/www.tgrthaber.com\/mavikadin\/wp-json\/wp\/v2\/tags?post=132410"}],"curies":[{"name":"wp","href":"https:\/\/api.w.org\/{rel}","templated":true}]}}