{"id":132427,"date":"2025-02-11T22:51:35","date_gmt":"2025-02-11T19:51:35","guid":{"rendered":"https:\/\/www.tgrthaber.com\/mavikadin\/?p=132427"},"modified":"2025-02-12T00:00:46","modified_gmt":"2025-02-11T21:00:46","slug":"muge-anlinin-sevilen-ismi-rahmi-ozkanin-kazagi-dikkat-cekti-fiyati-sasirtti","status":"publish","type":"post","link":"https:\/\/www.tgrthaber.com\/mavikadin\/muge-anlinin-sevilen-ismi-rahmi-ozkanin-kazagi-dikkat-cekti-fiyati-sasirtti\/","title":{"rendered":"M\u00fcge Anl\u0131\u2019n\u0131n sevilen ismi Rahmi \u00d6zkan\u2019\u0131n kaza\u011f\u0131 dikkat \u00e7ekti! Fiyat\u0131 \u015fa\u015f\u0131rtt\u0131"},"content":{"rendered":"<p class=\"p1\">M\u00fcge Anl\u0131 ile Tatl\u0131 Sert program\u0131n\u0131n deneyimli avukat\u0131 Rahmi \u00d6zkan, bu kez hukuk yorumlar\u0131yla de\u011fil, k\u0131yafet tercihiyle konu\u015fuldu. Canl\u0131 yay\u0131nda giydi\u011fi kazak, sosyal medyada b\u00fcy\u00fck ilgi g\u00f6rd\u00fc. Kullan\u0131c\u0131lar, kaza\u011f\u0131n fiyat\u0131n\u0131 ara\u015ft\u0131rmaya ba\u015flay\u0131nca \u00d6zkan\u2019\u0131n tarz\u0131 g\u00fcndemin en \u00e7ok konu\u015fulan konular\u0131ndan biri haline geldi.<\/p>\n<h3>M\u00dcGE ANLI&#8217;DAK\u0130 RAHM\u0130 \u00d6ZKAN&#8217;IN KAZA\u011eININ F\u0130YATI SOSYAL MEDYANIN G\u00dcNDEM\u0130NDE<\/h3>\n<p class=\"p1\">Uzun y\u0131llard\u0131r M\u00fcge Anl\u0131 ile Tatl\u0131 Sert program\u0131nda yer alan ve keskin zekas\u0131yla adaletin sa\u011flanmas\u0131 i\u00e7in \u00f6nemli bir rol \u00fcstlenen Rahmi \u00d6zkan, bu defa tarz\u0131yla ad\u0131ndan s\u00f6z ettirdi. Program esnas\u0131nda giydi\u011fi kaza\u011f\u0131n markas\u0131 ve fiyat\u0131, sosyal medyada h\u0131zla yay\u0131ld\u0131. Bir\u00e7ok kullan\u0131c\u0131, \u00fcnl\u00fc avukat\u0131n \u015f\u0131k ve dikkat \u00e7eken se\u00e7imleri hakk\u0131nda yorumlar yaparken, baz\u0131lar\u0131 fiyat\u0131n olduk\u00e7a y\u00fcksek oldu\u011funu belirtti.<\/p>\n<div style=\"width: 640px;\" class=\"wp-video\"><!--[if lt IE 9]><script>document.createElement('video');<\/script><![endif]-->\n<video class=\"wp-video-shortcode\" id=\"video-132427-1\" width=\"640\" height=\"542\" preload=\"metadata\" controls=\"controls\"><source type=\"video\/mp4\" src=\"https:\/\/www.tgrthaber.com\/mavikadin\/wp-content\/uploads\/rahmii.mp4?_=1\" \/><a href=\"https:\/\/www.tgrthaber.com\/mavikadin\/wp-content\/uploads\/rahmii.mp4\">https:\/\/www.tgrthaber.com\/mavikadin\/wp-content\/uploads\/rahmii.mp4<\/a><\/video><\/div>\n<h3>SOSYAL MEDYA KULLANICILARI \u0130K\u0130YE B\u00d6L\u00dcND\u00dc<\/h3>\n<p class=\"p2\">\u00d6zkan\u2019\u0131n tercih etti\u011fi kaza\u011f\u0131n \u00fcnl\u00fc bir markaya ait oldu\u011fu \u00f6\u011frenildi. Etiket fiyat\u0131n\u0131n T\u00fcrk paras\u0131yla 5 bin TL oldu\u011fu \u00f6\u011frenilirken,\u00a0 bir\u00e7ok kullan\u0131c\u0131 \u201cBu kadar pahal\u0131 olaca\u011f\u0131n\u0131 tahmin etmemi\u015ftik\u201d yorumunda bulundu. Rahmi \u00d6zkan\u2019\u0131n k\u0131yafet tercihi, izleyicileri ikiye b\u00f6ld\u00fc. Bir kesim, \u00fcnl\u00fc avukat\u0131n her zaman \u015f\u0131k giyindi\u011fini ve bunun bir stil meselesi oldu\u011funu s\u00f6ylerken, baz\u0131 kullan\u0131c\u0131lar ise fiyat\u0131n abart\u0131l\u0131 oldu\u011funu d\u00fc\u015f\u00fcnd\u00fc. Kaza\u011f\u0131n fiyat\u0131 hakk\u0131nda yap\u0131lan payla\u015f\u0131mlar, k\u0131sa s\u00fcrede binlerce yorum ald\u0131.<\/p>\n<p><img loading=\"lazy\" decoding=\"async\" class=\"alignnone wp-image-132438 \" src=\"https:\/\/www.tgrthaber.com\/mavikadin\/wp-content\/uploads\/Ekran-Resmi-2025-02-11-22.45.27.png\" alt=\"\" width=\"951\" height=\"609\" title=\"\" srcset=\"https:\/\/www.tgrthaber.com\/mavikadin\/wp-content\/uploads\/Ekran-Resmi-2025-02-11-22.45.27.png 920w, https:\/\/www.tgrthaber.com\/mavikadin\/wp-content\/uploads\/Ekran-Resmi-2025-02-11-22.45.27-300x192.png 300w, https:\/\/www.tgrthaber.com\/mavikadin\/wp-content\/uploads\/Ekran-Resmi-2025-02-11-22.45.27-768x493.png 768w\" sizes=\"(max-width: 951px) 100vw, 951px\" \/><\/p>\n<hr \/>\n<h3>RAHM\u0130 \u00d6ZKAN K\u0130MD\u0130R?<\/h3>\n<p class=\"p1\">1939 y\u0131l\u0131nda \u015eanl\u0131urfa\u2019n\u0131n Siverek il\u00e7esinde d\u00fcnyaya gelen H\u00fcseyin Rahmi \u00d6zkan, e\u011fitim hayat\u0131na do\u011fdu\u011fu \u015fehirde ba\u015flad\u0131. \u0130lk ve ortaokul y\u0131llar\u0131n\u0131 burada tamamlad\u0131ktan sonra lise e\u011fitimi i\u00e7in Diyarbak\u0131r Ziya G\u00f6kalp Lisesi\u2019ne gitti. Hukuk alan\u0131na olan ilgisi nedeniyle 1958 y\u0131l\u0131nda \u0130stanbul \u00dcniversitesi Hukuk Fak\u00fcltesi\u2019ni kazanarak \u0130stanbul\u2019a yerle\u015fti. \u00dcniversite y\u0131llar\u0131nda sosyal \u00e7al\u0131\u015fmalara aktif olarak kat\u0131lan \u00d6zkan, \u00f6\u011frenci derneklerinde \u00fcst d\u00fczey g\u00f6revlerde bulundu.<\/p>\n<p><img loading=\"lazy\" decoding=\"async\" class=\"alignnone wp-image-132433 \" src=\"https:\/\/www.tgrthaber.com\/mavikadin\/wp-content\/uploads\/Ekran-Resmi-2025-02-11-22.42.21.png\" alt=\"\" width=\"943\" height=\"666\" title=\"\" srcset=\"https:\/\/www.tgrthaber.com\/mavikadin\/wp-content\/uploads\/Ekran-Resmi-2025-02-11-22.42.21.png 852w, https:\/\/www.tgrthaber.com\/mavikadin\/wp-content\/uploads\/Ekran-Resmi-2025-02-11-22.42.21-300x212.png 300w, https:\/\/www.tgrthaber.com\/mavikadin\/wp-content\/uploads\/Ekran-Resmi-2025-02-11-22.42.21-768x543.png 768w\" sizes=\"(max-width: 943px) 100vw, 943px\" \/><\/p>\n<hr \/>\n<p class=\"p1\">\u00dcniversite y\u0131llar\u0131nda Milli T\u00fcrk Talebe Birli\u011fi\u2019nin \u00e7e\u015fitli kademelerinde g\u00f6rev alan Rahmi \u00d6zkan, 1961 y\u0131l\u0131nda genel kurul ba\u015fkanl\u0131\u011f\u0131na, ard\u0131ndan \u0130stanbul \u0130cra Konseyi Ba\u015fkanl\u0131\u011f\u0131\u2019na se\u00e7ildi. 1963-1965 y\u0131llar\u0131 aras\u0131nda yedek subay olarak askerlik g\u00f6revini tamamlad\u0131ktan sonra, 1966 y\u0131l\u0131nda hukuk e\u011fitimine kald\u0131\u011f\u0131 yerden devam etti ve 1969 y\u0131l\u0131nda \u0130stanbul \u00dcniversitesi Hukuk Fak\u00fcltesi\u2019nden mezun oldu. 1970 y\u0131l\u0131nda \u0130stanbul Barosu\u2019na kay\u0131t olarak serbest avukatl\u0131k yapmaya ba\u015flayan \u00d6zkan, hukuk alan\u0131ndaki tecr\u00fcbesiyle k\u0131sa s\u00fcrede dikkat \u00e7ekti.<\/p>\n<p>&nbsp;<\/p>\n","protected":false},"excerpt":{"rendered":"<p>M\u00fcge Anl\u0131 ile Tatl\u0131 Sert program\u0131n\u0131n sevilen ismi avukat Rahmi \u00d6zkan, bu kez yorumlar\u0131yla de\u011fil, k\u0131yafet tercihiyle dikkatleri \u00fczerine \u00e7ekti. \u00d6zkan\u2019\u0131n programda giydi\u011fi kaza\u011f\u0131n fiyat\u0131 k\u0131sa s\u00fcrede sosyal medyada g\u00fcndem oldu.<\/p>\n","protected":false},"author":16,"featured_media":132435,"comment_status":"closed","ping_status":"closed","sticky":false,"template":"","format":"standard","meta":{"rank_math_lock_modified_date":false,"footnotes":""},"categories":[76],"tags":[10645,10643,10644],"class_list":["post-132427","post","type-post","status-publish","format-standard","has-post-thumbnail","hentry","category-magazin","tag-muge-anli-rahmi-ozkan","tag-muge-anli-rahmi-ozkan-kazak-fiyat","tag-muge-anli-rahmin-ozkan-kazak"],"_links":{"self":[{"href":"https:\/\/www.tgrthaber.com\/mavikadin\/wp-json\/wp\/v2\/posts\/132427"}],"collection":[{"href":"https:\/\/www.tgrthaber.com\/mavikadin\/wp-json\/wp\/v2\/posts"}],"about":[{"href":"https:\/\/www.tgrthaber.com\/mavikadin\/wp-json\/wp\/v2\/types\/post"}],"author":[{"embeddable":true,"href":"https:\/\/www.tgrthaber.com\/mavikadin\/wp-json\/wp\/v2\/users\/16"}],"replies":[{"embeddable":true,"href":"https:\/\/www.tgrthaber.com\/mavikadin\/wp-json\/wp\/v2\/comments?post=132427"}],"version-history":[{"count":3,"href":"https:\/\/www.tgrthaber.com\/mavikadin\/wp-json\/wp\/v2\/posts\/132427\/revisions"}],"predecessor-version":[{"id":132475,"href":"https:\/\/www.tgrthaber.com\/mavikadin\/wp-json\/wp\/v2\/posts\/132427\/revisions\/132475"}],"wp:featuredmedia":[{"embeddable":true,"href":"https:\/\/www.tgrthaber.com\/mavikadin\/wp-json\/wp\/v2\/media\/132435"}],"wp:attachment":[{"href":"https:\/\/www.tgrthaber.com\/mavikadin\/wp-json\/wp\/v2\/media?parent=132427"}],"wp:term":[{"taxonomy":"category","embeddable":true,"href":"https:\/\/www.tgrthaber.com\/mavikadin\/wp-json\/wp\/v2\/categories?post=132427"},{"taxonomy":"post_tag","embeddable":true,"href":"https:\/\/www.tgrthaber.com\/mavikadin\/wp-json\/wp\/v2\/tags?post=132427"}],"curies":[{"name":"wp","href":"https:\/\/api.w.org\/{rel}","templated":true}]}}