{"id":132499,"date":"2025-02-12T02:13:55","date_gmt":"2025-02-11T23:13:55","guid":{"rendered":"https:\/\/www.tgrthaber.com\/mavikadin\/?p=132499"},"modified":"2025-02-12T08:34:36","modified_gmt":"2025-02-12T05:34:36","slug":"bebeklerin-bagisiklik-sistemi-nasil-guclu-tutulur-bagisiklik-sistemini-kuvvetlendiren-yiyecekler","status":"publish","type":"post","link":"https:\/\/www.tgrthaber.com\/mavikadin\/bebeklerin-bagisiklik-sistemi-nasil-guclu-tutulur-bagisiklik-sistemini-kuvvetlendiren-yiyecekler\/","title":{"rendered":"Bebeklerin ba\u011f\u0131\u015f\u0131kl\u0131k sistemi nas\u0131l g\u00fc\u00e7l\u00fc tutulur? Ba\u011f\u0131\u015f\u0131kl\u0131k sistemini kuvvetlendiren yiyecekler"},"content":{"rendered":"<p>Bebeklerin sa\u011fl\u0131kl\u0131 bir \u015fekilde b\u00fcy\u00fcy\u00fcp geli\u015fim g\u00f6sterebilmeleri i\u00e7in diren\u00e7li ve kuvvetli bir ba\u011f\u0131\u015f\u0131kl\u0131k sistemine sahip olmalar\u0131 hayati bir \u00f6neme sahiptir.<\/p>\n<p>V\u00fccudun enfeksiyonlara ve hastal\u0131klara kar\u015f\u0131 savunma mekanizmas\u0131 olan ba\u011f\u0131\u015f\u0131kl\u0131k sistemi; her bebekte ayn\u0131 seyirde ilerlemez iken bu durum normal do\u011fum ile d\u00fcnyaya gelen bebeklerde ba\u011f\u0131\u015f\u0131kl\u0131klar\u0131 daha g\u00fc\u00e7l\u00fc iken sezaryen ile d\u00fcnyaya g\u00f6zlerini a\u00e7anlarda ba\u011f\u0131\u015f\u0131kl\u0131k sistemi daha zay\u0131ft\u0131r.<\/p>\n<h3>BEBEKLER\u0130N BA\u011eI\u015eIKLIK S\u0130STEM\u0130 NASIL G\u00dc\u00c7LEND\u0130R\u0130L\u0130R?<\/h3>\n<p>G\u00fc\u00e7l\u00fc ve kuvvetli bir ba\u011f\u0131\u015f\u0131kl\u0131k sistemine sahip olmak ise; hayat\u0131 sa\u011fl\u0131kl\u0131 bir \u015fekilde ve minimum seviyede hastal\u0131k ge\u00e7irerek ya\u015fam kalite standartlar\u0131n\u0131n y\u00fcksek tutarak ya\u015fanmas\u0131nda olduk\u00e7a etkilidir. Bu nedenle daha bebeklik evresinde iken ba\u011f\u0131\u015f\u0131kl\u0131k sisteminin g\u00fc\u00e7l\u00fc tutulmas\u0131 gerekir.<\/p>\n<p><img loading=\"lazy\" decoding=\"async\" class=\"alignnone wp-image-132548\" src=\"https:\/\/www.tgrthaber.com\/mavikadin\/wp-content\/uploads\/DoymayanBebek.jpg\" alt=\"\" width=\"1208\" height=\"805\" title=\"\" srcset=\"https:\/\/www.tgrthaber.com\/mavikadin\/wp-content\/uploads\/DoymayanBebek.jpg 1920w, https:\/\/www.tgrthaber.com\/mavikadin\/wp-content\/uploads\/DoymayanBebek-300x200.jpg 300w, https:\/\/www.tgrthaber.com\/mavikadin\/wp-content\/uploads\/DoymayanBebek-1024x683.jpg 1024w, https:\/\/www.tgrthaber.com\/mavikadin\/wp-content\/uploads\/DoymayanBebek-768x512.jpg 768w, https:\/\/www.tgrthaber.com\/mavikadin\/wp-content\/uploads\/DoymayanBebek-1536x1024.jpg 1536w\" sizes=\"(max-width: 1208px) 100vw, 1208px\" \/><\/p>\n<hr \/>\n<p>Savunma sistemi kuvvetli olan bir bebek, ge\u00e7irece\u011fi hastal\u0131klara kar\u015f\u0131 daha fazla diren\u00e7 g\u00f6sterece\u011fi i\u00e7in daha sa\u011fl\u0131kl\u0131 ve kolay kolay y\u0131k\u0131lmayan bir v\u00fccuda sahip olurlar. Peki bebeklerde ba\u011f\u0131\u015f\u0131kl\u0131k sistemi nas\u0131l g\u00fc\u00e7l\u00fc tutulur?<\/p>\n<h3>ZENCEF\u0130L VE ZERDE\u00c7ALI EV YO\u011eURDU \u0130LE YED\u0130R\u0130N<\/h3>\n<p>\u0130nsan v\u00fccuduna inan\u0131lmaz derecede faydalar\u0131 bulunan zencefil ile zerde\u00e7al, yo\u011furdun probiyotik etkisi ile bir noktada bulu\u015funca hem do\u011fal hem de antioksidan bak\u0131m\u0131ndan adeta bir do\u011fal ba\u011f\u0131\u015f\u0131kl\u0131k kuvvetlendirici olarak kar\u015f\u0131m\u0131za \u00e7\u0131kmaktad\u0131r.<\/p>\n<p><img loading=\"lazy\" decoding=\"async\" class=\"alignnone wp-image-132550\" src=\"https:\/\/www.tgrthaber.com\/mavikadin\/wp-content\/uploads\/ww-6.png\" alt=\"\" width=\"1208\" height=\"588\" title=\"\" srcset=\"https:\/\/www.tgrthaber.com\/mavikadin\/wp-content\/uploads\/ww-6.png 1471w, https:\/\/www.tgrthaber.com\/mavikadin\/wp-content\/uploads\/ww-6-300x146.png 300w, https:\/\/www.tgrthaber.com\/mavikadin\/wp-content\/uploads\/ww-6-1024x498.png 1024w, https:\/\/www.tgrthaber.com\/mavikadin\/wp-content\/uploads\/ww-6-768x374.png 768w\" sizes=\"(max-width: 1208px) 100vw, 1208px\" \/><\/p>\n<hr \/>\n<p>Bunun i\u00e7in bebe\u011finize doktorunuzdan onay alarak g\u00fcnl\u00fck olarak bir kase yo\u011furt verip i\u00e7ine 1 \u00e7ay ka\u015f\u0131\u011f\u0131 zencefil ile 1 \u00e7ay ka\u015f\u0131\u011f\u0131 zerde\u00e7al takviyesinde bulunarak \u00e7ocu\u011funuzun ba\u011f\u0131\u015f\u0131kl\u0131k sisteminin g\u00fc\u00e7l\u00fc tutulmas\u0131na yard\u0131mc\u0131 olabilirsiniz.<\/p>\n<h3>BA\u011eIRSAK DOSTU KEF\u0130R\u0130 LEZZETL\u0130 MEYVELERLE TATLANDIRIN<\/h3>\n<p>G\u00fcn i\u00e7erisinde 1 \u00e7ay barda\u011f\u0131 kadar do\u011fal kefir t\u00fcketimi sa\u011flayarak ba\u011f\u0131\u015f\u0131kl\u0131k sisteminin desteklenmesin konusunda olumlu etkiler sa\u011flayabilirsiniz.<\/p>\n<p>Mayalanma s\u0131ras\u0131nda\u00a0 prebiyotik ve probiyotik bakteriler, ba\u011f\u0131rsaklardaki yararl\u0131 mikroorganizmalar\u0131 \u00e7o\u011faltarak ba\u011f\u0131\u015f\u0131kl\u0131k sistemini kuvvetlendirir. Kefiri sade bir halde sevmeyen bebe\u011finizde ya da \u00e7ocu\u011funuzda tad\u0131n\u0131 sevmesi i\u00e7in i\u00e7erisine bir miktar meyve p\u00fcresi ilave ederek kar\u0131\u015f\u0131m\u0131 yenilebilir hale getirebilirsiniz.<\/p>\n<h3>PEKMEZ \u0130LE K\u0130V\u0130Y\u0130 BERABER T\u00dcKET\u0130N<\/h3>\n<p>Meyveler aras\u0131nda C vitamini bak\u0131m\u0131ndan en zengin ve en de\u011ferli meyvelerden biri olan kivi, ba\u011f\u0131\u015f\u0131kl\u0131k sistemini kuvvetlendirip v\u00fccudun mikroplara kar\u015f\u0131 daha etkili bir \u015fekilde sava\u015fabilmesine yard\u0131mc\u0131 olmaktad\u0131r.<\/p>\n<p><img loading=\"lazy\" decoding=\"async\" class=\"alignnone wp-image-132551\" src=\"https:\/\/www.tgrthaber.com\/mavikadin\/wp-content\/uploads\/wwq.png\" alt=\"\" width=\"1208\" height=\"670\" title=\"\" srcset=\"https:\/\/www.tgrthaber.com\/mavikadin\/wp-content\/uploads\/wwq.png 1412w, https:\/\/www.tgrthaber.com\/mavikadin\/wp-content\/uploads\/wwq-300x166.png 300w, https:\/\/www.tgrthaber.com\/mavikadin\/wp-content\/uploads\/wwq-1024x568.png 1024w, https:\/\/www.tgrthaber.com\/mavikadin\/wp-content\/uploads\/wwq-768x426.png 768w\" sizes=\"(max-width: 1208px) 100vw, 1208px\" \/><\/p>\n<hr \/>\n<p>V\u00fccut i\u00e7erisindeki demir mineralinin emilimi C vitamini ile daha da artaca\u011f\u0131 i\u00e7in kans\u0131zl\u0131k g\u00f6r\u00fclen bebek ve \u00e7ocuklarda kivi \u00fcst\u00fcne pekmez s\u00fcr\u00fclerek t\u00fcketilmesini sa\u011flamak, ba\u011f\u0131\u015f\u0131kl\u0131k seviyesini iki kat daha g\u00fc\u00e7l\u00fc k\u0131lacakt\u0131r.<\/p>\n<h3>BAL \u0130LE ARI S\u00dcT\u00dcN\u00dc B\u0130R T\u00dcKET\u0130N<\/h3>\n<p>Besleyici \u00f6zelli\u011fi zengin olan ar\u0131 s\u00fct\u00fc, hen\u00fcz 1 haftal\u0131k olan ar\u0131lar\u0131n salg\u0131lad\u0131\u011f\u0131 jel yap\u0131dan ibarettir. Ba\u011f\u0131\u015f\u0131kl\u0131k sistemini kuvvetlendirmeye y\u00f6nelik etkisi oldu\u011fu bilinen ar\u0131 s\u00fct\u00fcn\u00fc her sabah 1 \u00e7ay ka\u015f\u0131\u011f\u0131 bal ile beraber t\u00fcketerek etkisini iki kat daha artt\u0131rabilirsiniz. Bu noktada dikkat edilmesi gereken \u00f6nemli bir husus var ki o da; ar\u0131 s\u00fct\u00fcn\u00fcn 3 ya\u015f\u0131ndan k\u00fc\u00e7\u00fck \u00e7ocuklarda t\u00fcketilmesinin birtak\u0131m olumsuz sonu\u00e7lar\u0131 beraberinde getirebilece\u011fidir.<\/p>\n<h3>BOL BOL BALIK T\u00dcKET\u0130N<\/h3>\n<p>G\u00fc\u00e7l\u00fc bir antioksidan kayna\u011f\u0131 olan bal\u0131k i\u00e7erisinde selenyum bar\u0131nd\u0131r\u0131r. Dolay\u0131s\u0131yla da haftal\u0131k 2-3 g\u00fcn boyunca bal\u0131k t\u00fcketimi sa\u011flamak, g\u00fcn i\u00e7erisindeki konsantrasyonunu artt\u0131raca\u011f\u0131 gibi ba\u011f\u0131\u015f\u0131kl\u0131k sistemini de \u00fcst seviyelerde tutacakt\u0131r.<\/p>\n<p><img loading=\"lazy\" decoding=\"async\" class=\"alignnone wp-image-132552\" src=\"https:\/\/www.tgrthaber.com\/mavikadin\/wp-content\/uploads\/wsi-imageoptim-1-36-696x522-1-1-696x522-1.jpg\" alt=\"\" width=\"1208\" height=\"906\" title=\"\" srcset=\"https:\/\/www.tgrthaber.com\/mavikadin\/wp-content\/uploads\/wsi-imageoptim-1-36-696x522-1-1-696x522-1.jpg 696w, https:\/\/www.tgrthaber.com\/mavikadin\/wp-content\/uploads\/wsi-imageoptim-1-36-696x522-1-1-696x522-1-300x225.jpg 300w\" sizes=\"(max-width: 1208px) 100vw, 1208px\" \/><\/p>\n<hr \/>\n<p>Selenyum yaln\u0131zca bal\u0131kta de\u011fil tam tah\u0131ll\u0131 ekmekler, ceviz, f\u0131nd\u0131k gibi ya\u011fl\u0131 kuruyemi\u015fler, yumurta, s\u00fct ve s\u00fct \u00fcr\u00fcnlerinin i\u00e7inde de vard\u0131r. Bu gibi besinleri de \u00e7ocu\u011funuzun beslenmesinde \u00f6ncelik tan\u0131yabilirsiniz.<\/p>\n<h3>HER G\u00dcN 1 ADET YUMURTA MUHAKKAK YED\u0130R\u0130N<\/h3>\n<p>Anne s\u00fct\u00fcnden sonra en kaliteli ve verimli protein kayna\u011f\u0131 olan yumurta, \u00e7ok iyi bir demir kayna\u011f\u0131d\u0131r. A, D, E ve B12 vitaminleri bak\u0131m\u0131ndan de\u011ferli olan yumurta, zeka geli\u015fimini olumlu y\u00f6nde destekleyip beyin yap\u0131s\u0131n\u0131 korurken i\u00e7erdi\u011fi kaliteli protein \u00f6zelli\u011fiyle de sa\u011fl\u0131kl\u0131 bir \u015fekilde b\u00fcy\u00fcmelerine de katk\u0131 sa\u011flamaktad\u0131r.<\/p>\n<p>Yumurtay\u0131 ister omlet, ister menemen ister de ha\u015flanm\u0131\u015f olarak g\u00fcn i\u00e7erisinde t\u00fcketebilirsiniz.<\/p>\n","protected":false},"excerpt":{"rendered":"<p>Zay\u0131f ve g\u00fc\u00e7s\u00fcz d\u00fc\u015fen bir ba\u011f\u0131\u015f\u0131kl\u0131k sistemi ile beraber an\u0131nda kendini g\u00f6sterecek olan hastal\u0131klara kar\u015f\u0131 v\u00fccudun savunma mekanizmas\u0131n\u0131 ayakta tutacak ve ba\u011f\u0131\u015f\u0131kl\u0131\u011f\u0131n daha kuvvetli olmas\u0131n\u0131 sa\u011flayacak \u00f6nerileri sizler i\u00e7in derledik. Peki bebeklerin ba\u011f\u0131\u015f\u0131kl\u0131k sistemi nas\u0131l g\u00fc\u00e7lendirilir?<\/p>\n","protected":false},"author":27,"featured_media":132553,"comment_status":"closed","ping_status":"closed","sticky":false,"template":"","format":"standard","meta":{"rank_math_lock_modified_date":false,"footnotes":""},"categories":[111],"tags":[10687],"class_list":["post-132499","post","type-post","status-publish","format-standard","has-post-thumbnail","hentry","category-anne-cocuk","tag-bebeklerin-bagisiklik-sistemi-nasil-guclendirilir"],"_links":{"self":[{"href":"https:\/\/www.tgrthaber.com\/mavikadin\/wp-json\/wp\/v2\/posts\/132499"}],"collection":[{"href":"https:\/\/www.tgrthaber.com\/mavikadin\/wp-json\/wp\/v2\/posts"}],"about":[{"href":"https:\/\/www.tgrthaber.com\/mavikadin\/wp-json\/wp\/v2\/types\/post"}],"author":[{"embeddable":true,"href":"https:\/\/www.tgrthaber.com\/mavikadin\/wp-json\/wp\/v2\/users\/27"}],"replies":[{"embeddable":true,"href":"https:\/\/www.tgrthaber.com\/mavikadin\/wp-json\/wp\/v2\/comments?post=132499"}],"version-history":[{"count":2,"href":"https:\/\/www.tgrthaber.com\/mavikadin\/wp-json\/wp\/v2\/posts\/132499\/revisions"}],"predecessor-version":[{"id":132555,"href":"https:\/\/www.tgrthaber.com\/mavikadin\/wp-json\/wp\/v2\/posts\/132499\/revisions\/132555"}],"wp:featuredmedia":[{"embeddable":true,"href":"https:\/\/www.tgrthaber.com\/mavikadin\/wp-json\/wp\/v2\/media\/132553"}],"wp:attachment":[{"href":"https:\/\/www.tgrthaber.com\/mavikadin\/wp-json\/wp\/v2\/media?parent=132499"}],"wp:term":[{"taxonomy":"category","embeddable":true,"href":"https:\/\/www.tgrthaber.com\/mavikadin\/wp-json\/wp\/v2\/categories?post=132499"},{"taxonomy":"post_tag","embeddable":true,"href":"https:\/\/www.tgrthaber.com\/mavikadin\/wp-json\/wp\/v2\/tags?post=132499"}],"curies":[{"name":"wp","href":"https:\/\/api.w.org\/{rel}","templated":true}]}}