{"id":132567,"date":"2025-02-12T09:10:50","date_gmt":"2025-02-12T06:10:50","guid":{"rendered":"https:\/\/www.tgrthaber.com\/mavikadin\/?p=132567"},"modified":"2025-02-13T11:00:56","modified_gmt":"2025-02-13T08:00:56","slug":"kral-kaybederse-dizisinde-ayse-barim-izleri-seyirci-bu-kez-begenmedi","status":"publish","type":"post","link":"https:\/\/www.tgrthaber.com\/mavikadin\/kral-kaybederse-dizisinde-ayse-barim-izleri-seyirci-bu-kez-begenmedi\/","title":{"rendered":"Kral kaybederse dizisinde Ay\u015fe Bar\u0131m torpili! Seyirci bu kez be\u011fenmedi"},"content":{"rendered":"<p>Ay\u015fe Bar\u0131m\u2019\u0131n ajans\u0131na ba\u011fl\u0131 oyuncular\u0131n Kral kaybederse dizisinde yer almas\u0131 dikkat \u00e7ekti. D\u00fcn ak\u015fam ilk b\u00f6l\u00fcm\u00fc ile izleyici kar\u015f\u0131s\u0131na \u00e7\u0131kan Kral Kaybederse seyirciden d\u00fc\u015f\u00fck not ald\u0131.<\/p>\n<h3>KRAL KAYBEDERSE D\u0130Z\u0130S\u0130 AY\u015eE BARIM \u0130ZLER\u0130 TA\u015eIYOR<\/h3>\n<p>Kral Kaybederse d\u00fcn ak\u015fam yay\u0131nland\u0131\u011f\u0131 ilk b\u00f6l\u00fcm\u00fcyle s\u0131n\u0131fta kald\u0131. Oyunculuk sekt\u00f6r\u00fcnde tekelle\u015fmeye neden oldu\u011fu iddia edilen Ay\u015fe Bar\u0131m\u2019a ba\u011fl\u0131 \u00e7al\u0131\u015fan oyuncular\u0131n dizide yer almas\u0131n\u0131n yan\u0131 s\u0131ra Merve Dizdar\u2019\u0131n gen\u00e7 bir \u00fcniversite \u00f6\u011frencisini oynamas\u0131 be\u011fenilmedi.<\/p>\n<p>Ba\u015frollerinde Halit Ergen\u00e7, Merve Dizdar ve Asl\u0131han G\u00fcrb\u00fcz&#8217;\u00fcn payla\u015ft\u0131\u011f\u0131 G\u00fclseren Buday\u0131c\u0131o\u011flu&#8217;nun ayn\u0131 adl\u0131 roman\u0131ndan uyarlanan dizi sosyal medyada g\u00fcndem oldu.<\/p>\n<p><img loading=\"lazy\" decoding=\"async\" class=\"alignnone wp-image-132568\" src=\"https:\/\/www.tgrthaber.com\/mavikadin\/wp-content\/uploads\/Kral-Kaybederse-1-3.jpg\" alt=\"\" width=\"1208\" height=\"680\" title=\"\" srcset=\"https:\/\/www.tgrthaber.com\/mavikadin\/wp-content\/uploads\/Kral-Kaybederse-1-3.jpg 1920w, https:\/\/www.tgrthaber.com\/mavikadin\/wp-content\/uploads\/Kral-Kaybederse-1-3-300x169.jpg 300w, https:\/\/www.tgrthaber.com\/mavikadin\/wp-content\/uploads\/Kral-Kaybederse-1-3-1024x576.jpg 1024w, https:\/\/www.tgrthaber.com\/mavikadin\/wp-content\/uploads\/Kral-Kaybederse-1-3-768x432.jpg 768w, https:\/\/www.tgrthaber.com\/mavikadin\/wp-content\/uploads\/Kral-Kaybederse-1-3-1536x864.jpg 1536w\" sizes=\"(max-width: 1208px) 100vw, 1208px\" \/><\/p>\n<hr \/>\n<p><strong>Sosyal medyada yer alan tepkilerden biri \u015fu \u015fekilde oldu:<\/strong><\/p>\n<p>\u201cOyuncular Ay\u015fe Bar\u0131m torpillileri diye ba\u011f\u0131r\u0131yor resmen; Sa\u00e7l\u0131 oyuncu ve gen\u00e7 \u00fcniversite \u00f6\u011frencisi oynayacak kimse kalmad\u0131\u011f\u0131 i\u00e7in Merve Dizdar ve Halit Ergen\u00e7 i oynatm\u0131\u015flar\u201d<\/p>\n<p>\u201cPiyasada gen\u00e7 oyuncu yokmu\u015f gibi bu neyin zorlamas\u0131 ya da sebep ne insan sormadan edemiyor\u201d yorumlar\u0131nda bulundu. Baz\u0131 seyirciler ise Dizdar&#8217;\u0131 savunarak &#8220;Sizin derdiniz Merve Dizdar ya\u015f de\u011fil&#8221;<\/p>\n<p><img loading=\"lazy\" decoding=\"async\" class=\"alignnone wp-image-132576\" src=\"https:\/\/www.tgrthaber.com\/mavikadin\/wp-content\/uploads\/Kral-Kaybederse-4.webp\" alt=\"\" width=\"1208\" height=\"720\" title=\"\" srcset=\"https:\/\/www.tgrthaber.com\/mavikadin\/wp-content\/uploads\/Kral-Kaybederse-4.webp 1000w, https:\/\/www.tgrthaber.com\/mavikadin\/wp-content\/uploads\/Kral-Kaybederse-4-300x179.webp 300w, https:\/\/www.tgrthaber.com\/mavikadin\/wp-content\/uploads\/Kral-Kaybederse-4-768x458.webp 768w\" sizes=\"(max-width: 1208px) 100vw, 1208px\" \/><\/p>\n<hr \/>\n<h3>MERVE D\u0130ZDAR SOSYAL MEDYANIN D\u0130L\u0130NDE<\/h3>\n<p>Her zaman oyunculu\u011fu ile dikkat \u00e7eken Merve Dizdar bu kez rol\u00fc gere\u011fi be\u011fenilmedi. Gen\u00e7 bir \u00fcniversite \u00f6\u011frencisi olan Dizdar, ilk b\u00f6l\u00fcm sonras\u0131 g\u00fcndem oldu.<\/p>\n<p>Fadi isminde bir \u00f6\u011frenci olan Dizdar\u2019\u0131n ger\u00e7ek ya\u015f\u0131ndan dolay\u0131 bu role uygun olmad\u0131\u011f\u0131 d\u00fc\u015f\u00fcn\u00fcld\u00fc. X\u2019te TT olan Merve Dizdar\u2019a sosyal medya kullan\u0131c\u0131lar\u0131 tepki g\u00f6sterdi.<\/p>\n<p><img loading=\"lazy\" decoding=\"async\" class=\"alignnone wp-image-132569\" src=\"https:\/\/www.tgrthaber.com\/mavikadin\/wp-content\/uploads\/Kral-Kaybederse-4-1.jpg\" alt=\"\" width=\"1208\" height=\"680\" title=\"\" srcset=\"https:\/\/www.tgrthaber.com\/mavikadin\/wp-content\/uploads\/Kral-Kaybederse-4-1.jpg 1920w, https:\/\/www.tgrthaber.com\/mavikadin\/wp-content\/uploads\/Kral-Kaybederse-4-1-300x169.jpg 300w, https:\/\/www.tgrthaber.com\/mavikadin\/wp-content\/uploads\/Kral-Kaybederse-4-1-1024x576.jpg 1024w, https:\/\/www.tgrthaber.com\/mavikadin\/wp-content\/uploads\/Kral-Kaybederse-4-1-768x432.jpg 768w, https:\/\/www.tgrthaber.com\/mavikadin\/wp-content\/uploads\/Kral-Kaybederse-4-1-1536x864.jpg 1536w\" sizes=\"(max-width: 1208px) 100vw, 1208px\" \/><\/p>\n<hr \/>\n<h3>KRAL KAYBEDERSE KONUSU<\/h3>\n<p>Kral Kaybederse dizisinin ger\u00e7ek olup olmad\u0131\u011f\u0131 merak ediliyor. Ba\u015far\u0131l\u0131 ve kibirli bir adam\u0131n hayat\u0131n\u0131 konu alan dizi asl\u0131nda her \u015feyin g\u00f6r\u00fcnd\u00fc\u011f\u00fc gibi olmad\u0131\u011f\u0131n\u0131 g\u00f6sterecek.<\/p>\n<p><img loading=\"lazy\" decoding=\"async\" class=\"alignnone wp-image-132570\" src=\"https:\/\/www.tgrthaber.com\/mavikadin\/wp-content\/uploads\/Kral-Kaybederse-3-1.jpg\" alt=\"\" width=\"1208\" height=\"680\" title=\"\" srcset=\"https:\/\/www.tgrthaber.com\/mavikadin\/wp-content\/uploads\/Kral-Kaybederse-3-1.jpg 1920w, https:\/\/www.tgrthaber.com\/mavikadin\/wp-content\/uploads\/Kral-Kaybederse-3-1-300x169.jpg 300w, https:\/\/www.tgrthaber.com\/mavikadin\/wp-content\/uploads\/Kral-Kaybederse-3-1-1024x576.jpg 1024w, https:\/\/www.tgrthaber.com\/mavikadin\/wp-content\/uploads\/Kral-Kaybederse-3-1-768x432.jpg 768w, https:\/\/www.tgrthaber.com\/mavikadin\/wp-content\/uploads\/Kral-Kaybederse-3-1-1536x864.jpg 1536w\" sizes=\"(max-width: 1208px) 100vw, 1208px\" \/><\/p>\n<hr \/>\n<p>G\u00fcc\u00fc elinde bulundurmas\u0131na ra\u011fmen hayat\u0131 bir anda alt \u00fcst olan Kenan Baran ya\u015fad\u0131\u011f\u0131 d\u00fc\u015f\u00fc\u015fle beraber ge\u00e7mi\u015fiyle y\u00fczle\u015fecek. Bu s\u00fcre\u00e7te kendisini bekleyen b\u00fcy\u00fck bir de\u011fi\u015fimle izleyiciyi dramatik olaylar\u0131n i\u00e7ine \u00e7ekecek.<\/p>\n<h3>AY\u015eE BARIM OLAYI NED\u0130R?<\/h3>\n<p>T\u00fcrkiye\u2019nin g\u00fcnlerdir konu\u015ftu\u011fu Ay\u015fe Bar\u0131m d\u00fcn Kral Kaybederse dizisiyle birlikte yeniden g\u00fcndem oldu. ID \u0130leti\u015fim\u2019in kurucu orta\u011f\u0131 Ay\u015fe Bar\u0131m\u2019\u0131n oyunculuk sekt\u00f6r\u00fcnde tekelle\u015fmeye neden oldu\u011fu iddia edildi. Televizyon d\u00fcnyas\u0131n\u0131 derinden etkileyen Ay\u015fe Bar\u0131m magazin g\u00fcndeminden d\u00fc\u015fmedi.<\/p>\n<p>D\u00fcn ak\u015fam ekranlara gelen Kral Kaybederse dizisinde yer alan oyuncular\u0131n\u0131n kendisinin ajans\u0131na ba\u011fl\u0131 olmas\u0131 yeniden Ay\u015fe Bar\u0131m ad\u0131n\u0131n an\u0131lmas\u0131na neden oldu. Peki nedir Ay\u015fe Bar\u0131m olay\u0131?<\/p>\n<p><img loading=\"lazy\" decoding=\"async\" class=\"alignnone wp-image-125299\" src=\"https:\/\/www.tgrthaber.com\/mavikadin\/wp-content\/uploads\/Adsiz-tasarim-18-31.jpg\" alt=\"Ay\u015fe Bar\u0131m\" width=\"1208\" height=\"680\" title=\"\" srcset=\"https:\/\/www.tgrthaber.com\/mavikadin\/wp-content\/uploads\/Adsiz-tasarim-18-31.jpg 1600w, https:\/\/www.tgrthaber.com\/mavikadin\/wp-content\/uploads\/Adsiz-tasarim-18-31-300x169.jpg 300w, https:\/\/www.tgrthaber.com\/mavikadin\/wp-content\/uploads\/Adsiz-tasarim-18-31-1024x576.jpg 1024w, https:\/\/www.tgrthaber.com\/mavikadin\/wp-content\/uploads\/Adsiz-tasarim-18-31-768x432.jpg 768w, https:\/\/www.tgrthaber.com\/mavikadin\/wp-content\/uploads\/Adsiz-tasarim-18-31-1536x864.jpg 1536w\" sizes=\"(max-width: 1208px) 100vw, 1208px\" \/><\/p>\n<hr \/>\n<p>Kast ajans\u0131 ve menajerlik alanlar\u0131nda faaliyet g\u00f6steren 21 te\u015febb\u00fcse soru\u015fturma a\u00e7\u0131lmas\u0131na karar verildi.<\/p>\n<p>Rekabet Kurumu\u2019nun &#8220;tekelle\u015fme&#8221; iddias\u0131yla cast ajanslar\u0131na ve menajerlik \u015firketlerine y\u00f6nelik soru\u015fturma ba\u015flatmas\u0131ndan sonra Ay\u015fe Bar\u0131m en \u00e7ok konu\u015fulan isimlerden biri oldu.<\/p>\n<p>Sekt\u00f6rde tekelle\u015fme iddialar\u0131yla g\u00fcndem olan Bar\u0131m\u2019\u0131n kendisine kar\u015f\u0131 \u00e7\u0131kan oyuncular\u0131 piyasadan uzakla\u015ft\u0131rd\u0131\u011f\u0131 \u00f6ne s\u00fcr\u00fclm\u00fc\u015ft\u00fc.<\/p>\n<h3>AY\u015eE BARIM&#8217;IN A\u00c7IKLAMASI<\/h3>\n<p>Bar\u0131m iddialar kar\u015f\u0131s\u0131nda; &#8220;Adli s\u00fcrece gidece\u011fiz. Bir soru\u015fturma a\u00e7\u0131ld\u0131 sekt\u00f6rdeki baz\u0131 \u015firketlere, bunlardan birisi de benim \u015firketim. Biz bunlar i\u00e7in cevab\u0131m\u0131z\u0131 verece\u011fiz. Ben hedef oldum, yapacak bir \u015fey yok&#8221;. ifadelerini kulland\u0131.<\/p>\n<p><img loading=\"lazy\" decoding=\"async\" class=\"alignnone wp-image-118838\" src=\"https:\/\/www.tgrthaber.com\/mavikadin\/wp-content\/uploads\/Adsiz-tasarim-18-24.jpg\" alt=\"\" width=\"1208\" height=\"680\" title=\"\" srcset=\"https:\/\/www.tgrthaber.com\/mavikadin\/wp-content\/uploads\/Adsiz-tasarim-18-24.jpg 1600w, https:\/\/www.tgrthaber.com\/mavikadin\/wp-content\/uploads\/Adsiz-tasarim-18-24-300x169.jpg 300w, https:\/\/www.tgrthaber.com\/mavikadin\/wp-content\/uploads\/Adsiz-tasarim-18-24-1024x576.jpg 1024w, https:\/\/www.tgrthaber.com\/mavikadin\/wp-content\/uploads\/Adsiz-tasarim-18-24-768x432.jpg 768w, https:\/\/www.tgrthaber.com\/mavikadin\/wp-content\/uploads\/Adsiz-tasarim-18-24-1536x864.jpg 1536w\" sizes=\"(max-width: 1208px) 100vw, 1208px\" \/><\/p>\n<hr \/>\n<h3>AY\u015eE BARIM\u2019IN TUTUKLANMASI<\/h3>\n<p>Ay\u015fe Bar\u0131m son olarak Gezi Park\u0131 soru\u015fturmas\u0131 kapsam\u0131nda tutukland\u0131. Baz\u0131 oyuncular\u0131n menajerli\u011fini yapan Ay\u015fe Bar\u0131m verdi\u011fi ifadede yo\u011fun bir karalama ve iftira kampanyas\u0131yla kar\u015f\u0131 kar\u015f\u0131ya oldu\u011funu ifade etti.<\/p>\n<p>Bar\u0131m, \u0130stanbul Cumhuriyet Ba\u015fsavc\u0131l\u0131\u011f\u0131 taraf\u0131ndan Taksim&#8217;deki Gezi Park\u0131 odakl\u0131 olaylara i\u015ftirak etti\u011fine ili\u015fkin yaz\u0131l\u0131 ve g\u00f6rsel medyada \u00e7\u0131kan iddialara ili\u015fkin y\u00fcr\u00fct\u00fclen soru\u015fturmada &#8220;T\u00fcrkiye Cumhuriyeti h\u00fck\u00fcmetini ortadan kald\u0131rmaya veya g\u00f6revini yapmas\u0131n\u0131 engellemeye te\u015febb\u00fcse yard\u0131m etme&#8221; su\u00e7undan tutuklama talebiyle sevk edildi\u011fi \u0130stanbul N\u00f6bet\u00e7i 4. Sulh Ceza Hakimli\u011fi&#8217;nde \u00fc\u00e7 avukat\u0131 e\u015fli\u011finde ifadesi al\u0131nd\u0131.<\/p>\n<p><img loading=\"lazy\" decoding=\"async\" class=\"alignnone wp-image-133195\" src=\"https:\/\/www.tgrthaber.com\/mavikadin\/wp-content\/uploads\/Baslik-1_restored.jpeg\" alt=\"\" width=\"1208\" height=\"679\" title=\"\" srcset=\"https:\/\/www.tgrthaber.com\/mavikadin\/wp-content\/uploads\/Baslik-1_restored.jpeg 2000w, https:\/\/www.tgrthaber.com\/mavikadin\/wp-content\/uploads\/Baslik-1_restored-300x169.jpeg 300w, https:\/\/www.tgrthaber.com\/mavikadin\/wp-content\/uploads\/Baslik-1_restored-1024x575.jpeg 1024w, https:\/\/www.tgrthaber.com\/mavikadin\/wp-content\/uploads\/Baslik-1_restored-768x432.jpeg 768w, https:\/\/www.tgrthaber.com\/mavikadin\/wp-content\/uploads\/Baslik-1_restored-1536x863.jpeg 1536w\" sizes=\"(max-width: 1208px) 100vw, 1208px\" \/><\/p>\n<hr \/>\n<h3>AY\u015eE BARIM\u2019IN D\u0130Z\u0130 SEKT\u00d6R\u00dcNDEK\u0130 ETK\u0130S\u0130 DEVAM ED\u0130YOR<\/h3>\n<p>Oyunculuk ve dizi sekt\u00f6r\u00fcnde tekelle\u015fmeye neden oldu\u011fu iddialar\u0131yla g\u00fcndemden d\u00fc\u015fmeyen Ay\u015fe Bar\u0131m&#8217;\u0131n izleri yeni dizilerde de g\u00f6r\u00fclmeye devam ediyor.\u00a0Menajerli\u011fini ID ileti\u015fimin \u00fcstlendi\u011fi oyuncular reytingleri y\u00fcksek dizilerle seyircinin kar\u015f\u0131s\u0131na \u00e7\u0131k\u0131yor.<\/p>\n<p>Dizi sekt\u00f6r\u00fcndeki tekelle\u015fme durumunun etkisi seyircinin de ilgisini \u00e7ekmeye ba\u015flad\u0131. Kral Kaybederse dizisinin yan\u0131 s\u0131ra farkl\u0131 dizilerde Ay\u015fe Bar\u0131m\u2019a ba\u011fl\u0131 \u00e7al\u0131\u015fan oyuncular\u0131n g\u00f6r\u00fclmesi g\u00fcndem oldu.<\/p>\n<p>Seyirci bu kez bu tarz dizilere tepki g\u00f6stererek sosyal medya platformlar\u0131nda yorum yazmaktan geri kalmad\u0131. G\u00fcndemde yer alan dizilerden Uzak \u015eehir reytinglerde di\u011fer dizilerin totel oranlar\u0131n\u0131 ge\u00e7iyor. \u0130\u015fte sosyal medyay\u0131 ikiye b\u00f6len diziye gelen yorumlar \u015fu \u015fekilde:<\/p>\n<p>&#8220;Bende be\u011fenmedim Uzak \u015eehir, \u0130nci Taneleri ba\u015fka da bilmem&#8221;<\/p>\n<p>\u201cTek sahnesini bile izlemedim berbat Asl\u0131han G\u00fcrb\u00fcz&#8217;e yaz\u0131k olmu\u015f\u201d<\/p>\n","protected":false},"excerpt":{"rendered":"<p>D\u00fcn ak\u015fam ilk b\u00f6l\u00fcm\u00fcyle ekranlara gelen Kral kaybederse dizisi izleyicinin kalbini kazanamad\u0131. Ay\u015fe Bar\u0131m\u2019\u0131n ajans\u0131ndaki oyuncular\u0131n\u0131n dizide yer almas\u0131 da ayr\u0131ca dikkat \u00e7ekti.<\/p>\n","protected":false},"author":5,"featured_media":132580,"comment_status":"closed","ping_status":"closed","sticky":false,"template":"","format":"standard","meta":{"rank_math_lock_modified_date":false,"footnotes":""},"categories":[76],"tags":[7462,2194,2193,2921],"class_list":["post-132567","post","type-post","status-publish","format-standard","has-post-thumbnail","hentry","category-magazin","tag-ayse-barim","tag-halit-ergenc","tag-kral-kaybederse","tag-merve-dizdar"],"_links":{"self":[{"href":"https:\/\/www.tgrthaber.com\/mavikadin\/wp-json\/wp\/v2\/posts\/132567"}],"collection":[{"href":"https:\/\/www.tgrthaber.com\/mavikadin\/wp-json\/wp\/v2\/posts"}],"about":[{"href":"https:\/\/www.tgrthaber.com\/mavikadin\/wp-json\/wp\/v2\/types\/post"}],"author":[{"embeddable":true,"href":"https:\/\/www.tgrthaber.com\/mavikadin\/wp-json\/wp\/v2\/users\/5"}],"replies":[{"embeddable":true,"href":"https:\/\/www.tgrthaber.com\/mavikadin\/wp-json\/wp\/v2\/comments?post=132567"}],"version-history":[{"count":9,"href":"https:\/\/www.tgrthaber.com\/mavikadin\/wp-json\/wp\/v2\/posts\/132567\/revisions"}],"predecessor-version":[{"id":133196,"href":"https:\/\/www.tgrthaber.com\/mavikadin\/wp-json\/wp\/v2\/posts\/132567\/revisions\/133196"}],"wp:featuredmedia":[{"embeddable":true,"href":"https:\/\/www.tgrthaber.com\/mavikadin\/wp-json\/wp\/v2\/media\/132580"}],"wp:attachment":[{"href":"https:\/\/www.tgrthaber.com\/mavikadin\/wp-json\/wp\/v2\/media?parent=132567"}],"wp:term":[{"taxonomy":"category","embeddable":true,"href":"https:\/\/www.tgrthaber.com\/mavikadin\/wp-json\/wp\/v2\/categories?post=132567"},{"taxonomy":"post_tag","embeddable":true,"href":"https:\/\/www.tgrthaber.com\/mavikadin\/wp-json\/wp\/v2\/tags?post=132567"}],"curies":[{"name":"wp","href":"https:\/\/api.w.org\/{rel}","templated":true}]}}