{"id":132602,"date":"2025-02-12T10:28:28","date_gmt":"2025-02-12T07:28:28","guid":{"rendered":"https:\/\/www.tgrthaber.com\/mavikadin\/?p=132602"},"modified":"2025-02-12T10:29:49","modified_gmt":"2025-02-12T07:29:49","slug":"merve-dizdar-kac-yasinda-merve-dizdar-menajeri-kim-kral-kaybederse-dizisiyle-gundem-oldu","status":"publish","type":"post","link":"https:\/\/www.tgrthaber.com\/mavikadin\/merve-dizdar-kac-yasinda-merve-dizdar-menajeri-kim-kral-kaybederse-dizisiyle-gundem-oldu\/","title":{"rendered":"Merve Dizdar ka\u00e7 ya\u015f\u0131nda, Merve Dizdar menajeri kim? Kral Kaybederse dizisiyle g\u00fcndem oldu"},"content":{"rendered":"<p>D\u00fcn ak\u015fam ilk b\u00f6l\u00fcm\u00fc yay\u0131nlanan Kral Kaybederse dizisiyle g\u00fcndem olan Merve Dizdar\u2019\u0131n ka\u00e7 ya\u015f\u0131nda oldu\u011fu ve menajerinin kim oldu\u011fu merak edildi.<\/p>\n<h3>MERVE D\u0130ZDAR G\u00dcNDEM OLDU<\/h3>\n<p>Kral Kaybederse dizisi ile g\u00fcndem olan Merve Dizdar\u2019\u0131n menajeri ve ya\u015f\u0131 merak konusu oldu. Rol\u00fcne uygun olmad\u0131\u011f\u0131 i\u00e7in ele\u015ftirilen Merve Dizdar, 76. Cannes Film Festivali&#8217;nde Nuri Bilge Ceylan&#8217;\u0131n &#8220;Kuru Otlar \u00dcst\u00fcne&#8221; filmindeki rol\u00fcyle &#8220;En \u0130yi Kad\u0131n Oyuncu&#8221; \u00f6d\u00fcl\u00fcn\u00fc alm\u0131\u015ft\u0131.<\/p>\n<p><img loading=\"lazy\" decoding=\"async\" class=\"alignnone wp-image-132612\" src=\"https:\/\/www.tgrthaber.com\/mavikadin\/wp-content\/uploads\/Merve-Dizdar-1-1.jpg\" alt=\"\" width=\"1208\" height=\"680\" title=\"\" srcset=\"https:\/\/www.tgrthaber.com\/mavikadin\/wp-content\/uploads\/Merve-Dizdar-1-1.jpg 1920w, https:\/\/www.tgrthaber.com\/mavikadin\/wp-content\/uploads\/Merve-Dizdar-1-1-300x169.jpg 300w, https:\/\/www.tgrthaber.com\/mavikadin\/wp-content\/uploads\/Merve-Dizdar-1-1-1024x576.jpg 1024w, https:\/\/www.tgrthaber.com\/mavikadin\/wp-content\/uploads\/Merve-Dizdar-1-1-768x432.jpg 768w, https:\/\/www.tgrthaber.com\/mavikadin\/wp-content\/uploads\/Merve-Dizdar-1-1-1536x864.jpg 1536w\" sizes=\"(max-width: 1208px) 100vw, 1208px\" \/><\/p>\n<hr \/>\n<h3>MERVE D\u0130ZDAR MENAJER\u0130 K\u0130M?<\/h3>\n<p>Oyuncu Merve Dizdar\u2019\u0131n menajeri dizi ve film sekt\u00f6r\u00fcnde tekelle\u015fmeye neden oldu\u011fu iddia edilen ID \u0130leti\u015fim&#8217;in kurucusu Ay\u015fe Bar\u0131m\u2019d\u0131r.<\/p>\n<h3>MERVE D\u0130ZDAR KA\u00c7 YA\u015eINDA?<\/h3>\n<p>\u0130zmir\u2019de 25 Haziran 1986 y\u0131l\u0131nda d\u00fcnyaya gelen Merve Dizdar 39 ya\u015f\u0131ndad\u0131r. \u00c7anakkale Onsekiz Mart \u00dcniversitesi G\u00fczel Sanatlar Fak\u00fcltesi Oyunculuk B\u00f6l\u00fcm\u00fcnden mezun olan Dizdar, Kadir Has \u00dcniversitesi&#8217;nde \u0130leri Oyunculuk program\u0131nda y\u00fcksek lisans yapt\u0131.<\/p>\n<p><img loading=\"lazy\" decoding=\"async\" class=\"alignnone wp-image-132613\" src=\"https:\/\/www.tgrthaber.com\/mavikadin\/wp-content\/uploads\/Merve-Dizdar-2.jpg\" alt=\"\" width=\"1208\" height=\"680\" title=\"\" srcset=\"https:\/\/www.tgrthaber.com\/mavikadin\/wp-content\/uploads\/Merve-Dizdar-2.jpg 1920w, https:\/\/www.tgrthaber.com\/mavikadin\/wp-content\/uploads\/Merve-Dizdar-2-300x169.jpg 300w, https:\/\/www.tgrthaber.com\/mavikadin\/wp-content\/uploads\/Merve-Dizdar-2-1024x576.jpg 1024w, https:\/\/www.tgrthaber.com\/mavikadin\/wp-content\/uploads\/Merve-Dizdar-2-768x432.jpg 768w, https:\/\/www.tgrthaber.com\/mavikadin\/wp-content\/uploads\/Merve-Dizdar-2-1536x864.jpg 1536w\" sizes=\"(max-width: 1208px) 100vw, 1208px\" \/><\/p>\n<hr \/>\n<p>Tiyatro kariyerine Semaver Kumpanya ile ba\u015flayan Merve Dizdar, 76. Cannes Film Festivali&#8217;nde Nuri Bilge Ceylan&#8217;\u0131n &#8220;Kuru Otlar \u00dcst\u00fcne&#8221; filmindeki &#8220;Nuray&#8221; rol\u00fcyle &#8220;En \u0130yi Kad\u0131n Oyuncu&#8221; \u00f6d\u00fcl\u00fcn\u00fc ald\u0131.<\/p>\n<p>\u0130lk sinema deneyimini &#8220;Bir Ses B\u00f6ler Geceyi&#8221; filminde ya\u015fayan Dizdar, &#8220;Kavak Yelleri&#8221;, &#8220;Geni\u015f Aile&#8221;, &#8220;Bir Yast\u0131kta&#8221;, &#8220;Doksanlar&#8221; gibi dizilerde oynad\u0131. B\u00fcy\u00fck \u00e7\u0131k\u0131\u015flar\u0131n\u0131 &#8220;Masumlar Apartman\u0131&#8221; ve \u201c\u00d6mer\u201d dizileriyle yapt\u0131.<\/p>\n<p><img loading=\"lazy\" decoding=\"async\" class=\"alignnone wp-image-132569\" src=\"https:\/\/www.tgrthaber.com\/mavikadin\/wp-content\/uploads\/Kral-Kaybederse-4-1.jpg\" alt=\"\" width=\"1208\" height=\"680\" title=\"\" srcset=\"https:\/\/www.tgrthaber.com\/mavikadin\/wp-content\/uploads\/Kral-Kaybederse-4-1.jpg 1920w, https:\/\/www.tgrthaber.com\/mavikadin\/wp-content\/uploads\/Kral-Kaybederse-4-1-300x169.jpg 300w, https:\/\/www.tgrthaber.com\/mavikadin\/wp-content\/uploads\/Kral-Kaybederse-4-1-1024x576.jpg 1024w, https:\/\/www.tgrthaber.com\/mavikadin\/wp-content\/uploads\/Kral-Kaybederse-4-1-768x432.jpg 768w, https:\/\/www.tgrthaber.com\/mavikadin\/wp-content\/uploads\/Kral-Kaybederse-4-1-1536x864.jpg 1536w\" sizes=\"(max-width: 1208px) 100vw, 1208px\" \/><\/p>\n<hr \/>\n<h3>MERVE D\u0130ZDAR EVL\u0130 M\u0130?<\/h3>\n<p>Merve Dizdar, G\u00fcrhan Altunda\u015far ile 2018-2021 y\u0131llar\u0131 aras\u0131nda evli kald\u0131. Dizdar, Cihan Ayger ile 2024 y\u0131l\u0131nda yeniden nikah masas\u0131na oturdu.<\/p>\n<p><img loading=\"lazy\" decoding=\"async\" class=\"alignnone wp-image-132615\" src=\"https:\/\/www.tgrthaber.com\/mavikadin\/wp-content\/uploads\/Baslik-38.jpg\" alt=\"\" width=\"1208\" height=\"680\" title=\"\" srcset=\"https:\/\/www.tgrthaber.com\/mavikadin\/wp-content\/uploads\/Baslik-38.jpg 1920w, https:\/\/www.tgrthaber.com\/mavikadin\/wp-content\/uploads\/Baslik-38-300x169.jpg 300w, https:\/\/www.tgrthaber.com\/mavikadin\/wp-content\/uploads\/Baslik-38-1024x576.jpg 1024w, https:\/\/www.tgrthaber.com\/mavikadin\/wp-content\/uploads\/Baslik-38-768x432.jpg 768w, https:\/\/www.tgrthaber.com\/mavikadin\/wp-content\/uploads\/Baslik-38-1536x864.jpg 1536w\" sizes=\"(max-width: 1208px) 100vw, 1208px\" \/><\/p>\n<hr \/>\n<h3>MERVE D\u0130ZDAR&#8217;IN OYNADI\u011eI F\u0130LMLER<\/h3>\n<p>2020 &#8211; Eltilerin Sava\u015f\u0131<br \/>\n2019 &#8211; Bir A\u015fk \u0130ki Hayat<br \/>\n2016 &#8211; Yok Art\u0131k 2<br \/>\n2013 &#8211; Mand\u0131ra Filozofu<br \/>\n2011 &#8211; Bir Ses B\u00f6ler Geceyi<\/p>\n<p><img loading=\"lazy\" decoding=\"async\" class=\"alignnone wp-image-132616\" src=\"https:\/\/www.tgrthaber.com\/mavikadin\/wp-content\/uploads\/Merve-Dizdar-3.jpg\" alt=\"\" width=\"1208\" height=\"680\" title=\"\" srcset=\"https:\/\/www.tgrthaber.com\/mavikadin\/wp-content\/uploads\/Merve-Dizdar-3.jpg 1920w, https:\/\/www.tgrthaber.com\/mavikadin\/wp-content\/uploads\/Merve-Dizdar-3-300x169.jpg 300w, https:\/\/www.tgrthaber.com\/mavikadin\/wp-content\/uploads\/Merve-Dizdar-3-1024x576.jpg 1024w, https:\/\/www.tgrthaber.com\/mavikadin\/wp-content\/uploads\/Merve-Dizdar-3-768x432.jpg 768w, https:\/\/www.tgrthaber.com\/mavikadin\/wp-content\/uploads\/Merve-Dizdar-3-1536x864.jpg 1536w\" sizes=\"(max-width: 1208px) 100vw, 1208px\" \/><\/p>\n<hr \/>\n<h3>MERVE D\u0130ZDAR&#8217;IN OYNADI\u011eI D\u0130Z\u0130LER<\/h3>\n<p>2022 &#8211; \u00d6mer<br \/>\n2020 &#8211; Masumlar Apartman\u0131<br \/>\n2020 &#8211; Mucize Doktor<br \/>\n2017 &#8211; Vatan\u0131m Sensin<br \/>\n2017 &#8211; 7 Y\u00fcz (B\u00fcy\u00fck G\u00fcnahlar)<br \/>\n2015 &#8211; Kertenkele<br \/>\n2015 &#8211; K\u0131rg\u0131n \u00c7i\u00e7ekler<br \/>\n2015 &#8211; \u00c7\u0131lg\u0131n Dershane<br \/>\n2014 &#8211; Be\u015f Karde\u015f<br \/>\n2013 &#8211; Doksanlar<br \/>\n2013 &#8211; Bir Yast\u0131kta<br \/>\n2012 &#8211; \u0130nsanlar Alemi<br \/>\n2012 &#8211; Kavak Yelleri<\/p>\n","protected":false},"excerpt":{"rendered":"<p>Kral Kaybederse dizisiyle ad\u0131ndan s\u00f6z ettiren Merve Dizdar bu kez s\u0131n\u0131fta kald\u0131. Ya\u015f\u0131n\u0131n rol\u00fcn\u00fc oynamad\u0131\u011f\u0131 \u00f6ne s\u00fcr\u00fclerek ele\u015ftirilen Merve Dizdar ka\u00e7 ya\u015f\u0131nda, menajeri kim merak konusu oldu.<\/p>\n","protected":false},"author":5,"featured_media":132609,"comment_status":"closed","ping_status":"closed","sticky":false,"template":"","format":"standard","meta":{"rank_math_lock_modified_date":false,"footnotes":""},"categories":[76],"tags":[2193,2921,10694],"class_list":["post-132602","post","type-post","status-publish","format-standard","has-post-thumbnail","hentry","category-magazin","tag-kral-kaybederse","tag-merve-dizdar","tag-merve-dizdar-kac-yasinda"],"_links":{"self":[{"href":"https:\/\/www.tgrthaber.com\/mavikadin\/wp-json\/wp\/v2\/posts\/132602"}],"collection":[{"href":"https:\/\/www.tgrthaber.com\/mavikadin\/wp-json\/wp\/v2\/posts"}],"about":[{"href":"https:\/\/www.tgrthaber.com\/mavikadin\/wp-json\/wp\/v2\/types\/post"}],"author":[{"embeddable":true,"href":"https:\/\/www.tgrthaber.com\/mavikadin\/wp-json\/wp\/v2\/users\/5"}],"replies":[{"embeddable":true,"href":"https:\/\/www.tgrthaber.com\/mavikadin\/wp-json\/wp\/v2\/comments?post=132602"}],"version-history":[{"count":3,"href":"https:\/\/www.tgrthaber.com\/mavikadin\/wp-json\/wp\/v2\/posts\/132602\/revisions"}],"predecessor-version":[{"id":132620,"href":"https:\/\/www.tgrthaber.com\/mavikadin\/wp-json\/wp\/v2\/posts\/132602\/revisions\/132620"}],"wp:featuredmedia":[{"embeddable":true,"href":"https:\/\/www.tgrthaber.com\/mavikadin\/wp-json\/wp\/v2\/media\/132609"}],"wp:attachment":[{"href":"https:\/\/www.tgrthaber.com\/mavikadin\/wp-json\/wp\/v2\/media?parent=132602"}],"wp:term":[{"taxonomy":"category","embeddable":true,"href":"https:\/\/www.tgrthaber.com\/mavikadin\/wp-json\/wp\/v2\/categories?post=132602"},{"taxonomy":"post_tag","embeddable":true,"href":"https:\/\/www.tgrthaber.com\/mavikadin\/wp-json\/wp\/v2\/tags?post=132602"}],"curies":[{"name":"wp","href":"https:\/\/api.w.org\/{rel}","templated":true}]}}