{"id":132603,"date":"2025-02-12T10:24:42","date_gmt":"2025-02-12T07:24:42","guid":{"rendered":"https:\/\/www.tgrthaber.com\/mavikadin\/?p=132603"},"modified":"2025-02-12T11:50:54","modified_gmt":"2025-02-12T08:50:54","slug":"sosyal-medya-fenomeni-meric-keskin-seyma-subasini-tiye-aldi","status":"publish","type":"post","link":"https:\/\/www.tgrthaber.com\/mavikadin\/sosyal-medya-fenomeni-meric-keskin-seyma-subasini-tiye-aldi\/","title":{"rendered":"Sosyal medya fenomeni Meri\u00e7 Keskin \u015eeyma Suba\u015f\u0131\u2019n\u0131 ti\u2019ye ald\u0131!"},"content":{"rendered":"<p>Sosyal medya fenomeni Meri\u00e7 Keskin \u015eeyma Suba\u015f\u0131\u2019n\u0131 ti\u2019ye ald\u0131. Keskin Instagram hesab\u0131ndan yay\u0131nlad\u0131\u011f\u0131 videoyla herkesi \u015fa\u015fk\u0131na \u00e7evirdi. Bir\u00e7ok sosyal medya kullan\u0131c\u0131s\u0131n\u0131n tepkisiyle kar\u015f\u0131 kar\u015f\u0131ya kalan Keskin\u2019in videosu komik bulunmad\u0131.<\/p>\n<h3>SOSYAL MEDYA FENOMEN\u0130 MER\u0130\u00c7 KESK\u0130N \u015eEYMA SUBA\u015eI\u2019NI T\u0130\u2019YE ALDI!<\/h3>\n<p>Sosyal medyada yapt\u0131\u011f\u0131 payla\u015f\u0131mlarla ad\u0131ndan s\u0131k\u00e7a s\u00f6z ettiren \u00fcnl\u00fc fenomen Meri\u00e7 Keskin, \u015eeyma Suba\u015f\u0131\u2019n\u0131 ti\u2019ye ald\u0131. Ge\u00e7ti\u011fimiz g\u00fcn kar ya\u011f\u0131\u015f\u0131n\u0131n etkili oldu\u011fu \u0130stanbul\u2019da bir\u00e7ok \u00fcnl\u00fc isimden payla\u015f\u0131m gelmi\u015fti. Bir payla\u015f\u0131mda \u00fcnl\u00fc fenomen \u015eeyma Suba\u015f\u0131\u2019ndan gelmi\u015fti. Suba\u015f\u0131, payla\u015f\u0131m\u0131nda a\u011fz\u0131yla kar yakalamaya \u00e7al\u0131\u015ft\u0131. Bunun \u00fczerine Keskin, Suba\u015f\u0131\u2019n\u0131 ti\u2019ye alarak adeta alay etti.<\/p>\n<p><img loading=\"lazy\" decoding=\"async\" class=\"alignnone wp-image-132606\" src=\"https:\/\/www.tgrthaber.com\/mavikadin\/wp-content\/uploads\/Meric-Keskin-2-1024x576.jpg\" alt=\"Sosyal medya fenomeni Meri\u00e7 Keskin \u015eeyma Suba\u015f\u0131\u2019n\u0131 ti\u2019ye ald\u0131!\" width=\"1208\" height=\"680\" title=\"\" srcset=\"https:\/\/www.tgrthaber.com\/mavikadin\/wp-content\/uploads\/Meric-Keskin-2-1024x576.jpg 1024w, https:\/\/www.tgrthaber.com\/mavikadin\/wp-content\/uploads\/Meric-Keskin-2-300x169.jpg 300w, https:\/\/www.tgrthaber.com\/mavikadin\/wp-content\/uploads\/Meric-Keskin-2-768x432.jpg 768w, https:\/\/www.tgrthaber.com\/mavikadin\/wp-content\/uploads\/Meric-Keskin-2-1536x864.jpg 1536w, https:\/\/www.tgrthaber.com\/mavikadin\/wp-content\/uploads\/Meric-Keskin-2.jpg 1600w\" sizes=\"(max-width: 1208px) 100vw, 1208px\" \/><\/p>\n<hr \/>\n<p>Ge\u00e7ti\u011fimiz g\u00fcn sabah saatlerinde etkisini art\u0131ran kar ya\u011f\u0131\u015f\u0131 herkesi heyecanland\u0131rd\u0131. Bir\u00e7ok \u00fcnl\u00fc isim ise sevincini sosyal medya hesab\u0131ndan payla\u015f\u0131m yaparak g\u00f6sterdi. \u015eeyma Suba\u015f\u0131\u2019da kar sevincini sosyal medyaya ta\u015f\u0131yan isimler aras\u0131nda yer ald\u0131. Bunu g\u00f6ren \u0130zmirli sosyal medya fenomeni Meri\u00e7 Keskin ise Suba\u015f\u0131\u2019n\u0131 ti\u2019ye ald\u0131. Suba\u015f\u0131, kar ya\u011farken, a\u011fz\u0131yla kar yakalamaya \u00e7al\u0131\u015ft\u0131\u011f\u0131 anlar Instagram hesab\u0131ndan takip\u00e7ileriyle payla\u015ft\u0131. Bu payla\u015f\u0131m\u0131n ard\u0131ndan Keskin, Suba\u015f\u0131\u2019n\u0131 ti\u2019ye alan bir video ile kar\u015f\u0131l\u0131k verdi. Keskin, Instagram hesab\u0131ndan Suba\u015f\u0131\u2019n\u0131 ti\u2019ye ald\u0131\u011f\u0131 anlar\u0131 takip\u00e7ileriyle payla\u015ft\u0131.<\/p>\n<p>\u0130\u015fte Meri\u00e7 Keskin&#8217;in \u015eeyma Suba\u015f\u0131&#8217;n\u0131 ti&#8217;ye ald\u0131\u011f\u0131 video&#8230;<\/p>\n<div style=\"width: 640px;\" class=\"wp-video\"><!--[if lt IE 9]><script>document.createElement('video');<\/script><![endif]-->\n<video class=\"wp-video-shortcode\" id=\"video-132603-1\" width=\"640\" height=\"640\" preload=\"metadata\" controls=\"controls\"><source type=\"video\/mp4\" src=\"https:\/\/www.tgrthaber.com\/mavikadin\/wp-content\/uploads\/Meric-Keskin-1.mp4?_=1\" \/><a href=\"https:\/\/www.tgrthaber.com\/mavikadin\/wp-content\/uploads\/Meric-Keskin-1.mp4\">https:\/\/www.tgrthaber.com\/mavikadin\/wp-content\/uploads\/Meric-Keskin-1.mp4<\/a><\/video><\/div>\n<hr \/>\n<h3>MER\u0130\u00c7 KESK\u0130N\u2019\u0130N V\u0130DEOSU KOM\u0130K BULUNMADI!<\/h3>\n<p>\u0130zmir\u2019de ya\u015fayan \u00fcnl\u00fc sosyal medya fenomeni Meri\u00e7 Keskin, yapt\u0131\u011f\u0131 sosyal medya payla\u015f\u0131mlar\u0131yla g\u00fcndeme gelmeye devam ediyor. Ge\u00e7ti\u011fimiz ay sevgilisi Kemal Varhan\u2019dan ayr\u0131ld\u0131\u011f\u0131n\u0131 a\u00e7\u0131klayan Keskin, ayr\u0131l\u0131k dedikodular\u0131yla s\u0131k\u00e7a g\u00fcndeme gelmi\u015fti.<\/p>\n<p><img loading=\"lazy\" decoding=\"async\" class=\"alignnone wp-image-132608\" src=\"https:\/\/www.tgrthaber.com\/mavikadin\/wp-content\/uploads\/Meric-Keskin-3-1024x576.jpg\" alt=\"Sosyal medya fenomeni Meri\u00e7 Keskin \u015eeyma Suba\u015f\u0131\u2019n\u0131 ti\u2019ye ald\u0131!\" width=\"1208\" height=\"680\" title=\"\" srcset=\"https:\/\/www.tgrthaber.com\/mavikadin\/wp-content\/uploads\/Meric-Keskin-3-1024x576.jpg 1024w, https:\/\/www.tgrthaber.com\/mavikadin\/wp-content\/uploads\/Meric-Keskin-3-300x169.jpg 300w, https:\/\/www.tgrthaber.com\/mavikadin\/wp-content\/uploads\/Meric-Keskin-3-768x432.jpg 768w, https:\/\/www.tgrthaber.com\/mavikadin\/wp-content\/uploads\/Meric-Keskin-3-1536x864.jpg 1536w, https:\/\/www.tgrthaber.com\/mavikadin\/wp-content\/uploads\/Meric-Keskin-3.jpg 1600w\" sizes=\"(max-width: 1208px) 100vw, 1208px\" \/><\/p>\n<hr \/>\n<p>Meri\u00e7 Keskin bu kez \u015eeyma Suba\u015f\u0131\u2019n\u0131 ti\u2019ye ald\u0131\u011f\u0131 video ile g\u00fcndeme geldi. \u015euba\u015f\u0131 ile adeta dalga ge\u00e7ti\u011fi videoyu Instagram hesab\u0131ndan yay\u0131nlayan Keskin, takip\u00e7ilerinin tepkisiyle de kar\u015f\u0131 kar\u015f\u0131ya kald\u0131. Keskin\u2019in Suba\u015f\u0131\u2019n\u0131 ti\u2019ye ald\u0131\u011f\u0131 video komik bulunmad\u0131. Kimileri Keskin\u2019in payla\u015f\u0131m\u0131n\u0131 be\u011fenirken kimileri ise yapt\u0131\u011f\u0131 bu payla\u015f\u0131m\u0131 gereksiz buldu.<\/p>\n","protected":false},"excerpt":{"rendered":"<p>Sosyal medya payla\u015f\u0131mlar\u0131yla ad\u0131ndan s\u00f6z ettiren Meri\u00e7 Keskin, bu kez \u015eeyma Suba\u015f\u0131\u2019n\u0131 ti\u2019ye ald\u0131. \u0130\u015fte detaylar\u2026 <\/p>\n","protected":false},"author":26,"featured_media":132604,"comment_status":"closed","ping_status":"closed","sticky":false,"template":"","format":"standard","meta":{"rank_math_lock_modified_date":false,"footnotes":""},"categories":[76],"tags":[133,2218,7235,2249],"class_list":["post-132603","post","type-post","status-publish","format-standard","has-post-thumbnail","hentry","category-magazin","tag-magazin","tag-magazin-haberleri","tag-meric-keskin","tag-seyma-subasi"],"_links":{"self":[{"href":"https:\/\/www.tgrthaber.com\/mavikadin\/wp-json\/wp\/v2\/posts\/132603"}],"collection":[{"href":"https:\/\/www.tgrthaber.com\/mavikadin\/wp-json\/wp\/v2\/posts"}],"about":[{"href":"https:\/\/www.tgrthaber.com\/mavikadin\/wp-json\/wp\/v2\/types\/post"}],"author":[{"embeddable":true,"href":"https:\/\/www.tgrthaber.com\/mavikadin\/wp-json\/wp\/v2\/users\/26"}],"replies":[{"embeddable":true,"href":"https:\/\/www.tgrthaber.com\/mavikadin\/wp-json\/wp\/v2\/comments?post=132603"}],"version-history":[{"count":2,"href":"https:\/\/www.tgrthaber.com\/mavikadin\/wp-json\/wp\/v2\/posts\/132603\/revisions"}],"predecessor-version":[{"id":132611,"href":"https:\/\/www.tgrthaber.com\/mavikadin\/wp-json\/wp\/v2\/posts\/132603\/revisions\/132611"}],"wp:featuredmedia":[{"embeddable":true,"href":"https:\/\/www.tgrthaber.com\/mavikadin\/wp-json\/wp\/v2\/media\/132604"}],"wp:attachment":[{"href":"https:\/\/www.tgrthaber.com\/mavikadin\/wp-json\/wp\/v2\/media?parent=132603"}],"wp:term":[{"taxonomy":"category","embeddable":true,"href":"https:\/\/www.tgrthaber.com\/mavikadin\/wp-json\/wp\/v2\/categories?post=132603"},{"taxonomy":"post_tag","embeddable":true,"href":"https:\/\/www.tgrthaber.com\/mavikadin\/wp-json\/wp\/v2\/tags?post=132603"}],"curies":[{"name":"wp","href":"https:\/\/api.w.org\/{rel}","templated":true}]}}