{"id":132630,"date":"2025-02-12T11:01:26","date_gmt":"2025-02-12T08:01:26","guid":{"rendered":"https:\/\/www.tgrthaber.com\/mavikadin\/?p=132630"},"modified":"2025-02-12T11:01:26","modified_gmt":"2025-02-12T08:01:26","slug":"meric-keskin-kimdir-meric-kesin-evli-mi","status":"publish","type":"post","link":"https:\/\/www.tgrthaber.com\/mavikadin\/meric-keskin-kimdir-meric-kesin-evli-mi\/","title":{"rendered":"Meri\u00e7 Keskin kimdir? Meri\u00e7 Kesin evli mi?"},"content":{"rendered":"<p>\u00dcnl\u00fc sosyal medya fenomeni Meri\u00e7 Keskin, yapt\u0131\u011f\u0131 payla\u015f\u0131mlarla ad\u0131ndan s\u00f6z ettirmeye devam ediyor. Ge\u00e7ti\u011fimiz ay sevgilisi Kemal Varhan\u2019dan ayr\u0131ld\u0131\u011f\u0131n\u0131 dedikodular\u0131yla g\u00fcndeme oturan Keskin, bu kez \u015eeyma Suba\u015f\u0131\u2019n\u0131 ti\u2019ye ald\u0131\u011f\u0131 videoyla g\u00fcndeme geldi. Son zamanlarda ad\u0131n\u0131 s\u0131k\u00e7a duydu\u011fumuz Meri\u00e7 Keskin\u2019in kim oldu\u011fu merak edildi. Peki, Meri\u00e7 Keskin kimdir? Meri\u00e7 Keskin ka\u00e7 ya\u015f\u0131nda, evli mi? Meri\u00e7 Keskin hakk\u0131nda merak edilenleri sizin i\u00e7in ara\u015ft\u0131rd\u0131k. \u0130\u015fte Meri\u00e7 Keskin hakk\u0131nda bilinmeyenler\u2026<\/p>\n<h3>MER\u0130\u00c7 KESK\u0130N K\u0130MD\u0130R?<\/h3>\n<p>Sosyal medya hesab\u0131nda yapt\u0131\u011f\u0131 payla\u015f\u0131mlarla ad\u0131ndan s\u0131k s\u0131k s\u00f6z ettiren Meri\u00e7 Keskin\u2019in kim oldu\u011fu merak ediliyor. \u00dcnl\u00fc sosyal medya fenomeni Meri\u00e7 Keskin, 24 Ekim 1986 y\u0131l\u0131nda \u0130zmir\u2019in Kar\u015f\u0131yaka il\u00e7esinde d\u00fcnyaya geldi.\u00a0\u0130lkokul, ortaokul ve lise e\u011fitimini ba\u015far\u0131yla tamamlayan Keskin, y\u00fcksek\u00f6\u011frenimini Macar Dili ve Edebiyat\u0131 B\u00f6l\u00fcm\u00fc\u2019nde tamamlayarak mezun oldu.<\/p>\n<p><img loading=\"lazy\" decoding=\"async\" class=\"alignnone wp-image-132634\" src=\"https:\/\/www.tgrthaber.com\/mavikadin\/wp-content\/uploads\/Meric-Keskin-2-1-1024x576.jpg\" alt=\"Meri\u00e7 Keskin kimdir? Meri\u00e7 Kesin evli mi?\" width=\"1208\" height=\"680\" title=\"\" srcset=\"https:\/\/www.tgrthaber.com\/mavikadin\/wp-content\/uploads\/Meric-Keskin-2-1-1024x576.jpg 1024w, https:\/\/www.tgrthaber.com\/mavikadin\/wp-content\/uploads\/Meric-Keskin-2-1-300x169.jpg 300w, https:\/\/www.tgrthaber.com\/mavikadin\/wp-content\/uploads\/Meric-Keskin-2-1-768x432.jpg 768w, https:\/\/www.tgrthaber.com\/mavikadin\/wp-content\/uploads\/Meric-Keskin-2-1-1536x864.jpg 1536w, https:\/\/www.tgrthaber.com\/mavikadin\/wp-content\/uploads\/Meric-Keskin-2-1.jpg 1600w\" sizes=\"(max-width: 1208px) 100vw, 1208px\" \/><\/p>\n<hr \/>\n<p>Meri\u00e7 Keskin, \u00fcniversite y\u0131llar\u0131nda edindi\u011fi bilgi birikimi ve deneyimleri ile yazd\u0131\u011f\u0131 gezi yaz\u0131lar\u0131 ve sosyal medya i\u00e7erikleriyle \u00f6n plana \u00e7\u0131k\u0131yor. Instagram da 1 milyon 100 binden fazla takip\u00e7i kitlesine sahip olan Keskin, kendimi okur, yazar, gezer olarak tan\u0131ml\u0131yor. \u00dcnl\u00fc sosyal medya fenomeni Keskin, gezi yaz\u0131lar\u0131 yaz\u0131yor sosyal medyada fenomenlik yap\u0131yor.<\/p>\n<h3>MER\u0130\u00c7 KESK\u0130N KA\u00c7 YA\u015eINDA, EVL\u0130 M\u0130?<\/h3>\n<p>\u015eimdilerde 38 ya\u015f\u0131nda olan sosyal medya fenomeni Meri\u00e7 Keskin, \u0130zmir\u2019de ya\u015f\u0131yor. \u0130zmirli fenomen Keskin, yapt\u0131\u011f\u0131 renkli sosyal medya payla\u015f\u0131mlar\u0131yla dikkatleri \u00fczerine \u00e7ekiyor. A\u011f\u0131rl\u0131kl\u0131 olarak Instagram platformunda i\u00e7erik \u00fcretmeye devam eden Keskin\u2019in Instagram hesab\u0131nda 1 milyondan fazla takip\u00e7isi bulunuyor.<\/p>\n<p><img loading=\"lazy\" decoding=\"async\" class=\"alignnone wp-image-132635\" src=\"https:\/\/www.tgrthaber.com\/mavikadin\/wp-content\/uploads\/Meric-Keskin-6-1024x576.jpg\" alt=\"Meri\u00e7 Keskin kimdir? Meri\u00e7 Kesin evli mi?\" width=\"1208\" height=\"680\" title=\"\" srcset=\"https:\/\/www.tgrthaber.com\/mavikadin\/wp-content\/uploads\/Meric-Keskin-6-1024x576.jpg 1024w, https:\/\/www.tgrthaber.com\/mavikadin\/wp-content\/uploads\/Meric-Keskin-6-300x169.jpg 300w, https:\/\/www.tgrthaber.com\/mavikadin\/wp-content\/uploads\/Meric-Keskin-6-768x432.jpg 768w, https:\/\/www.tgrthaber.com\/mavikadin\/wp-content\/uploads\/Meric-Keskin-6-1536x864.jpg 1536w, https:\/\/www.tgrthaber.com\/mavikadin\/wp-content\/uploads\/Meric-Keskin-6.jpg 1600w\" sizes=\"(max-width: 1208px) 100vw, 1208px\" \/><\/p>\n<hr \/>\n<p>Ald\u0131\u011f\u0131 \u00fcniversite e\u011fitiminin ard\u0131ndan kendi mesle\u011fini yapmaya tercih etmeyen Keskin, \u015fimdilerde sosyal medya fenomenli\u011fi ile u\u011fra\u015f\u0131yor. Hayvanlara olan sevgisiyle \u00f6n plana \u00e7\u0131kan Keskin, a\u015fk hayat\u0131yla da s\u0131k s\u0131k g\u00fcndeme geliyor. \u015eu an da bir ili\u015fkisi bulunmayan Keskin, kendini \u201cKronik olarak bekar\u0131m\u201d ifadeleriyle tan\u0131ml\u0131yor. Keskin, ge\u00e7ti\u011fimiz ay sevgilisi Kemal Varhan ile ayr\u0131lm\u0131\u015f ve ayr\u0131l\u0131k dedikodular\u0131yla g\u00fcndeme gelmi\u015fti.<\/p>\n<p><img loading=\"lazy\" decoding=\"async\" class=\"alignnone wp-image-132637\" src=\"https:\/\/www.tgrthaber.com\/mavikadin\/wp-content\/uploads\/Meric-Keskin-5-1024x576.jpg\" alt=\"Meri\u00e7 Keskin kimdir? Meri\u00e7 Kesin evli mi?\" width=\"1208\" height=\"680\" title=\"\" srcset=\"https:\/\/www.tgrthaber.com\/mavikadin\/wp-content\/uploads\/Meric-Keskin-5-1024x576.jpg 1024w, https:\/\/www.tgrthaber.com\/mavikadin\/wp-content\/uploads\/Meric-Keskin-5-300x169.jpg 300w, https:\/\/www.tgrthaber.com\/mavikadin\/wp-content\/uploads\/Meric-Keskin-5-768x432.jpg 768w, https:\/\/www.tgrthaber.com\/mavikadin\/wp-content\/uploads\/Meric-Keskin-5-1536x864.jpg 1536w, https:\/\/www.tgrthaber.com\/mavikadin\/wp-content\/uploads\/Meric-Keskin-5.jpg 1600w\" sizes=\"(max-width: 1208px) 100vw, 1208px\" \/><\/p>\n<hr \/>\n<h3>MER\u0130\u00c7 KESK\u0130N VE KEMAL NEDEN AYRILDI?<\/h3>\n<p>\u00dcnl\u00fc sosyal medya fenomeni Meri\u00e7 Keskin, sevgilisi Kemal Varhan ile ayr\u0131ld\u0131klar\u0131n\u0131 a\u00e7\u0131klam\u0131\u015ft\u0131. \u0130zmirli \u00fcnl\u00fc fenomen, sosyal medya hesab\u0131ndan yapt\u0131\u011f\u0131 a\u00e7\u0131klamayla 3 y\u0131ll\u0131k ili\u015fkisini bitirdi\u011fini ve sevgilisinden ayr\u0131ld\u0131\u011f\u0131n\u0131 dile getirmi\u015fti. Keskin, Instagram hesab\u0131ndan bir video yay\u0131nlayarak sevgilisi Kemal Varhan\u2019dan ayr\u0131ld\u0131\u011f\u0131n\u0131 takip\u00e7ilerine duyurmu\u015ftu. Keskin, payla\u015ft\u0131\u011f\u0131 videoda, \u201cArt\u0131k bu a\u00e7\u0131klamay\u0131 yapman\u0131n zaman\u0131 geldi. Bunu size bor\u00e7lu oldu\u011fumu biliyorum. Bir s\u00fcre \u00f6nce Bay Kemal ile ge\u00e7en muhte\u015fem \u00fc\u00e7 k\u00fcsur y\u0131l\u0131 noktalama karar\u0131 ald\u0131k.\u201d ifadelerini kullanm\u0131\u015ft\u0131.<\/p>\n<p><img loading=\"lazy\" decoding=\"async\" class=\"alignnone wp-image-132636\" src=\"https:\/\/www.tgrthaber.com\/mavikadin\/wp-content\/uploads\/Meric-Keskin-8-1024x576.jpg\" alt=\"Meri\u00e7 Keskin kimdir? Meri\u00e7 Kesin evli mi?\" width=\"1208\" height=\"680\" title=\"\" srcset=\"https:\/\/www.tgrthaber.com\/mavikadin\/wp-content\/uploads\/Meric-Keskin-8-1024x576.jpg 1024w, https:\/\/www.tgrthaber.com\/mavikadin\/wp-content\/uploads\/Meric-Keskin-8-300x169.jpg 300w, https:\/\/www.tgrthaber.com\/mavikadin\/wp-content\/uploads\/Meric-Keskin-8-768x432.jpg 768w, https:\/\/www.tgrthaber.com\/mavikadin\/wp-content\/uploads\/Meric-Keskin-8-1536x864.jpg 1536w, https:\/\/www.tgrthaber.com\/mavikadin\/wp-content\/uploads\/Meric-Keskin-8.jpg 1600w\" sizes=\"(max-width: 1208px) 100vw, 1208px\" \/><\/p>\n<hr \/>\n<p>Sosyal medya hesab\u0131ndan yapt\u0131\u011f\u0131 a\u00e7\u0131klamayla sevgilisinden ayr\u0131ld\u0131\u011f\u0131n\u0131 takip\u00e7ileriyle payla\u015fan Meri\u00e7 Keskin, \u201cHer ili\u015fki kaoslarla, olaylarla bitmeyebilir. Bizim bitirme nedenimiz \u00e7ok sade, \u00e7ok net, \u00e7ok yal\u0131nd\u0131. Biz eskisi kadar mutlu olmad\u0131\u011f\u0131m\u0131z\u0131 fark ettik ve kendi yollar\u0131m\u0131za gitme karar\u0131 ald\u0131k. B\u00fct\u00fcn bu s\u00fcre\u00e7 i\u00e7erisinde birbirimizi hi\u00e7 k\u0131rmad\u0131k, hi\u00e7 \u00fczmedik. Ortak \u00e7ocuklar\u0131m\u0131z var, ailelerimiz var, dostlar\u0131m\u0131z var. \u0130kimizin de hakk\u0131nda hay\u0131rl\u0131s\u0131 olmas\u0131n\u0131 diliyorum.\u201d ifadelerine yer vermi\u015fti. Takip\u00e7ilerinin biten ili\u015fkisi i\u00e7in \u00fcz\u00fclmemesi gerekti\u011fini dile getiren \u00fcnl\u00fc fenomen Keskin, a\u00e7\u0131klamalar\u0131na \u201cKimse \u00fcz\u00fclmesin, hepimizin hakk\u0131nda hay\u0131rl\u0131s\u0131 olsun. Herkes \u00e7ok mutlu olsun ve ikimizin de yolu hep a\u00e7\u0131k olsun.\u201d \u015feklinde devam etmi\u015fti.<\/p>\n","protected":false},"excerpt":{"rendered":"<p>Sosyal medya fenomeni Meri\u00e7 Keskin\u2019in kim oldu\u011fu merak ediliyor. Peki, Meri\u00e7 Keskin kimdir? Meri\u00e7 Keskin ka\u00e7 ya\u015f\u0131nda, evli mi? \u0130\u015fte detaylar\u2026<\/p>\n","protected":false},"author":26,"featured_media":132633,"comment_status":"closed","ping_status":"closed","sticky":false,"template":"","format":"standard","meta":{"rank_math_lock_modified_date":false,"footnotes":""},"categories":[491],"tags":[7236,7235],"class_list":["post-132630","post","type-post","status-publish","format-standard","has-post-thumbnail","hentry","category-biyografi","tag-kemal-varhan","tag-meric-keskin"],"_links":{"self":[{"href":"https:\/\/www.tgrthaber.com\/mavikadin\/wp-json\/wp\/v2\/posts\/132630"}],"collection":[{"href":"https:\/\/www.tgrthaber.com\/mavikadin\/wp-json\/wp\/v2\/posts"}],"about":[{"href":"https:\/\/www.tgrthaber.com\/mavikadin\/wp-json\/wp\/v2\/types\/post"}],"author":[{"embeddable":true,"href":"https:\/\/www.tgrthaber.com\/mavikadin\/wp-json\/wp\/v2\/users\/26"}],"replies":[{"embeddable":true,"href":"https:\/\/www.tgrthaber.com\/mavikadin\/wp-json\/wp\/v2\/comments?post=132630"}],"version-history":[{"count":1,"href":"https:\/\/www.tgrthaber.com\/mavikadin\/wp-json\/wp\/v2\/posts\/132630\/revisions"}],"predecessor-version":[{"id":132638,"href":"https:\/\/www.tgrthaber.com\/mavikadin\/wp-json\/wp\/v2\/posts\/132630\/revisions\/132638"}],"wp:featuredmedia":[{"embeddable":true,"href":"https:\/\/www.tgrthaber.com\/mavikadin\/wp-json\/wp\/v2\/media\/132633"}],"wp:attachment":[{"href":"https:\/\/www.tgrthaber.com\/mavikadin\/wp-json\/wp\/v2\/media?parent=132630"}],"wp:term":[{"taxonomy":"category","embeddable":true,"href":"https:\/\/www.tgrthaber.com\/mavikadin\/wp-json\/wp\/v2\/categories?post=132630"},{"taxonomy":"post_tag","embeddable":true,"href":"https:\/\/www.tgrthaber.com\/mavikadin\/wp-json\/wp\/v2\/tags?post=132630"}],"curies":[{"name":"wp","href":"https:\/\/api.w.org\/{rel}","templated":true}]}}