{"id":132644,"date":"2025-02-12T12:10:30","date_gmt":"2025-02-12T09:10:30","guid":{"rendered":"https:\/\/www.tgrthaber.com\/mavikadin\/?p=132644"},"modified":"2025-02-12T16:05:05","modified_gmt":"2025-02-12T13:05:05","slug":"eylem-tok-kimdir-ne-is-yapar-eylem-tok-nerede-yasiyor-eylem-tok-mevzusu-nedir","status":"publish","type":"post","link":"https:\/\/www.tgrthaber.com\/mavikadin\/eylem-tok-kimdir-ne-is-yapar-eylem-tok-nerede-yasiyor-eylem-tok-mevzusu-nedir\/","title":{"rendered":"Eylem Tok kimdir, ne i\u015f yapar? Eylem Tok nerede ya\u015f\u0131yor? Eylem Tok mevzusu nedir?"},"content":{"rendered":"<p>\u00dcnl\u00fc T\u00fcrk yazar, \u015fair ve senarist\u00a0 Eylem Tok, o\u011flu Timur Cihantimur&#8217;un kar\u0131\u015ft\u0131\u011f\u0131 kaza nedeniyle yak\u0131n zamanda ilgi oda\u011f\u0131 haline geldi. 17 ya\u015f\u0131ndaki Cihantimur, ehliyetsiz ara\u00e7 kullan\u0131rken \u0130stanbul&#8217;da \u00f6l\u00fcmc\u00fcl bir araba kazas\u0131na kar\u0131\u015ft\u0131 ve bir ki\u015fi \u00f6ld\u00fc, d\u00f6rt ki\u015fi yaraland\u0131. Kazadan sonra Tok&#8217;un o\u011fluyla birlikte \u00fclkeden \u00e7\u0131k\u0131p Amerika Birle\u015fik Devletler&#8217;ine ka\u00e7\u0131p yard\u0131m etmesine g\u00fcndem olmu\u015ftu. Peki, Eylem Tok kimdir, nerede ya\u015f\u0131yor? \u0130\u015fte merak edilenler&#8230;<\/p>\n<h3>EYLEM TOK K\u0130MD\u0130R?<\/h3>\n<p>Eylem Tok, hem edebiyatta hem de sinemada tan\u0131nm\u0131\u015f bir T\u00fcrk yazar, \u015fair, senarist ve y\u00f6netmendir. \u0130ktisat ve psikoloji alan\u0131nda ge\u00e7mi\u015fi olan Tok, yolculu\u011funa gen\u00e7 ya\u015fta k\u0131sa \u00f6yk\u00fcler, denemeler ve romanlar \u00fcreterek ba\u015flad\u0131. En bilinen eserleri aras\u0131nda Mihr, Allah&#8217;\u0131n Piyonlar\u0131, Noktalar ve Ac\u0131 \u015eeker yer al\u0131r. Yaz\u0131lar\u0131 genellikle karma\u015f\u0131k psikolojik ve felsefi konulara dalar. Ayr\u0131ca hem yazd\u0131\u011f\u0131 hem de y\u00f6netti\u011fi filmleri, sinematik vizyonun k\u00fcresel izleyicilere sergileyen \u00e7e\u015fitli uluslararas\u0131 film festivallerinde g\u00f6sterildi.<\/p>\n<p><img loading=\"lazy\" decoding=\"async\" class=\"alignnone wp-image-132665\" src=\"https:\/\/www.tgrthaber.com\/mavikadin\/wp-content\/uploads\/3-133.png\" alt=\"\" width=\"1208\" height=\"680\" title=\"\" srcset=\"https:\/\/www.tgrthaber.com\/mavikadin\/wp-content\/uploads\/3-133.png 1280w, https:\/\/www.tgrthaber.com\/mavikadin\/wp-content\/uploads\/3-133-300x169.png 300w, https:\/\/www.tgrthaber.com\/mavikadin\/wp-content\/uploads\/3-133-1024x576.png 1024w, https:\/\/www.tgrthaber.com\/mavikadin\/wp-content\/uploads\/3-133-768x432.png 768w\" sizes=\"(max-width: 1208px) 100vw, 1208px\" \/><\/p>\n<hr \/>\n<h3>T\u0130MUR C\u0130HANT\u0130MUR&#8217;UN KARI\u015eTI\u011eI KAZA<\/h3>\n<p>Eylem Tok o\u011flu Timur Cihantimur&#8217;un kar\u015f\u0131la\u015ft\u0131\u011f\u0131 kazan\u0131n ard\u0131ndan g\u00fcndeme gelmi\u015ftir. 1 Mart 2024&#8217;te, 17 ya\u015f\u0131ndaki Cihantimur, \u0130stanbul&#8217;da \u00f6l\u00fcmc\u00fcl bir araba kazas\u0131na kar\u0131\u015ft\u0131. Kaza s\u0131ras\u0131nda ehliyetsiz ara\u00e7 kullan\u0131yordu ve park halindeki ATV&#8217;lerle \u00e7arp\u0131\u015farak O\u011fuz Murat Aci&#8217;nin hayat\u0131n\u0131 kaybetmesine ve 4 ki\u015finin de yaralanmas\u0131na sebep olmu\u015ftu.<\/p>\n<p><img loading=\"lazy\" decoding=\"async\" class=\"alignnone wp-image-132663\" src=\"https:\/\/www.tgrthaber.com\/mavikadin\/wp-content\/uploads\/1-125.png\" alt=\"\" width=\"1208\" height=\"680\" title=\"\" srcset=\"https:\/\/www.tgrthaber.com\/mavikadin\/wp-content\/uploads\/1-125.png 1280w, https:\/\/www.tgrthaber.com\/mavikadin\/wp-content\/uploads\/1-125-300x169.png 300w, https:\/\/www.tgrthaber.com\/mavikadin\/wp-content\/uploads\/1-125-1024x576.png 1024w, https:\/\/www.tgrthaber.com\/mavikadin\/wp-content\/uploads\/1-125-768x432.png 768w\" sizes=\"(max-width: 1208px) 100vw, 1208px\" \/><\/p>\n<hr \/>\n<h3>EYLEM TOK NEREDE?<\/h3>\n<p>Kazadan sonra Eylem Tok, 1 ki\u015finin \u00f6l\u00fcm\u00fcne sebep olan o\u011flunu da alarak Amerika Birle\u015fik Devletleri&#8217;ne gidip, saklanmas\u0131nda yard\u0131mc\u0131 olmu\u015ftur. Eylem Tok&#8217;un bu hareketi \u00fclkede g\u00fcndem olmu\u015f, tart\u0131\u015fmalara yol a\u00e7m\u0131\u015ft\u0131. T\u00fcrk yetkililer bu olay\u0131n ard\u0131ndan, Tok ve o\u011flu i\u00e7in bir talepte bulundu ve iadelerini istedi. Amerika Birle\u015fik Devletleri bu talebin ard\u0131ndan Tok ve o\u011flunu tutuklad\u0131.<\/p>\n<p><img loading=\"lazy\" decoding=\"async\" class=\"alignnone wp-image-132666\" src=\"https:\/\/www.tgrthaber.com\/mavikadin\/wp-content\/uploads\/4-104.png\" alt=\"\" width=\"1208\" height=\"680\" title=\"\" srcset=\"https:\/\/www.tgrthaber.com\/mavikadin\/wp-content\/uploads\/4-104.png 1280w, https:\/\/www.tgrthaber.com\/mavikadin\/wp-content\/uploads\/4-104-300x169.png 300w, https:\/\/www.tgrthaber.com\/mavikadin\/wp-content\/uploads\/4-104-1024x576.png 1024w, https:\/\/www.tgrthaber.com\/mavikadin\/wp-content\/uploads\/4-104-768x432.png 768w\" sizes=\"(max-width: 1208px) 100vw, 1208px\" \/><\/p>\n<hr \/>\n<h3>EYLEM TOK VE O\u011eLUNUN \u0130ADES\u0130 KABUL ED\u0130LD\u0130<\/h3>\n<p>ABD h\u00fck\u00fcmeti Tok ve o\u011flunun T\u00fcrkiye&#8217;ye s\u0131n\u0131r d\u0131\u015f\u0131 etmeyi kabul etti. Tok ve Cihantimur, iade s\u00fcrecinin tamamlanmas\u0131n\u0131 beklerken g\u00f6zalt\u0131na al\u0131nd\u0131.<\/p>\n<p>\u015eu anda, Eylem Tok ve o\u011fluyla ilgili yasal i\u015flemler devam ediyor. Amerika Birle\u015fik Devletleri&#8217;nde tutuklanmalar\u0131n\u0131n ard\u0131ndan, bir Amerikan b\u00f6lge mahkemesi T\u00fcrkiye&#8217;ye iade edileceklerine karar verdi. Mahkemenin karar\u0131, Amerika Birle\u015fik Devletleri ve T\u00fcrkiye aras\u0131ndaki mevcut iade anla\u015fmas\u0131na dayan\u0131yordu. Ancak Tok&#8217;un iade s\u00fcreci tamamlanmadan \u00f6nce serbest b\u0131rak\u0131lmas\u0131n\u0131 talep ederek karara itiraz etti\u011fi bildirildi.<\/p>\n","protected":false},"excerpt":{"rendered":"<p>Tan\u0131nm\u0131\u015f T\u00fcrk yazar, \u015fair ve film yap\u0131mc\u0131s\u0131 Eylem Tok, \u015fu anda hem kamuoyunun hem d medyan\u0131n dikkatini \u00e7eken bir hukuk davas\u0131n\u0131n merkezinde yer al\u0131yor. Eylem Tok, o\u011flu Timyr Cihantimur&#8217;un kar\u0131\u015ft\u0131\u011f\u0131 bir kazan\u0131n ard\u0131ndan o\u011flunu da alarak ABD&#8217;ye ka\u00e7m\u0131\u015ft\u0131. 17 ya\u015f\u0131ndaki Cihantimur, ehliyetsiz ara\u00e7 kullan\u0131rken \u0130stanbul&#8217;da \u00f6l\u00fcmc\u00fcl bir trafik kazas\u0131na neden oldu. Eylem Tok&#8217;un yasal sonu\u00e7lardan ka\u00e7\u0131nmak i\u00e7in o\u011flunun ABD&#8217;ye ka\u00e7mas\u0131na yard\u0131m eti. \u0130\u015fte haberin detaylar\u0131&#8230;<\/p>\n","protected":false},"author":28,"featured_media":132664,"comment_status":"closed","ping_status":"closed","sticky":false,"template":"","format":"standard","meta":{"rank_math_lock_modified_date":false,"footnotes":""},"categories":[491],"tags":[10704,10706,10705],"class_list":["post-132644","post","type-post","status-publish","format-standard","has-post-thumbnail","hentry","category-biyografi","tag-eylem-tok","tag-oguz-murat-aci","tag-timur-cihantimur"],"_links":{"self":[{"href":"https:\/\/www.tgrthaber.com\/mavikadin\/wp-json\/wp\/v2\/posts\/132644"}],"collection":[{"href":"https:\/\/www.tgrthaber.com\/mavikadin\/wp-json\/wp\/v2\/posts"}],"about":[{"href":"https:\/\/www.tgrthaber.com\/mavikadin\/wp-json\/wp\/v2\/types\/post"}],"author":[{"embeddable":true,"href":"https:\/\/www.tgrthaber.com\/mavikadin\/wp-json\/wp\/v2\/users\/28"}],"replies":[{"embeddable":true,"href":"https:\/\/www.tgrthaber.com\/mavikadin\/wp-json\/wp\/v2\/comments?post=132644"}],"version-history":[{"count":1,"href":"https:\/\/www.tgrthaber.com\/mavikadin\/wp-json\/wp\/v2\/posts\/132644\/revisions"}],"predecessor-version":[{"id":132667,"href":"https:\/\/www.tgrthaber.com\/mavikadin\/wp-json\/wp\/v2\/posts\/132644\/revisions\/132667"}],"wp:featuredmedia":[{"embeddable":true,"href":"https:\/\/www.tgrthaber.com\/mavikadin\/wp-json\/wp\/v2\/media\/132664"}],"wp:attachment":[{"href":"https:\/\/www.tgrthaber.com\/mavikadin\/wp-json\/wp\/v2\/media?parent=132644"}],"wp:term":[{"taxonomy":"category","embeddable":true,"href":"https:\/\/www.tgrthaber.com\/mavikadin\/wp-json\/wp\/v2\/categories?post=132644"},{"taxonomy":"post_tag","embeddable":true,"href":"https:\/\/www.tgrthaber.com\/mavikadin\/wp-json\/wp\/v2\/tags?post=132644"}],"curies":[{"name":"wp","href":"https:\/\/api.w.org\/{rel}","templated":true}]}}