{"id":132647,"date":"2025-02-12T12:06:40","date_gmt":"2025-02-12T09:06:40","guid":{"rendered":"https:\/\/www.tgrthaber.com\/mavikadin\/?p=132647"},"modified":"2025-02-14T13:01:55","modified_gmt":"2025-02-14T10:01:55","slug":"muge-anlida-ilkokul-mezunu-psikolog-gozaltina-alindi-muge-anlidan-emniyet-muduru-esi-hakkinda-sasirtan-itiraf","status":"publish","type":"post","link":"https:\/\/www.tgrthaber.com\/mavikadin\/muge-anlida-ilkokul-mezunu-psikolog-gozaltina-alindi-muge-anlidan-emniyet-muduru-esi-hakkinda-sasirtan-itiraf\/","title":{"rendered":"M\u00fcge Anl\u0131\u2019da ilkokul mezunu psikolog tutukland\u0131! M\u00fcge Anl\u0131\u2019dan emniyet m\u00fcd\u00fcr\u00fc e\u015fi hakk\u0131nda \u015fa\u015f\u0131rtan itiraf"},"content":{"rendered":"<p>M\u00fcge Anl\u0131\u2019da sahte sertifikal\u0131 psikolog tutukland\u0131.\u00a0Kayseri Erciyes \u00dcniversitesi&#8217;nde e\u011fitim ald\u0131\u011f\u0131 ve bir\u00e7ok sertifikas\u0131 oldu\u011funu \u00f6ne s\u00fcren Abd\u00fcrrahim isimli \u015fahs\u0131n sadece ilkokul okudu\u011fu \u00f6\u011frenildi.<\/p>\n<p>Bug\u00fcnk\u00fc canl\u0131 yay\u0131nda sahte psikolo\u011fun tutukland\u0131\u011f\u0131n\u0131 a\u00e7\u0131klayan Anl\u0131, doland\u0131r\u0131c\u0131l\u0131k konusuyla ilgili e\u015finin ba\u015f\u0131na gelenleri de ilk kez canl\u0131 yay\u0131nda anlatm\u0131\u015ft\u0131.<\/p>\n<h3>M\u00dcGE ANLI\u2019DA \u0130LKOKUL MEZUNU PS\u0130KOLOG TUTUKLANDI<\/h3>\n<p>Sahte diplomal\u0131 psikolog\u00a0&#8220;Dini inan\u00e7 ve duygular\u0131n istismar edilmesi suretiyle&#8221; doland\u0131r\u0131c\u0131l\u0131k su\u00e7lamas\u0131ndan tutukland\u0131. \u0130nsanlara yard\u0131m etti\u011fini ve farkl\u0131 sertifikalar\u0131 oldu\u011funu iddia eden Abd\u00fcrrahim isimli \u00fcf\u00fcr\u00fck\u00e7\u00fc kendisini Dungaga efsanesini and\u0131ran sesiyle tan\u0131tarak dikkatleri \u00fczerine \u00e7ekti.<\/p>\n<p>Videolar \u00e7ekerek insanlara faydal\u0131 oldu\u011funu savunan sertifikal\u0131 \u00fcf\u00fcr\u00fck\u00e7\u00fc hakk\u0131nda yap\u0131lan ara\u015ft\u0131rmalar farkl\u0131 bir ger\u00e7e\u011fi g\u00f6zler \u00f6n\u00fcne serdi.<\/p>\n<div style=\"width: 640px;\" class=\"wp-video\"><!--[if lt IE 9]><script>document.createElement('video');<\/script><![endif]-->\n<video class=\"wp-video-shortcode\" id=\"video-132647-1\" width=\"640\" height=\"360\" preload=\"metadata\" controls=\"controls\"><source type=\"video\/mp4\" src=\"https:\/\/www.tgrthaber.com\/mavikadin\/wp-content\/uploads\/pV1k3alOMnroPqk7.mp4?_=1\" \/><a href=\"https:\/\/www.tgrthaber.com\/mavikadin\/wp-content\/uploads\/pV1k3alOMnroPqk7.mp4\">https:\/\/www.tgrthaber.com\/mavikadin\/wp-content\/uploads\/pV1k3alOMnroPqk7.mp4<\/a><\/video><\/div>\n<hr \/>\n<h3>MA\u011eDURLARA \u0130FT\u0130RA ATTI<\/h3>\n<p>Erciyes \u00dcniversitesi\u2019nde e\u011fitim g\u00f6rd\u00fc\u011f\u00fcn\u00fc s\u00f6yleyen ancak asl\u0131nda ilkokul mezunu olan Abd\u00fcrrahim isimli \u015fah\u0131s \u00f6nce g\u00f6zalt\u0131na al\u0131nd\u0131 ard\u0131ndan da bug\u00fcn tutukland\u0131.<\/p>\n<p>Ma\u011fdur etti\u011fi insanlar aras\u0131nda Da\u011f\u0131stan ve Habibe\u2019yi kendisinin tan\u0131\u015ft\u0131rd\u0131\u011f\u0131n\u0131 ifade eden Abd\u00fcrrahim, ma\u011fdur ki\u015filerin bu davran\u0131\u015f\u0131n\u0131 onlarla olan ileti\u015fimi koparmas\u0131na ba\u011flad\u0131.<\/p>\n<p><img loading=\"lazy\" decoding=\"async\" class=\"alignnone wp-image-132657\" src=\"https:\/\/www.tgrthaber.com\/mavikadin\/wp-content\/uploads\/Muge-Anli-2-5.jpg\" alt=\"\" width=\"1208\" height=\"680\" title=\"\" srcset=\"https:\/\/www.tgrthaber.com\/mavikadin\/wp-content\/uploads\/Muge-Anli-2-5.jpg 1920w, https:\/\/www.tgrthaber.com\/mavikadin\/wp-content\/uploads\/Muge-Anli-2-5-300x169.jpg 300w, https:\/\/www.tgrthaber.com\/mavikadin\/wp-content\/uploads\/Muge-Anli-2-5-1024x576.jpg 1024w, https:\/\/www.tgrthaber.com\/mavikadin\/wp-content\/uploads\/Muge-Anli-2-5-768x432.jpg 768w, https:\/\/www.tgrthaber.com\/mavikadin\/wp-content\/uploads\/Muge-Anli-2-5-1536x864.jpg 1536w\" sizes=\"(max-width: 1208px) 100vw, 1208px\" \/><\/p>\n<hr \/>\n<h3>\u201cE\u015e\u0130M\u0130N ADINI KULLANARAK B\u0130LE DOLANDIRIYORLAR\u201d<\/h3>\n<p>M\u00fcge Anl\u0131 konuyla ilgili olarak canl\u0131 yay\u0131nda zaman zaman e\u015finin isminin kullan\u0131larak doland\u0131r\u0131c\u0131l\u0131k yap\u0131lmak istendi\u011fini \u015fu s\u00f6zlerle anlatt\u0131:<\/p>\n<p>&#8220;Doland\u0131r\u0131c\u0131lar artt\u0131 insanlar neden halen bunlara kan\u0131yor. Ge\u00e7en g\u00fcnde benim e\u015fim ad\u0131na birilerini aram\u0131\u015flar. Bize para g\u00f6nderin falan. Bize ula\u015ft\u0131lar bizde insanlar\u0131 doland\u0131rmaya \u00e7al\u0131\u015fanlar\u0131 \u00e7ok \u015f\u00fck\u00fcr yakalatt\u0131k. Hapisteler \u015fuan ancak yani e\u015fimin ad\u0131n\u0131 kullanarak bile doland\u0131r\u0131yorlar. Arkada\u015f\u0131m neden kan\u0131yorsunuz bunlara benim e\u015fim sizi neden aras\u0131n sizden neden para istesin.&#8221;<\/p>\n<p><img loading=\"lazy\" decoding=\"async\" class=\"alignnone wp-image-132658\" src=\"https:\/\/www.tgrthaber.com\/mavikadin\/wp-content\/uploads\/Muge-Anli-3-4.jpg\" alt=\"\" width=\"1208\" height=\"680\" title=\"\" srcset=\"https:\/\/www.tgrthaber.com\/mavikadin\/wp-content\/uploads\/Muge-Anli-3-4.jpg 1920w, https:\/\/www.tgrthaber.com\/mavikadin\/wp-content\/uploads\/Muge-Anli-3-4-300x169.jpg 300w, https:\/\/www.tgrthaber.com\/mavikadin\/wp-content\/uploads\/Muge-Anli-3-4-1024x576.jpg 1024w, https:\/\/www.tgrthaber.com\/mavikadin\/wp-content\/uploads\/Muge-Anli-3-4-768x432.jpg 768w, https:\/\/www.tgrthaber.com\/mavikadin\/wp-content\/uploads\/Muge-Anli-3-4-1536x864.jpg 1536w\" sizes=\"(max-width: 1208px) 100vw, 1208px\" \/><\/p>\n<hr \/>\n<h3>SAHTE PS\u0130KOLOG ABD\u00dcRRAH\u0130M HAKKINDA \u015eA\u015eIRTAN DETAYLAR<\/h3>\n<p>Antalya\u2019da ya\u015fayan ve Erciyes \u00dcniversitesi&#8217;nde e\u011fitim g\u00f6rd\u00fc\u011f\u00fcn\u00fc iddia eden Abd\u00fcrrahim hakk\u0131nda farkl\u0131 detaylar ortaya \u00e7\u0131kt\u0131. E\u011fitim g\u00f6rd\u00fc\u011f\u00fc yerin \u0130stanbul\u2019da oldu\u011funu bilen Abd\u00fcrrahim kendisini &#8216;\u0130stanbul Erciyes \u00dcniversitesi Metafizik B\u00f6l\u00fcm\u00fc Mezunu, Bilin\u00e7alt\u0131 Temizlik ve T\u00fcm Ruhani Psikiyatrik rahats\u0131zl\u0131kla diplomal\u0131 sertifikal\u0131 yetkili uzman&#8217; olarak tan\u0131tt\u0131.<\/p>\n<p><img loading=\"lazy\" decoding=\"async\" class=\"alignnone wp-image-132659\" src=\"https:\/\/www.tgrthaber.com\/mavikadin\/wp-content\/uploads\/Muge-Anli-4-2.jpg\" alt=\"\" width=\"1208\" height=\"680\" title=\"\" srcset=\"https:\/\/www.tgrthaber.com\/mavikadin\/wp-content\/uploads\/Muge-Anli-4-2.jpg 1920w, https:\/\/www.tgrthaber.com\/mavikadin\/wp-content\/uploads\/Muge-Anli-4-2-300x169.jpg 300w, https:\/\/www.tgrthaber.com\/mavikadin\/wp-content\/uploads\/Muge-Anli-4-2-1024x576.jpg 1024w, https:\/\/www.tgrthaber.com\/mavikadin\/wp-content\/uploads\/Muge-Anli-4-2-768x432.jpg 768w, https:\/\/www.tgrthaber.com\/mavikadin\/wp-content\/uploads\/Muge-Anli-4-2-1536x864.jpg 1536w\" sizes=\"(max-width: 1208px) 100vw, 1208px\" \/><\/p>\n<hr \/>\n<h3>CANLI YAYINDA SORULARI CEVAPLADI<\/h3>\n<p>\u0130nsanlara yard\u0131m etti\u011fini ve sertifikalar\u0131 oldu\u011funu s\u00f6yleyen \u015fahs\u0131n asl\u0131nda insanlar\u0131 doland\u0131rd\u0131\u011f\u0131 \u00f6ne s\u00fcr\u00fcld\u00fc. Metafizik alan\u0131nda e\u011fitim ald\u0131\u011f\u0131n\u0131 anlatan ayr\u0131ca psikoloji, depresyon ve travma gibi konularda e\u011fitim ald\u0131\u011f\u0131n\u0131 ifade eden Abd\u00fcrrahim canl\u0131 yay\u0131nda M\u00fcge Anl\u0131 taraf\u0131ndan sorguland\u0131.<\/p>\n<p><img loading=\"lazy\" decoding=\"async\" class=\"alignnone wp-image-132661\" src=\"https:\/\/www.tgrthaber.com\/mavikadin\/wp-content\/uploads\/Muge-Anli-5-2.jpg\" alt=\"\" width=\"1208\" height=\"680\" title=\"\" srcset=\"https:\/\/www.tgrthaber.com\/mavikadin\/wp-content\/uploads\/Muge-Anli-5-2.jpg 1920w, https:\/\/www.tgrthaber.com\/mavikadin\/wp-content\/uploads\/Muge-Anli-5-2-300x169.jpg 300w, https:\/\/www.tgrthaber.com\/mavikadin\/wp-content\/uploads\/Muge-Anli-5-2-1024x576.jpg 1024w, https:\/\/www.tgrthaber.com\/mavikadin\/wp-content\/uploads\/Muge-Anli-5-2-768x432.jpg 768w, https:\/\/www.tgrthaber.com\/mavikadin\/wp-content\/uploads\/Muge-Anli-5-2-1536x864.jpg 1536w\" sizes=\"(max-width: 1208px) 100vw, 1208px\" \/><\/p>\n<hr \/>\n<h3>\u201cS\u0130Z \u0130LKOKUL MEZUNUSUNUZ\u201d<\/h3>\n<p>M\u00fcge Anl\u0131, sertifikal\u0131 \u00fcf\u00fcr\u00fck\u00e7\u00fc Abd\u00fcrrahim\u2019in e\u011fitim durumu hakk\u0131nda, \u201cSiz ilkokul mezunusunuz, ilkokul mezununu psikoloji okutmazlar. Psikoloji okumak i\u00e7in liseyi bitirip, \u00fcniversite s\u0131nav\u0131n\u0131 ge\u00e7mek gerekir\u201d diyerek sert \u00e7\u0131kt\u0131.<\/p>\n<p>Para kar\u015f\u0131l\u0131\u011f\u0131nda insanlar\u0131 kand\u0131rd\u0131\u011f\u0131n\u0131 s\u00f6yleyen Anl\u0131, \u201cCinleri itaat ettiren adam olarak kendinizi tan\u0131t\u0131yorsunuz, insanlarla dalga ge\u00e7iyorsunuz ve para kar\u015f\u0131l\u0131\u011f\u0131 bunlar\u0131 yap\u0131yorsunuz!\u201d dedi.<\/p>\n<p>&nbsp;<\/p>\n","protected":false},"excerpt":{"rendered":"<p>M\u00fcge Anl\u0131 ile Tatl\u0131 Sert program\u0131nda g\u00fcndem olan ilkokul mezunu psikolog tutukland\u0131. Sertifikal\u0131 \u00fcf\u00fcr\u00fck\u00e7\u00fc olarak g\u00fcndeme gelen sahte psikolo\u011fun asl\u0131nda ilkokul mezunu oldu\u011fu ortaya \u00e7\u0131kt\u0131. Anl\u0131, doland\u0131r\u0131c\u0131l\u0131k konusuyla ilgili olarak e\u015finin ya\u015fad\u0131klar\u0131ndan da ilk defa bahsetti. <\/p>\n","protected":false},"author":5,"featured_media":132668,"comment_status":"closed","ping_status":"closed","sticky":false,"template":"","format":"standard","meta":{"rank_math_lock_modified_date":false,"footnotes":""},"categories":[76],"tags":[2453,10703],"class_list":["post-132647","post","type-post","status-publish","format-standard","has-post-thumbnail","hentry","category-magazin","tag-muge-anli","tag-muge-anli-sahte-psikolog"],"_links":{"self":[{"href":"https:\/\/www.tgrthaber.com\/mavikadin\/wp-json\/wp\/v2\/posts\/132647"}],"collection":[{"href":"https:\/\/www.tgrthaber.com\/mavikadin\/wp-json\/wp\/v2\/posts"}],"about":[{"href":"https:\/\/www.tgrthaber.com\/mavikadin\/wp-json\/wp\/v2\/types\/post"}],"author":[{"embeddable":true,"href":"https:\/\/www.tgrthaber.com\/mavikadin\/wp-json\/wp\/v2\/users\/5"}],"replies":[{"embeddable":true,"href":"https:\/\/www.tgrthaber.com\/mavikadin\/wp-json\/wp\/v2\/comments?post=132647"}],"version-history":[{"count":6,"href":"https:\/\/www.tgrthaber.com\/mavikadin\/wp-json\/wp\/v2\/posts\/132647\/revisions"}],"predecessor-version":[{"id":133807,"href":"https:\/\/www.tgrthaber.com\/mavikadin\/wp-json\/wp\/v2\/posts\/132647\/revisions\/133807"}],"wp:featuredmedia":[{"embeddable":true,"href":"https:\/\/www.tgrthaber.com\/mavikadin\/wp-json\/wp\/v2\/media\/132668"}],"wp:attachment":[{"href":"https:\/\/www.tgrthaber.com\/mavikadin\/wp-json\/wp\/v2\/media?parent=132647"}],"wp:term":[{"taxonomy":"category","embeddable":true,"href":"https:\/\/www.tgrthaber.com\/mavikadin\/wp-json\/wp\/v2\/categories?post=132647"},{"taxonomy":"post_tag","embeddable":true,"href":"https:\/\/www.tgrthaber.com\/mavikadin\/wp-json\/wp\/v2\/tags?post=132647"}],"curies":[{"name":"wp","href":"https:\/\/api.w.org\/{rel}","templated":true}]}}