{"id":132682,"date":"2025-02-12T12:48:21","date_gmt":"2025-02-12T09:48:21","guid":{"rendered":"https:\/\/www.tgrthaber.com\/mavikadin\/?p=132682"},"modified":"2025-02-12T12:48:31","modified_gmt":"2025-02-12T09:48:31","slug":"bulent-ersoyun-filminde-kimler-oynayacak-bulent-ersoyu-oynayacak-kisi-merak-ediliyor","status":"publish","type":"post","link":"https:\/\/www.tgrthaber.com\/mavikadin\/bulent-ersoyun-filminde-kimler-oynayacak-bulent-ersoyu-oynayacak-kisi-merak-ediliyor\/","title":{"rendered":"B\u00fclent Ersoy\u2019un filminde kimler oynayacak? B\u00fclent Ersoy\u2019u oynayacak ki\u015fi merak ediliyor!"},"content":{"rendered":"<p>T\u00fcrk sanat m\u00fczi\u011finin ba\u015far\u0131l\u0131 isimleri aras\u0131nda yer alan B\u00fclent Ersoy\u2019un hayat\u0131 beyazperdeye ta\u015f\u0131n\u0131yor. Herkesin merakla bekledi\u011fi filmde hangi oyuncular\u0131n yer alaca\u011f\u0131 merak ediliyor. Peki, B\u00fclent Ersoy\u2019un filminde kimler oynayacak? B\u00fclent Ersoy\u2019u oynayacak ki\u015fi kim? \u0130\u015fte B\u00fclent Ersoy\u2019un hayat\u0131n\u0131 konu alan film hakk\u0131nda merak edilenler\u2026<\/p>\n<h3>B\u00dcLENT ERSOY\u2019UN HAYATI F\u0130LM OLUYOR!<\/h3>\n<p>T\u00fcrk sanat m\u00fczi\u011finin usta isimlerinden B\u00fclent Ersoy\u2019un hayat\u0131 film oluyor. Uzun s\u00fcredir \u00fczerinde konu\u015fulan film hakk\u0131nda ilk ad\u0131mlar at\u0131ld\u0131. Usta sanat\u00e7\u0131 Ersoy, hayat\u0131n\u0131 konu alacak filmin senaryosunu imzalad\u0131. Filmin senaryosunu onaylayan Ersoy, \u201cHayat\u0131m\u0131n imzas\u0131\u2026\u201d notuyla sosyal medya hesab\u0131ndan filme dair ilk payla\u015f\u0131mlar\u0131n\u0131 yapm\u0131\u015ft\u0131.<\/p>\n<p><img loading=\"lazy\" decoding=\"async\" class=\"alignnone wp-image-132686\" src=\"https:\/\/www.tgrthaber.com\/mavikadin\/wp-content\/uploads\/Bulent-Ersoy-6-1024x576.jpg\" alt=\"B\u00fclent Ersoy\u2019un filminde kimler oynayacak? \" width=\"1208\" height=\"680\" title=\"\" srcset=\"https:\/\/www.tgrthaber.com\/mavikadin\/wp-content\/uploads\/Bulent-Ersoy-6-1024x576.jpg 1024w, https:\/\/www.tgrthaber.com\/mavikadin\/wp-content\/uploads\/Bulent-Ersoy-6-300x169.jpg 300w, https:\/\/www.tgrthaber.com\/mavikadin\/wp-content\/uploads\/Bulent-Ersoy-6-768x432.jpg 768w, https:\/\/www.tgrthaber.com\/mavikadin\/wp-content\/uploads\/Bulent-Ersoy-6-1536x864.jpg 1536w, https:\/\/www.tgrthaber.com\/mavikadin\/wp-content\/uploads\/Bulent-Ersoy-6.jpg 1600w\" sizes=\"(max-width: 1208px) 100vw, 1208px\" \/><\/p>\n<hr \/>\n<p>Ba\u015far\u0131l\u0131 sanat\u00e7\u0131 ki\u015fili\u011finin yan\u0131 s\u0131ra \u00f6zel hayat\u0131yla da s\u0131k s\u0131k g\u00fcndeme gelen B\u00fclent Ersoy, yapt\u0131\u011f\u0131 a\u00e7\u0131klamalar ve sosyal medya payla\u015f\u0131mlar\u0131yla dikkat \u00e7ekmeye devam ediyor. Magazin d\u00fcnyas\u0131n\u0131n g\u00fcndeminden d\u00fc\u015fmek bilmeyen Ersoy, bu kez hayat\u0131n\u0131n film olmas\u0131yla g\u00fcndeme geliyor. Ersoy\u2019un hayat\u0131 ve bilinmeyen y\u00f6nleri, beyazperdeye ta\u015f\u0131n\u0131yor. Ersoy, hayranlar\u0131 ise filmde kimlerin yer alaca\u011f\u0131n\u0131 ve ba\u015frolde kimin oynayaca\u011f\u0131n\u0131 merak ediyor.<\/p>\n<h3>\u00a0B\u00dcLENT ERSOY\u2019UN F\u0130LM\u0130NDE K\u0130MLER OYNAYACAK?<\/h3>\n<p>Ba\u015far\u0131l\u0131 sanat\u00e7\u0131 ki\u015fili\u011fiyle ad\u0131ndan s\u0131k s\u0131k s\u00f6z ettiren B\u00fclent Ersoy\u2019un hayat\u0131 film oluyor. Senaryo haz\u0131rl\u0131klar\u0131 biten filmde hangi oyuncular\u0131n yer alaca\u011f\u0131 da merakla bekleniyor. Orchestra Content imzas\u0131 ta\u015f\u0131yan filmin senaryosunu Mine \u015eeng\u00f6z kaleme ald\u0131. Filmde Ersoy\u2019un, kendine \u00f6zg\u00fc tarz\u0131 ve sevilen sanat\u00e7\u0131 ki\u015fili\u011fi konu al\u0131nacak.<\/p>\n<p><img loading=\"lazy\" decoding=\"async\" class=\"alignnone wp-image-132687\" src=\"https:\/\/www.tgrthaber.com\/mavikadin\/wp-content\/uploads\/Bulent-Ersoy-4-1024x576.jpg\" alt=\"B\u00fclent Ersoy\u2019un filminde kimler oynayacak? \" width=\"1208\" height=\"680\" title=\"\" srcset=\"https:\/\/www.tgrthaber.com\/mavikadin\/wp-content\/uploads\/Bulent-Ersoy-4-1024x576.jpg 1024w, https:\/\/www.tgrthaber.com\/mavikadin\/wp-content\/uploads\/Bulent-Ersoy-4-300x169.jpg 300w, https:\/\/www.tgrthaber.com\/mavikadin\/wp-content\/uploads\/Bulent-Ersoy-4-768x432.jpg 768w, https:\/\/www.tgrthaber.com\/mavikadin\/wp-content\/uploads\/Bulent-Ersoy-4-1536x864.jpg 1536w, https:\/\/www.tgrthaber.com\/mavikadin\/wp-content\/uploads\/Bulent-Ersoy-4.jpg 1600w\" sizes=\"(max-width: 1208px) 100vw, 1208px\" \/><\/p>\n<hr \/>\n<p>B\u00fclent Ersoy\u2019un hayat\u0131n\u0131 konu alacak filmin senaryo ve sahne \u00e7al\u0131\u015fmalar\u0131n\u0131n may\u0131s ay\u0131nda tamamlanmas\u0131 planlan\u0131yor. Ersoy, Mine \u015eeng\u00f6z\u2019\u00fcn kaleme ald\u0131\u011f\u0131 senaryoyu okuyup, imzalad\u0131\u011f\u0131 anlar\u0131 sosyal medya hesab\u0131ndan payla\u015ft\u0131. Ersoy\u2019un hayat\u0131n\u0131 konu alan film, seyirciyle bulu\u015fmak i\u00e7in haz\u0131rl\u0131klar\u0131na devam ediyor. B\u00fclent Ersoy\u2019un hayat\u0131n\u0131 konu alan filmin oyuncu kadrosunda kimlerin yer alaca\u011f\u0131 hen\u00fcz bilinmiyor.<\/p>\n<p><img loading=\"lazy\" decoding=\"async\" class=\"alignnone wp-image-132689\" src=\"https:\/\/www.tgrthaber.com\/mavikadin\/wp-content\/uploads\/Bulent-Ersoy-3-1024x576.jpg\" alt=\"B\u00fclent Ersoy\u2019un filminde kimler oynayacak? \" width=\"1208\" height=\"680\" title=\"\" srcset=\"https:\/\/www.tgrthaber.com\/mavikadin\/wp-content\/uploads\/Bulent-Ersoy-3-1024x576.jpg 1024w, https:\/\/www.tgrthaber.com\/mavikadin\/wp-content\/uploads\/Bulent-Ersoy-3-300x169.jpg 300w, https:\/\/www.tgrthaber.com\/mavikadin\/wp-content\/uploads\/Bulent-Ersoy-3-768x432.jpg 768w, https:\/\/www.tgrthaber.com\/mavikadin\/wp-content\/uploads\/Bulent-Ersoy-3-1536x864.jpg 1536w, https:\/\/www.tgrthaber.com\/mavikadin\/wp-content\/uploads\/Bulent-Ersoy-3.jpg 1600w\" sizes=\"(max-width: 1208px) 100vw, 1208px\" \/><\/p>\n<hr \/>\n<h3>F\u0130LMDE B\u00dcLENT ERSOY\u2019U K\u0130M OYNAYACAK?<\/h3>\n<p>B\u00fclent Ersoy\u2019un hayat\u0131n\u0131 konu alacak olan film izleyici taraf\u0131ndan merakla bekleniyor. Sesiyle, sahne performans\u0131yla, enerjisiyle ve hi\u00e7 bilinmeyen y\u00f6nleriyle ilk kez izleyici kar\u015f\u0131s\u0131na \u00e7\u0131kacak olan B\u00fclent Ersoy\u2019un filminde ba\u015frol oyuncunun kim olaca\u011f\u0131 merak ediliyor. Tretman \u00e7al\u0131\u015fmas\u0131n\u0131n may\u0131s ay\u0131nda tamamlanmas\u0131 planlanan filmde B\u00fclent Ersoy\u2019u oynayacak ki\u015finin kim oldu\u011fu hen\u00fcz bilinmiyor.<\/p>\n<p><img loading=\"lazy\" decoding=\"async\" class=\"alignnone wp-image-132688\" src=\"https:\/\/www.tgrthaber.com\/mavikadin\/wp-content\/uploads\/Bulent-Ersoy-7-1024x576.jpg\" alt=\"B\u00fclent Ersoy\u2019un filminde kimler oynayacak? \" width=\"1208\" height=\"680\" title=\"\" srcset=\"https:\/\/www.tgrthaber.com\/mavikadin\/wp-content\/uploads\/Bulent-Ersoy-7-1024x576.jpg 1024w, https:\/\/www.tgrthaber.com\/mavikadin\/wp-content\/uploads\/Bulent-Ersoy-7-300x169.jpg 300w, https:\/\/www.tgrthaber.com\/mavikadin\/wp-content\/uploads\/Bulent-Ersoy-7-768x432.jpg 768w, https:\/\/www.tgrthaber.com\/mavikadin\/wp-content\/uploads\/Bulent-Ersoy-7-1536x864.jpg 1536w, https:\/\/www.tgrthaber.com\/mavikadin\/wp-content\/uploads\/Bulent-Ersoy-7.jpg 1600w\" sizes=\"(max-width: 1208px) 100vw, 1208px\" \/><\/p>\n<hr \/>\n<p>\u00dcnl\u00fc sanat\u00e7\u0131 B\u00fclent Ersoy, hayat\u0131n\u0131 konu alacak film i\u00e7in 2023 y\u0131l\u0131nda imza atm\u0131\u015f ve film teklifini kabul etmi\u015fti. Bergen filminin yap\u0131mc\u0131s\u0131 Mine \u015eeng\u00f6z, Ersoy\u2019un hayat\u0131n\u0131 konu alan filminde yap\u0131mc\u0131l\u0131\u011f\u0131n\u0131 ve senaryosunu \u00fcstlendi. Daha \u00f6nce hayat\u0131n\u0131n film olmas\u0131n\u0131 isteyen Ersoy, \u201cBen ya\u015farken insanlar do\u011frular\u0131 bilsinler. Sonradan yalan yanl\u0131\u015f bir \u015feyler olmas\u0131n\u201d ifadelerini kullanm\u0131\u015ft\u0131. Ge\u00e7ti\u011fimiz d\u00f6nemlerde Ersoy\u2019un gen\u00e7lik y\u0131llar\u0131n\u0131 Erkan Kol\u00e7ak K\u00f6stendil\u2019in oynayaca\u011f\u0131 iddialar\u0131 g\u00fcndeme gelmi\u015fti. Bunun \u00fczerine Ersoy, \u201cO \u00e7ocu\u011fu \u00e7ok be\u011feniyorum, \u00e7ok iyidir. Ama ya\u015fl\u0131&#8230;\u201d ifadelerini kullanm\u0131\u015ft\u0131.<\/p>\n","protected":false},"excerpt":{"rendered":"<p>Usta sanat\u00e7\u0131 B\u00fclent Ersoy\u2019un hayat\u0131 film oluyor. Merakla beklenen filmde oyuncular\u0131n kimler olaca\u011f\u0131 da merak ediliyor. Peki, B\u00fclent Ersoy\u2019u oynayacak ki\u015fi kim? \u0130\u015fte detaylar\u2026 <\/p>\n","protected":false},"author":26,"featured_media":132690,"comment_status":"closed","ping_status":"closed","sticky":false,"template":"","format":"standard","meta":{"rank_math_lock_modified_date":false,"footnotes":""},"categories":[76],"tags":[3768,10707,10708],"class_list":["post-132682","post","type-post","status-publish","format-standard","has-post-thumbnail","hentry","category-magazin","tag-bulent-ersoy","tag-bulent-ersoy-filmi","tag-bulent-ersoy-hayati"],"_links":{"self":[{"href":"https:\/\/www.tgrthaber.com\/mavikadin\/wp-json\/wp\/v2\/posts\/132682"}],"collection":[{"href":"https:\/\/www.tgrthaber.com\/mavikadin\/wp-json\/wp\/v2\/posts"}],"about":[{"href":"https:\/\/www.tgrthaber.com\/mavikadin\/wp-json\/wp\/v2\/types\/post"}],"author":[{"embeddable":true,"href":"https:\/\/www.tgrthaber.com\/mavikadin\/wp-json\/wp\/v2\/users\/26"}],"replies":[{"embeddable":true,"href":"https:\/\/www.tgrthaber.com\/mavikadin\/wp-json\/wp\/v2\/comments?post=132682"}],"version-history":[{"count":2,"href":"https:\/\/www.tgrthaber.com\/mavikadin\/wp-json\/wp\/v2\/posts\/132682\/revisions"}],"predecessor-version":[{"id":132692,"href":"https:\/\/www.tgrthaber.com\/mavikadin\/wp-json\/wp\/v2\/posts\/132682\/revisions\/132692"}],"wp:featuredmedia":[{"embeddable":true,"href":"https:\/\/www.tgrthaber.com\/mavikadin\/wp-json\/wp\/v2\/media\/132690"}],"wp:attachment":[{"href":"https:\/\/www.tgrthaber.com\/mavikadin\/wp-json\/wp\/v2\/media?parent=132682"}],"wp:term":[{"taxonomy":"category","embeddable":true,"href":"https:\/\/www.tgrthaber.com\/mavikadin\/wp-json\/wp\/v2\/categories?post=132682"},{"taxonomy":"post_tag","embeddable":true,"href":"https:\/\/www.tgrthaber.com\/mavikadin\/wp-json\/wp\/v2\/tags?post=132682"}],"curies":[{"name":"wp","href":"https:\/\/api.w.org\/{rel}","templated":true}]}}