{"id":132777,"date":"2025-02-12T15:37:18","date_gmt":"2025-02-12T12:37:18","guid":{"rendered":"https:\/\/www.tgrthaber.com\/mavikadin\/?p=132777"},"modified":"2025-02-12T15:37:18","modified_gmt":"2025-02-12T12:37:18","slug":"manifest-kiz-grubu-uyelerinden-zeynep-sude-oktay-kimdir-yasi-ve-kariyeri-merak-edildi","status":"publish","type":"post","link":"https:\/\/www.tgrthaber.com\/mavikadin\/manifest-kiz-grubu-uyelerinden-zeynep-sude-oktay-kimdir-yasi-ve-kariyeri-merak-edildi\/","title":{"rendered":"Manifest k\u0131z grubu \u00fcyelerinden Zeynep Sude Oktay kimdir? Ya\u015f\u0131 ve kariyeri merak edildi"},"content":{"rendered":"<p>Son zamanlarda yo\u011fun ilgi g\u00f6ren yeni k\u0131z grubu Manifest, ge\u00e7ti\u011fimiz hafta ilk \u015fark\u0131s\u0131n\u0131 yay\u0131nlam\u0131\u015f ve iyi bir \u00e7\u0131k\u0131\u015f yakalam\u0131\u015ft\u0131. Bunun \u00fczerine Manifest Grubu\u2019nun \u00fcyelerinin kim oldu\u011fu merak edildi. Toplamda 6 k\u0131z \u00fcyeden olu\u015fan grupta Zeynep Sude Oktay\u2019\u0131n kim oldu\u011fu ara\u015ft\u0131r\u0131l\u0131yor. Peki, Manifest k\u0131z grubu \u00fcyelerinden Zeynep Sude Oktay kimdir? Zeynep Sude Oktay ka\u00e7 ya\u015f\u0131nda, nereli? Zeynep Sude Oktay hakk\u0131nda merak edilenleri sizin i\u00e7in ara\u015ft\u0131rd\u0131k. \u0130\u015fte Zeynep Sude Oktay hakk\u0131nda bilinmeyenler\u2026<\/p>\n<h3>ZEYNEP SUDE OKTAY K\u0130MD\u0130R?<\/h3>\n<p>T\u00fcrkiye\u2019nin yeni k\u0131z grubu \u201cManifest\u201d iyi bir \u00e7\u0131k\u0131\u015f yaparak dikkatleri \u00fczerine \u00e7ekmeye devam ediyor. M\u00fczik severlerin b\u00fcy\u00fck bir ilgiyle kar\u015f\u0131lad\u0131\u011f\u0131 Manifest Grubu\u2019nun \u00fcyeleri birbirinden yetenekli performanslar\u0131yla ilgi \u00e7ekiyor. Manifest Grubu\u2019nun \u00fcyelerinin kimler oldu\u011fu merakla ara\u015ft\u0131r\u0131l\u0131yor. Grubun \u00fcyelerinden Zeynep Sude Oktay\u2019\u0131n kim oldu\u011fu da merak ediliyor.<\/p>\n<p><img loading=\"lazy\" decoding=\"async\" class=\"alignnone wp-image-132781\" src=\"https:\/\/www.tgrthaber.com\/mavikadin\/wp-content\/uploads\/Zeynep-Sude-Oktay-8-1024x576.jpg\" alt=\"Manifest k\u0131z grubu \u00fcyelerinden Zeynep Sude Oktay kimdir? \" width=\"1208\" height=\"680\" title=\"\" srcset=\"https:\/\/www.tgrthaber.com\/mavikadin\/wp-content\/uploads\/Zeynep-Sude-Oktay-8-1024x576.jpg 1024w, https:\/\/www.tgrthaber.com\/mavikadin\/wp-content\/uploads\/Zeynep-Sude-Oktay-8-300x169.jpg 300w, https:\/\/www.tgrthaber.com\/mavikadin\/wp-content\/uploads\/Zeynep-Sude-Oktay-8-768x432.jpg 768w, https:\/\/www.tgrthaber.com\/mavikadin\/wp-content\/uploads\/Zeynep-Sude-Oktay-8-1536x864.jpg 1536w, https:\/\/www.tgrthaber.com\/mavikadin\/wp-content\/uploads\/Zeynep-Sude-Oktay-8.jpg 1600w\" sizes=\"(max-width: 1208px) 100vw, 1208px\" \/><\/p>\n<hr \/>\n<p>Zeynep Sude Oktay, 2001 y\u0131l\u0131nda d\u00fcnyaya geldi. \u0130lkokul, ortaokul ve lise e\u011fitimini ba\u015far\u0131yla tamamlayan Oktay, y\u00fcksek\u00f6\u011frenimini Marmara \u00dcniversitesi Halkla \u0130li\u015fkiler ve Tan\u0131t\u0131m B\u00f6l\u00fcm\u00fc\u2019nde devam ettiriyor. E\u011fitim hayat\u0131n\u0131n yan\u0131 s\u0131ra ba\u015far\u0131l\u0131 dans performans\u0131yla dikkatleri \u00fczerine \u00e7eken Oktay, sosyal medya hesaplar\u0131n\u0131 da aktif olarak kullan\u0131yor. Dans ve m\u00fczikle ilgilenen Oktay\u2019\u0131n \u00f6zel hayat\u0131 hakk\u0131nda kamuoyunda pek fazla bilgi bulunmuyor. Oktay\u2019\u0131n do\u011fum tarihine ve nereli oldu\u011fu dair kesin bir bilgi bulunmuyor.<\/p>\n<h3>ZEYNEP SUDE OKTAY KA\u00c7 YA\u015eINDA, KAR\u0130YER\u0130NDE NASIL \u0130LERLED\u0130?<\/h3>\n<p>\u015eimdilerde 23-24 ya\u015flar\u0131nda olan Zeynep Sude Oktay, 5 y\u0131ld\u0131r profesyonel olarak dans ediyor. Ba\u015far\u0131l\u0131 dans\u00e7\u0131 kimli\u011fiyle \u00f6n plana \u00e7\u0131kan Oktay, bir\u00e7ok klip ve konserlerde yer ald\u0131. Profesyonel bir dans ge\u00e7mi\u015fiyle tan\u0131nan Oktay, sosyal medyada aktifli\u011fiyle de dikkatleri \u00fczerine \u00e7ekiyor. Oktay, \u015fimdilerde T\u00fcrkiye\u2019nin yeni k\u0131z grubu \u201cManifest\u201din \u00fcyelerinden biri olarak kar\u015f\u0131m\u0131za \u00e7\u0131k\u0131yor.<\/p>\n<p><img loading=\"lazy\" decoding=\"async\" class=\"alignnone wp-image-132783\" src=\"https:\/\/www.tgrthaber.com\/mavikadin\/wp-content\/uploads\/Zeynep-Sude-Oktay-2-1024x576.jpg\" alt=\"Manifest k\u0131z grubu \u00fcyelerinden Zeynep Sude Oktay kimdir? \" width=\"1208\" height=\"680\" title=\"\" srcset=\"https:\/\/www.tgrthaber.com\/mavikadin\/wp-content\/uploads\/Zeynep-Sude-Oktay-2-1024x576.jpg 1024w, https:\/\/www.tgrthaber.com\/mavikadin\/wp-content\/uploads\/Zeynep-Sude-Oktay-2-300x169.jpg 300w, https:\/\/www.tgrthaber.com\/mavikadin\/wp-content\/uploads\/Zeynep-Sude-Oktay-2-768x432.jpg 768w, https:\/\/www.tgrthaber.com\/mavikadin\/wp-content\/uploads\/Zeynep-Sude-Oktay-2-1536x864.jpg 1536w, https:\/\/www.tgrthaber.com\/mavikadin\/wp-content\/uploads\/Zeynep-Sude-Oktay-2.jpg 1600w\" sizes=\"(max-width: 1208px) 100vw, 1208px\" \/><\/p>\n<hr \/>\n<p>Profesyonel dans\u00e7\u0131 ki\u015fili\u011fiyle \u201cBig5 T\u00fcrkiye\u201d yar\u0131\u015fmas\u0131na kat\u0131lan Zeynep Sude Oktay, 15 gen\u00e7 k\u0131z\u0131n yar\u0131\u015ft\u0131\u011f\u0131 platformda finale kalan 12 k\u0131zdan biri oldu. Oktay, daha sonra finalde \u00fc\u00e7 farkl\u0131 performans sergileyerek grubun 6 \u00fcyesi aras\u0131nda 5. s\u0131rada yer almay\u0131 ba\u015fard\u0131. Oktay, yar\u0131\u015fmaya tarz\u0131n\u0131 yans\u0131tan Darth Vader kask\u0131 ve Galatasaray konser artist kart\u0131yla kat\u0131ld\u0131. \u015eimdilerde ise Manifest grubunun \u00fcyelerinden biri olarak \u00f6n plana \u00e7\u0131kan Oktay, sergiledi\u011fi dans performans\u0131yla g\u00fcndeme geliyor. Oktay, dans\u00e7\u0131 kariyerinin yan\u0131 s\u0131ra sosyal medya payla\u015f\u0131mlar\u0131yla da ad\u0131ndan s\u0131k\u00e7a s\u00f6z ettiriyor.<\/p>\n<p><img loading=\"lazy\" decoding=\"async\" class=\"alignnone wp-image-132784\" src=\"https:\/\/www.tgrthaber.com\/mavikadin\/wp-content\/uploads\/Zeynep-Sude-Oktay-1-1024x576.jpg\" alt=\"Manifest k\u0131z grubu \u00fcyelerinden Zeynep Sude Oktay kimdir? \" width=\"1208\" height=\"680\" title=\"\" srcset=\"https:\/\/www.tgrthaber.com\/mavikadin\/wp-content\/uploads\/Zeynep-Sude-Oktay-1-1024x576.jpg 1024w, https:\/\/www.tgrthaber.com\/mavikadin\/wp-content\/uploads\/Zeynep-Sude-Oktay-1-300x169.jpg 300w, https:\/\/www.tgrthaber.com\/mavikadin\/wp-content\/uploads\/Zeynep-Sude-Oktay-1-768x432.jpg 768w, https:\/\/www.tgrthaber.com\/mavikadin\/wp-content\/uploads\/Zeynep-Sude-Oktay-1-1536x864.jpg 1536w, https:\/\/www.tgrthaber.com\/mavikadin\/wp-content\/uploads\/Zeynep-Sude-Oktay-1.jpg 1600w\" sizes=\"(max-width: 1208px) 100vw, 1208px\" \/><\/p>\n<hr \/>\n<h3><strong>MAN\u0130FEST KIZ GRUBU NASIL OLU\u015eTU?<\/strong><\/h3>\n<p>T\u00fcrkiye\u2019de y\u0131llar sonra \u201cManifest\u201d ad\u0131nda yeni bir Girl Band (K\u0131z Grubu) olu\u015ftu. T\u00fcrkiye\u2019nin g\u00fcndemine bomba gibi oturan Manifest grubu, Big5 T\u00fcrkiye yar\u0131\u015fma program\u0131 arac\u0131l\u0131\u011f\u0131yla kuruldu. Big5 T\u00fcrkiye arac\u0131l\u0131\u011f\u0131yla hayata ge\u00e7irilen bu \u00e7al\u0131\u015fma T\u00fcrkiye\u2019de b\u00fcy\u00fck bir ses getirdi. Big5 T\u00fcrkiye b\u00fcy\u00fck bir emek ve b\u00fcy\u00fck bir prod\u00fcksiyonla elemelerden ge\u00e7en birbirinden yetenekli 15 gen\u00e7 k\u0131z\u0131n yar\u0131\u015ft\u0131\u011f\u0131 bir platform olarak kuruldu.<\/p>\n<p><img loading=\"lazy\" decoding=\"async\" class=\"alignnone wp-image-132785\" src=\"https:\/\/www.tgrthaber.com\/mavikadin\/wp-content\/uploads\/Zeynep-Sude-Oktay-6-1024x576.jpg\" alt=\"Manifest k\u0131z grubu \u00fcyelerinden Zeynep Sude Oktay kimdir? \" width=\"1208\" height=\"680\" title=\"\" srcset=\"https:\/\/www.tgrthaber.com\/mavikadin\/wp-content\/uploads\/Zeynep-Sude-Oktay-6-1024x576.jpg 1024w, https:\/\/www.tgrthaber.com\/mavikadin\/wp-content\/uploads\/Zeynep-Sude-Oktay-6-300x169.jpg 300w, https:\/\/www.tgrthaber.com\/mavikadin\/wp-content\/uploads\/Zeynep-Sude-Oktay-6-768x432.jpg 768w, https:\/\/www.tgrthaber.com\/mavikadin\/wp-content\/uploads\/Zeynep-Sude-Oktay-6-1536x864.jpg 1536w, https:\/\/www.tgrthaber.com\/mavikadin\/wp-content\/uploads\/Zeynep-Sude-Oktay-6.jpg 1600w\" sizes=\"(max-width: 1208px) 100vw, 1208px\" \/><\/p>\n<hr \/>\n<p>Big5 T\u00fcrkiye platformunda yar\u0131\u015fan 15 k\u0131z; danslar ederek, \u015fark\u0131lar s\u00f6yleyerek ve styling haz\u0131rlayarak k\u0131yas\u0131ya m\u00fccadele etti. 15 gen\u00e7 k\u0131z aras\u0131ndan 12\u2019si finale kald\u0131. Finale kalan \u00fcyelerden sadece 6 tanesi \u201cManifest\u201d grubunda yer almay\u0131 ba\u015fard\u0131. Yar\u0131\u015fmada b\u00fcy\u00fck bir \u00f6zenle performanslar\u0131n\u0131 sergileyen k\u0131zlar, elenmemek i\u00e7in ellerinden geleni yapt\u0131. Hem ciddi bir rekabetin yer ald\u0131\u011f\u0131 hem de g\u00fczel bir ekip ruhunun olu\u015ftu\u011fu yar\u0131\u015fmada grup \u00fcyeleri se\u00e7ildi.<\/p>\n<h3><strong>MAN\u0130FEST GRUBU K\u0130MLERDEN OLU\u015eUYOR?<\/strong><\/h3>\n<p>Big5 T\u00fcrkiye arac\u0131l\u0131\u011f\u0131yla b\u00fcy\u00fck bir \u00e7al\u0131\u015fma ve azim sonucunda olu\u015fan Manifest grubu birbirinden ba\u015far\u0131l\u0131 6 gen\u00e7 k\u0131z\u0131n yer ald\u0131\u011f\u0131 bir k\u0131z grubu olarak kar\u015f\u0131m\u0131za \u00e7\u0131k\u0131yor. 15 gen\u00e7 k\u0131z aras\u0131ndan ba\u015far\u0131l\u0131 performanslar\u0131yla kendilerini ispatlayan ve grubun \u00fcyesi olmaya hak kazanan 6 k\u0131z Manifest grubunu olu\u015fturdu.<\/p>\n<p><img loading=\"lazy\" decoding=\"async\" class=\"alignnone wp-image-132786\" src=\"https:\/\/www.tgrthaber.com\/mavikadin\/wp-content\/uploads\/Zeynep-Sude-Oktay-5-1024x576.jpg\" alt=\"Manifest k\u0131z grubu \u00fcyelerinden Zeynep Sude Oktay kimdir? \" width=\"1208\" height=\"680\" title=\"\" srcset=\"https:\/\/www.tgrthaber.com\/mavikadin\/wp-content\/uploads\/Zeynep-Sude-Oktay-5-1024x576.jpg 1024w, https:\/\/www.tgrthaber.com\/mavikadin\/wp-content\/uploads\/Zeynep-Sude-Oktay-5-300x169.jpg 300w, https:\/\/www.tgrthaber.com\/mavikadin\/wp-content\/uploads\/Zeynep-Sude-Oktay-5-768x432.jpg 768w, https:\/\/www.tgrthaber.com\/mavikadin\/wp-content\/uploads\/Zeynep-Sude-Oktay-5-1536x864.jpg 1536w, https:\/\/www.tgrthaber.com\/mavikadin\/wp-content\/uploads\/Zeynep-Sude-Oktay-5.jpg 1600w\" sizes=\"(max-width: 1208px) 100vw, 1208px\" \/><\/p>\n<hr \/>\n<p>Manifest grubunda birbirinden yetenekli isimler yer al\u0131yor.\u00a0Zeynep Sude Oktay, Mina Solak, Esin Bahat, Hilal Yelek\u00e7i ve Sueda Uluca Manifest Grubu\u2019nun \u00fcyeleri olarak \u00f6n plana \u00e7\u0131k\u0131yor.<\/p>\n","protected":false},"excerpt":{"rendered":"<p>Son zamanlarda g\u00fcndeme bomba gibi oturan Manifest Grubu, dikkat \u00e7ekmeye devam ediyor. Grubun \u00fcyelerinin kim oldu\u011fu da merak ediliyor. Peki, Manifest k\u0131z grubu \u00fcyelerinden Zeynep Sude Oktay kimdir? \u0130\u015fte detaylar\u2026 <\/p>\n","protected":false},"author":26,"featured_media":132780,"comment_status":"closed","ping_status":"closed","sticky":false,"template":"","format":"standard","meta":{"rank_math_lock_modified_date":false,"footnotes":""},"categories":[491],"tags":[10171,10172,10533,10722],"class_list":["post-132777","post","type-post","status-publish","format-standard","has-post-thumbnail","hentry","category-biyografi","tag-manifes-kiz-grubu","tag-manifest","tag-manifest-grubu","tag-manifest-zeynep-sude-oktay"],"_links":{"self":[{"href":"https:\/\/www.tgrthaber.com\/mavikadin\/wp-json\/wp\/v2\/posts\/132777"}],"collection":[{"href":"https:\/\/www.tgrthaber.com\/mavikadin\/wp-json\/wp\/v2\/posts"}],"about":[{"href":"https:\/\/www.tgrthaber.com\/mavikadin\/wp-json\/wp\/v2\/types\/post"}],"author":[{"embeddable":true,"href":"https:\/\/www.tgrthaber.com\/mavikadin\/wp-json\/wp\/v2\/users\/26"}],"replies":[{"embeddable":true,"href":"https:\/\/www.tgrthaber.com\/mavikadin\/wp-json\/wp\/v2\/comments?post=132777"}],"version-history":[{"count":2,"href":"https:\/\/www.tgrthaber.com\/mavikadin\/wp-json\/wp\/v2\/posts\/132777\/revisions"}],"predecessor-version":[{"id":132788,"href":"https:\/\/www.tgrthaber.com\/mavikadin\/wp-json\/wp\/v2\/posts\/132777\/revisions\/132788"}],"wp:featuredmedia":[{"embeddable":true,"href":"https:\/\/www.tgrthaber.com\/mavikadin\/wp-json\/wp\/v2\/media\/132780"}],"wp:attachment":[{"href":"https:\/\/www.tgrthaber.com\/mavikadin\/wp-json\/wp\/v2\/media?parent=132777"}],"wp:term":[{"taxonomy":"category","embeddable":true,"href":"https:\/\/www.tgrthaber.com\/mavikadin\/wp-json\/wp\/v2\/categories?post=132777"},{"taxonomy":"post_tag","embeddable":true,"href":"https:\/\/www.tgrthaber.com\/mavikadin\/wp-json\/wp\/v2\/tags?post=132777"}],"curies":[{"name":"wp","href":"https:\/\/api.w.org\/{rel}","templated":true}]}}