{"id":132832,"date":"2025-02-12T16:45:11","date_gmt":"2025-02-12T13:45:11","guid":{"rendered":"https:\/\/www.tgrthaber.com\/mavikadin\/?p=132832"},"modified":"2025-02-12T17:13:17","modified_gmt":"2025-02-12T14:13:17","slug":"devrim-ozkan-nasil-unlu-oldu-ilk-kez-paylasti","status":"publish","type":"post","link":"https:\/\/www.tgrthaber.com\/mavikadin\/devrim-ozkan-nasil-unlu-oldu-ilk-kez-paylasti\/","title":{"rendered":"Devrim \u00d6zkan nas\u0131l \u00fcnl\u00fc oldu? \u0130lk kez payla\u015ft\u0131"},"content":{"rendered":"<p>\u00dcnl\u00fc oyuncu Devrim \u00d6zkan\u2019\u0131n nas\u0131l \u00fcnl\u00fc oldu\u011fu merak ediliyor. Sosyal medya payla\u015f\u0131mlar\u0131yla dikkat \u00e7eken \u00d6zkan yapt\u0131\u011f\u0131 son payla\u015f\u0131mla takip\u00e7ilerinin ilgisini \u00e7ekti.<br \/>\nOynad\u0131\u011f\u0131 rollerle kendine hayran b\u0131rakan Devrim \u00d6zkan bir s\u00fcredir a\u015fk hayat\u0131yla g\u00fcndemde yer bulunuyor. Peki Devrim \u00d6zkan nas\u0131l \u00fcnl\u00fc oldu?<\/p>\n<h3>DEVR\u0130M \u00d6ZKAN NASIL \u00dcNL\u00dc OLDU?<\/h3>\n<p>\u00c7alkant\u0131l\u0131 a\u015fk hayat\u0131yla magazin g\u00fcndeminden d\u00fc\u015fmeyen Devrim \u00d6zkan\u2019\u0131n sosyal medya hesab\u0131ndan yapt\u0131\u011f\u0131 payla\u015f\u0131m olduk\u00e7a ilgi g\u00f6rd\u00fc. Kendisine hen\u00fcz 9 ya\u015f\u0131ndayken oyuncu olmas\u0131 gerekti\u011fini s\u00f6yleyen \u00f6\u011fretmeniyle bir kare yay\u0131nlayan \u00d6zkan \u015fu ifadelere yer verdi:<\/p>\n<p>\u201c\u00d6\u011fretmenim&#8230; 9 ya\u015f\u0131ndayd\u0131m daha tiyatro ne demek bilmiyorum. Bana hayat\u0131mda ilk kez &#8216;Sen oyuncu olmal\u0131s\u0131n, konservatuara gitmelisin&#8217; diyerek, hayat\u0131m\u0131 de\u011fi\u015ftiren insan&#8230; \u00d6\u011fretmen, abi, baba, dost&#8230; 17 sene sonra art\u0131k bir &#8216;oyuncu&#8217; olarak sizi setimde a\u011f\u0131rlamak ne b\u00fcy\u00fck gurur. \u0130yi ki geldiniz. \u0130yi ki 17 sene \u00f6nce her zaman yapt\u0131\u011f\u0131n\u0131z gibi bir \u00e7ocu\u011fun kalbine dokundunuz. Te\u015fekk\u00fcr ederim. Minnettar\u0131m.\u201d<\/p>\n<p><img loading=\"lazy\" decoding=\"async\" class=\"alignnone wp-image-132834\" src=\"https:\/\/www.tgrthaber.com\/mavikadin\/wp-content\/uploads\/Devrim-Ozkan2.jpg\" alt=\"\" width=\"1208\" height=\"680\" title=\"\" srcset=\"https:\/\/www.tgrthaber.com\/mavikadin\/wp-content\/uploads\/Devrim-Ozkan2.jpg 1920w, https:\/\/www.tgrthaber.com\/mavikadin\/wp-content\/uploads\/Devrim-Ozkan2-300x169.jpg 300w, https:\/\/www.tgrthaber.com\/mavikadin\/wp-content\/uploads\/Devrim-Ozkan2-1024x576.jpg 1024w, https:\/\/www.tgrthaber.com\/mavikadin\/wp-content\/uploads\/Devrim-Ozkan2-768x432.jpg 768w, https:\/\/www.tgrthaber.com\/mavikadin\/wp-content\/uploads\/Devrim-Ozkan2-1536x864.jpg 1536w\" sizes=\"(max-width: 1208px) 100vw, 1208px\" \/><\/p>\n<hr \/>\n<h3>DEVR\u0130M \u00d6ZKAN\u2019IN LUCAS TORRE\u0130RA \u0130LE SON DURUMU NED\u0130R?<\/h3>\n<p>Devrim \u00d6zkan ile Galatasaray&#8217;\u0131n y\u0131ld\u0131z oyuncusu Lucas Torreira ayr\u0131ld\u0131. 2023 y\u0131l\u0131nda beraberlikleri ba\u015flayan \u00e7ift zaman zaman ayr\u0131l\u0131k haberleriyle g\u00fcndem oldu. \u00c7ift son olarak ili\u015fkilerini tamamen bitirme karar\u0131 ald\u0131.<\/p>\n<p>A\u015fk hayat\u0131yla ilgili sorular\u0131 cevaplayan \u00d6zkan, ayr\u0131l\u0131k haberlerini do\u011frulad\u0131. &#8216;Sevgi bitti mi?&#8217; sorusuna g\u00fczel oyuncu, &#8220;Hayat, ili\u015fki bitti bunu do\u011frulayabilirim. Dedi\u011fim gibi herkes kendi hayat\u0131na bak\u0131yor \u015fu anda. B\u00f6ylesi daha iyi oldu bizim i\u00e7in. G\u00fczel bir \u015fekilde yollar\u0131m\u0131z\u0131 ay\u0131rma karar\u0131 ald\u0131k&#8221; ifadelerini kullanm\u0131\u015ft\u0131.<\/p>\n<p><img loading=\"lazy\" decoding=\"async\" class=\"alignnone wp-image-132835\" src=\"https:\/\/www.tgrthaber.com\/mavikadin\/wp-content\/uploads\/Devrim-Ozkan4.jpg\" alt=\"\" width=\"1208\" height=\"680\" title=\"\" srcset=\"https:\/\/www.tgrthaber.com\/mavikadin\/wp-content\/uploads\/Devrim-Ozkan4.jpg 1920w, https:\/\/www.tgrthaber.com\/mavikadin\/wp-content\/uploads\/Devrim-Ozkan4-300x169.jpg 300w, https:\/\/www.tgrthaber.com\/mavikadin\/wp-content\/uploads\/Devrim-Ozkan4-1024x576.jpg 1024w, https:\/\/www.tgrthaber.com\/mavikadin\/wp-content\/uploads\/Devrim-Ozkan4-768x432.jpg 768w, https:\/\/www.tgrthaber.com\/mavikadin\/wp-content\/uploads\/Devrim-Ozkan4-1536x864.jpg 1536w\" sizes=\"(max-width: 1208px) 100vw, 1208px\" \/><\/p>\n<hr \/>\n<h3>\u201cSEVG\u0130N\u0130 G\u00d6STEREB\u0130L\u0130RS\u0130N, AMA O SINIRI A\u015eMASINA FIRSAT VERME\u201d<\/h3>\n<p>Devrim \u00d6zkan kat\u0131ld\u0131\u011f\u0131 bir programda &#8220;Hayat\u0131nda ne kadar \u00e7ok seversen sev, o ki\u015finin veya ili\u015fkinin senin hayallerinden vazge\u00e7mene neden olmas\u0131na izin verme. Sevgini g\u00f6sterebilirsin, ama o s\u0131n\u0131r\u0131 a\u015fmas\u0131na f\u0131rsat verme&#8221; demi\u015fti.<\/p>\n","protected":false},"excerpt":{"rendered":"<p>Oyuncu Devrim \u00d6zkan nas\u0131l \u00fcnl\u00fc oldu merak konusu oldu. Sosyal medya payla\u015f\u0131mlar\u0131yla dikkat \u00e7eken \u00fcnl\u00fc isim son olarak hen\u00fcz 9 ya\u015f\u0131nda oyuncu olmas\u0131 gerekti\u011fini s\u00f6yleyen \u00f6\u011fretmeniyle foto\u011fraf payla\u015ft\u0131.<\/p>\n","protected":false},"author":5,"featured_media":132833,"comment_status":"closed","ping_status":"closed","sticky":false,"template":"","format":"standard","meta":{"rank_math_lock_modified_date":false,"footnotes":""},"categories":[76],"tags":[159],"class_list":["post-132832","post","type-post","status-publish","format-standard","has-post-thumbnail","hentry","category-magazin","tag-devrim-ozkan"],"_links":{"self":[{"href":"https:\/\/www.tgrthaber.com\/mavikadin\/wp-json\/wp\/v2\/posts\/132832"}],"collection":[{"href":"https:\/\/www.tgrthaber.com\/mavikadin\/wp-json\/wp\/v2\/posts"}],"about":[{"href":"https:\/\/www.tgrthaber.com\/mavikadin\/wp-json\/wp\/v2\/types\/post"}],"author":[{"embeddable":true,"href":"https:\/\/www.tgrthaber.com\/mavikadin\/wp-json\/wp\/v2\/users\/5"}],"replies":[{"embeddable":true,"href":"https:\/\/www.tgrthaber.com\/mavikadin\/wp-json\/wp\/v2\/comments?post=132832"}],"version-history":[{"count":2,"href":"https:\/\/www.tgrthaber.com\/mavikadin\/wp-json\/wp\/v2\/posts\/132832\/revisions"}],"predecessor-version":[{"id":132838,"href":"https:\/\/www.tgrthaber.com\/mavikadin\/wp-json\/wp\/v2\/posts\/132832\/revisions\/132838"}],"wp:featuredmedia":[{"embeddable":true,"href":"https:\/\/www.tgrthaber.com\/mavikadin\/wp-json\/wp\/v2\/media\/132833"}],"wp:attachment":[{"href":"https:\/\/www.tgrthaber.com\/mavikadin\/wp-json\/wp\/v2\/media?parent=132832"}],"wp:term":[{"taxonomy":"category","embeddable":true,"href":"https:\/\/www.tgrthaber.com\/mavikadin\/wp-json\/wp\/v2\/categories?post=132832"},{"taxonomy":"post_tag","embeddable":true,"href":"https:\/\/www.tgrthaber.com\/mavikadin\/wp-json\/wp\/v2\/tags?post=132832"}],"curies":[{"name":"wp","href":"https:\/\/api.w.org\/{rel}","templated":true}]}}