{"id":132882,"date":"2025-02-12T18:20:19","date_gmt":"2025-02-12T15:20:19","guid":{"rendered":"https:\/\/www.tgrthaber.com\/mavikadin\/?p=132882"},"modified":"2025-02-12T18:20:19","modified_gmt":"2025-02-12T15:20:19","slug":"sahipsizler-dizisinde-devranin-sevgilisi-vera-kim-yasemin-szawlowskinin-yasi-ve-nereli-oldugu-arastiriliyor","status":"publish","type":"post","link":"https:\/\/www.tgrthaber.com\/mavikadin\/sahipsizler-dizisinde-devranin-sevgilisi-vera-kim-yasemin-szawlowskinin-yasi-ve-nereli-oldugu-arastiriliyor\/","title":{"rendered":"Sahipsizler dizisinde Devran\u2019\u0131n sevgilisi Vera kim? Yasemin Szawlowski\u2019nin ya\u015f\u0131 ve nereli oldu\u011fu ara\u015ft\u0131r\u0131l\u0131yor"},"content":{"rendered":"<p>Star TV ekranlar\u0131n\u0131n sevilen dizileri aras\u0131nda yer alan Sahipsizler hem konusu hem de g\u00fc\u00e7l\u00fc oyuncu kadrosuyla dikkat \u00e7ekmeye devam ediyor. Diziye ge\u00e7ti\u011fimiz haftalarda Devran\u2019\u0131n sevgilisi rol\u00fcnde \u201cVera\u201d karakteri dahil olmu\u015ftu. Vera karakterini kimin oynad\u0131\u011f\u0131 ise izleyiciler taraf\u0131ndan merak edildi. Peki, Sahipsizler dizisinde Devran\u2019\u0131n sevgilisi Vera kim? Sahipsizler dizisinin Vera\u2019s\u0131 Yasemin Szawlowski kimdir? Yasemin Szawlowski ka\u00e7 ya\u015f\u0131nda, nereli? Yasemin Szawlowski hakk\u0131nda merak edilenleri sizin i\u00e7in ara\u015ft\u0131rd\u0131k. \u0130\u015fte Yasemin Szawlowski hakk\u0131nda bilinmeyenler\u2026<\/p>\n<h3>SAH\u0130PS\u0130ZLER DEVRAN\u2019IN SEVG\u0130L\u0130S\u0130 VERA K\u0130MD\u0130R?<\/h3>\n<p>Son zamanlar\u0131n b\u00fcy\u00fck bir ilgiyle takip edilen dizileri aras\u0131nda yer alan Sahipsizler, reytinglerdeki ba\u015far\u0131s\u0131yla dikkatleri \u00fczerine \u00e7ekmeye devam ediyor. Hem konusu hem de g\u00fc\u00e7l\u00fc oyuncu kadrosuyla seyirciyi ekran ba\u015f\u0131na kilitleyen Sahipsizler, ge\u00e7ti\u011fimiz haftalarda oyuncu kadrosuna yeni bir isim eklemi\u015fti. Ba\u015far\u0131l\u0131 oyunculu\u011fuyla ad\u0131ndan s\u00f6z ettiren Burak Berkay Akg\u00fcl, diziye \u201cDevran\u201d karakteriyle dahil olmu\u015ftu.<\/p>\n<p><img loading=\"lazy\" decoding=\"async\" class=\"alignnone wp-image-132889\" src=\"https:\/\/www.tgrthaber.com\/mavikadin\/wp-content\/uploads\/Yasemin-Szawlowski-3-1024x576.jpg\" alt=\"Yasemin Szawlowski\" width=\"1208\" height=\"680\" title=\"\" srcset=\"https:\/\/www.tgrthaber.com\/mavikadin\/wp-content\/uploads\/Yasemin-Szawlowski-3-1024x576.jpg 1024w, https:\/\/www.tgrthaber.com\/mavikadin\/wp-content\/uploads\/Yasemin-Szawlowski-3-300x169.jpg 300w, https:\/\/www.tgrthaber.com\/mavikadin\/wp-content\/uploads\/Yasemin-Szawlowski-3-768x432.jpg 768w, https:\/\/www.tgrthaber.com\/mavikadin\/wp-content\/uploads\/Yasemin-Szawlowski-3-1536x864.jpg 1536w, https:\/\/www.tgrthaber.com\/mavikadin\/wp-content\/uploads\/Yasemin-Szawlowski-3.jpg 1600w\" sizes=\"(max-width: 1208px) 100vw, 1208px\" \/><\/p>\n<hr \/>\n<p>Azize, Yavuz ve Hamiyet taraf\u0131ndan Mardin\u2019e g\u00f6t\u00fcr\u00fclm\u00fc\u015f ve kan davas\u0131n\u0131 sonland\u0131rmak i\u00e7in Devran ile evlenmeye zorlanm\u0131\u015ft\u0131. Seyirci taraf\u0131ndan b\u00fcy\u00fck bir ilgiyle kar\u015f\u0131lanan Devran karakterinin \u0130stanbul\u2019daki sevgilisi Vera ortaya \u00e7\u0131km\u0131\u015ft\u0131. Azize ile anla\u015fma yaparak evlenen Devran\u2019\u0131n sevgilisi Vera ge\u00e7ti\u011fimiz b\u00f6l\u00fcmlere damga vurmu\u015ftu. Vera karakteri, dizinin 12 \u015eubat bu ak\u015fam yay\u0131nlanacak olan yeni b\u00f6l\u00fcm\u00fcne de damga vuracak gibi g\u00f6z\u00fck\u00fcyor.<\/p>\n<h3>YASEM\u0130N SZAWLOWSK\u0130 K\u0130MD\u0130R?<\/h3>\n<p>Yasemin Szawlowski, 29 A\u011fustos 1992 tarihinde Londra\u2019da d\u00fcnyaya geldi. Szawlowski, hen\u00fcz 3 ya\u015f\u0131ndayken Londra\u2019dan \u0130stanbul\u2019a ta\u015f\u0131nd\u0131. Szawlowski, emekli edebiyat \u00f6\u011fretmeni anneannesinin yan\u0131nda b\u00fcy\u00fcde ve onun arac\u0131l\u0131\u011f\u0131yla T\u00fcrk\u00e7e \u00f6\u011frendi. Szawlowski, 6 ya\u015f\u0131ndayken televizyonda izledi\u011fi bale g\u00f6sterisinden etkilenerek bale dersleri almaya ba\u015flad\u0131. Yakla\u015f\u0131k 13 y\u0131l boyunca bale, opera ve \u00e7ocuk oyunlar\u0131nda sahne alan Szawlowski, Atat\u00fcrk K\u00fclt\u00fcr Merkezi \u00c7ocuk Balesi&#8217;nde s\u00f6zle\u015fmeli dans\u00e7\u0131 olarak g\u00f6rev yapt\u0131.<\/p>\n<p><img loading=\"lazy\" decoding=\"async\" class=\"alignnone wp-image-132891\" src=\"https:\/\/www.tgrthaber.com\/mavikadin\/wp-content\/uploads\/Yasemin-Szawlowski-6-1024x576.jpg\" alt=\"Yasemin Szawlowski\" width=\"1208\" height=\"680\" title=\"\" srcset=\"https:\/\/www.tgrthaber.com\/mavikadin\/wp-content\/uploads\/Yasemin-Szawlowski-6-1024x576.jpg 1024w, https:\/\/www.tgrthaber.com\/mavikadin\/wp-content\/uploads\/Yasemin-Szawlowski-6-300x169.jpg 300w, https:\/\/www.tgrthaber.com\/mavikadin\/wp-content\/uploads\/Yasemin-Szawlowski-6-768x432.jpg 768w, https:\/\/www.tgrthaber.com\/mavikadin\/wp-content\/uploads\/Yasemin-Szawlowski-6-1536x864.jpg 1536w, https:\/\/www.tgrthaber.com\/mavikadin\/wp-content\/uploads\/Yasemin-Szawlowski-6.jpg 1600w\" sizes=\"(max-width: 1208px) 100vw, 1208px\" \/><\/p>\n<hr \/>\n<p>\u0130lkokul, ortaokul ve lise e\u011fitimini ba\u015far\u0131yla tamamlayan Yasemin Szawlowski, y\u00fcksek\u00f6\u011frenimini\u00a0\u0130stanbul \u00dcniversitesi Devlet Konservatuvar\u0131 Bale B\u00f6l\u00fcm\u00fc&#8217;nde tamamlayarak mezun oldu. Szawlowski, ayn\u0131 zamanda yine \u0130stanbul \u00dcniversitesi Devlet Konservatuar\u0131\u2019nda tiyatro b\u00f6l\u00fcm\u00fcn\u00fc de bitirdi.\u00a0Oyunculuk kariyerine bale yaparak ba\u015flayan Szawlowski, T\u00fcrk sinema ve televizyon d\u00fcnyas\u0131nda bir\u00e7ok ba\u015far\u0131l\u0131 projede yer ald\u0131.<\/p>\n<h3>YASEM\u0130N SZAWLOWSK\u0130 KA\u00c7 YA\u015eINDA, NEREL\u0130?<\/h3>\n<p>\u015eimdilerde 32 ya\u015f\u0131nda olan ba\u015far\u0131l\u0131 oyuncu Yasemin Szawlowski, Polonya k\u00f6kenli bir ailenin \u00e7ocu\u011fu olarak d\u00fcnyaya gelmi\u015ftir. Annesi T\u00fcrk, babas\u0131 ise Polonya as\u0131ll\u0131 bir \u0130ngiliz olan Szawlowski, Londra\u2019da do\u011fmu\u015ftur. Szawlowski\u2019nin T\u00fcrk annesi, Y\u0131ld\u0131z Teknik \u00dcniversitesi Mimarl\u0131k B\u00f6l\u00fcm\u00fc&#8217;nde \u00f6\u011fretim g\u00f6revlisi olarak \u00e7al\u0131\u015fm\u0131\u015ft\u0131r.<\/p>\n<p><img loading=\"lazy\" decoding=\"async\" class=\"alignnone wp-image-132895\" src=\"https:\/\/www.tgrthaber.com\/mavikadin\/wp-content\/uploads\/Adsiz-tasarim-36-30-1024x576.jpg\" alt=\"Yasemin Szawlowski\" width=\"1208\" height=\"680\" title=\"\" srcset=\"https:\/\/www.tgrthaber.com\/mavikadin\/wp-content\/uploads\/Adsiz-tasarim-36-30-1024x576.jpg 1024w, https:\/\/www.tgrthaber.com\/mavikadin\/wp-content\/uploads\/Adsiz-tasarim-36-30-300x169.jpg 300w, https:\/\/www.tgrthaber.com\/mavikadin\/wp-content\/uploads\/Adsiz-tasarim-36-30-768x432.jpg 768w, https:\/\/www.tgrthaber.com\/mavikadin\/wp-content\/uploads\/Adsiz-tasarim-36-30-1536x864.jpg 1536w, https:\/\/www.tgrthaber.com\/mavikadin\/wp-content\/uploads\/Adsiz-tasarim-36-30.jpg 1600w\" sizes=\"(max-width: 1208px) 100vw, 1208px\" \/><\/p>\n<hr \/>\n<h3>YASEM\u0130N SZAWLOWSK\u0130 KAR\u0130YER\u0130NDE NASIL \u0130LERLED\u0130?<\/h3>\n<p>Oyunculuk hayat\u0131na bale g\u00f6sterileriyle ba\u015flayan Yasemin Szawlowski, ilk profesyonel oyunculuk deneyimini 2019 y\u0131l\u0131nda \u201cKap\u0131\u201d adl\u0131 filmde \u201cIngrid\u201d karakteri ile ger\u00e7ekle\u015ftirdi. Filmde Kadir \u0130nan\u0131r, Erdal Be\u015fik\u00e7io\u011flu, Vahide Per\u00e7in, Timur Acar ve Ayb\u00fcke Pusat\u00a0usta isimlerle bir arada \u00e7al\u0131\u015fan Szawlowski, \u201cIngrid\u201d rol\u00fcyle dikkatleri \u00fczerine \u00e7ekti. Szawlowski, daha sonra 2020 y\u0131l\u0131nda \u201cRise of Empires: Ottoman\u201d adl\u0131 tarihi dizide \u201cAnastasia\u201d karakterini oynad\u0131. Szawlowski, Anastasia karakteriyle b\u00fcy\u00fc bir ilgi toplad\u0131.<\/p>\n<p><img loading=\"lazy\" decoding=\"async\" class=\"alignnone wp-image-132894\" src=\"https:\/\/www.tgrthaber.com\/mavikadin\/wp-content\/uploads\/Yasemin-Szawlowski-2-1024x576.jpg\" alt=\"Yasemin Szawlowski\" width=\"1208\" height=\"680\" title=\"\" srcset=\"https:\/\/www.tgrthaber.com\/mavikadin\/wp-content\/uploads\/Yasemin-Szawlowski-2-1024x576.jpg 1024w, https:\/\/www.tgrthaber.com\/mavikadin\/wp-content\/uploads\/Yasemin-Szawlowski-2-300x169.jpg 300w, https:\/\/www.tgrthaber.com\/mavikadin\/wp-content\/uploads\/Yasemin-Szawlowski-2-768x432.jpg 768w, https:\/\/www.tgrthaber.com\/mavikadin\/wp-content\/uploads\/Yasemin-Szawlowski-2-1536x864.jpg 1536w, https:\/\/www.tgrthaber.com\/mavikadin\/wp-content\/uploads\/Yasemin-Szawlowski-2.jpg 1600w\" sizes=\"(max-width: 1208px) 100vw, 1208px\" \/><\/p>\n<hr \/>\n<p>Yasemin Szawlowski, oyunculuk kariyerindeki en \u00f6nemli \u00e7\u0131k\u0131\u015f\u0131 2016-2017 y\u0131llar\u0131nda yay\u0131nlanan ve yay\u0131nland\u0131\u011f\u0131 d\u00f6neme damga vuran \u201cVatan\u0131m Sensin\u201d dizisindeki \u201cEleni\u201d rol\u00fcyle yakalad\u0131. Szawlowski, ayn\u0131 zamanda 2015-2016 y\u0131llar\u0131nda yay\u0131nlanan \u201cB\u00fcy\u00fck S\u00fcrg\u00fcn Kafkasya\u201d dizisindeki \u201cAy\u015fe\u201d karakteriyle de dikkatleri \u00fczerine \u00e7ekti. Hem sinema d\u00fcnyas\u0131nda hem televizyon d\u00fcnyas\u0131nda ba\u015far\u0131l\u0131 i\u015flere imza atan Szawlowski, dijital platformda yer ald\u0131\u011f\u0131 dizilerle de ad\u0131ndan s\u0131k\u00e7a s\u00f6z ettirdi.<\/p>\n<h3>YASEM\u0130N SZAWLOWSK\u0130 SAH\u0130PS\u0130ZLER D\u0130Z\u0130S\u0130YLE D\u0130KKATLER\u0130 \u00dcZER\u0130NE TOPLADI!<\/h3>\n<p>Son y\u0131llarda yine olduk\u00e7a ba\u015far\u0131l\u0131 i\u015flere imza atan Yasemin Szawlowski, \u201cReflection\u201d adl\u0131 filmde ba\u015frol oynad\u0131. Szawlowski, 2022 y\u0131l\u0131nda ise \u201cBana Karanl\u0131\u011f\u0131n\u0131 Anlat\u201d ve \u201cPera Palas&#8217;ta Gece Yar\u0131s\u0131\u201d adl\u0131 projelerde yer ald\u0131.\u00a0Pera Palas&#8217;ta Gece Yar\u0131s\u0131 adl\u0131 dijital platform dizisinde \u201cSonya\u201d karakteri ile izleyici kar\u015f\u0131s\u0131na \u00e7\u0131kan Szawlowski, 2023 y\u0131l\u0131nda \u201cT\u00fcrk Dedektif\u201d adl\u0131 dizide \u201cOlga\u201d karakteriyle televizyon ekranlar\u0131nda boy g\u00f6sterdi.<\/p>\n<p><img loading=\"lazy\" decoding=\"async\" class=\"alignnone wp-image-132890\" src=\"https:\/\/www.tgrthaber.com\/mavikadin\/wp-content\/uploads\/Yasemin-Szawlowski-5-1024x576.jpg\" alt=\"Yasemin Szawlowski\" width=\"1208\" height=\"680\" title=\"\" srcset=\"https:\/\/www.tgrthaber.com\/mavikadin\/wp-content\/uploads\/Yasemin-Szawlowski-5-1024x576.jpg 1024w, https:\/\/www.tgrthaber.com\/mavikadin\/wp-content\/uploads\/Yasemin-Szawlowski-5-300x169.jpg 300w, https:\/\/www.tgrthaber.com\/mavikadin\/wp-content\/uploads\/Yasemin-Szawlowski-5-768x432.jpg 768w, https:\/\/www.tgrthaber.com\/mavikadin\/wp-content\/uploads\/Yasemin-Szawlowski-5-1536x864.jpg 1536w, https:\/\/www.tgrthaber.com\/mavikadin\/wp-content\/uploads\/Yasemin-Szawlowski-5.jpg 1600w\" sizes=\"(max-width: 1208px) 100vw, 1208px\" \/><\/p>\n<hr \/>\n<p>\u015eimdilerde ise Star TV ekranlar\u0131n\u0131n b\u00fcy\u00fck bir ilgiyle takip edilen dizisi \u201cSahipsizler\u201dde \u201cVera\u201d karakterini oynayan Yasemin Szawlowski, ba\u015far\u0131l\u0131 performans\u0131yla dikkatleri \u00fczerine \u00e7ekmeyi ba\u015fard\u0131. Diziye ge\u00e7ti\u011fimiz haftalarda dahil olan Szawlowski, dizinin 12 \u015eubat bu ak\u015fam yay\u0131nlanacak b\u00f6l\u00fcm\u00fcnde de t\u00fcm ilgiyi \u00fczerine \u00e7ekecek gibi duruyor. \u201cVera\u201d karakterinin ilerleyen b\u00f6l\u00fcmlerdeki gidi\u015fat\u0131 da merakla bekleniyor.<\/p>\n","protected":false},"excerpt":{"rendered":"<p>Star TV ekranlar\u0131n\u0131n b\u00fcy\u00fck bir ilgiyle takip edilen dizisi Sahipsizler\u2019de Devran\u2019\u0131n sevgilisi Vera\u2019n\u0131n kim oldu\u011fu merak ediliyor. Peki, Sahipsizler dizisinde Devran\u2019\u0131n sevgilisi Vera kim? \u0130\u015fte detaylar\u2026 <\/p>\n","protected":false},"author":26,"featured_media":132888,"comment_status":"closed","ping_status":"closed","sticky":false,"template":"","format":"standard","meta":{"rank_math_lock_modified_date":false,"footnotes":""},"categories":[491],"tags":[3533,3534,10743,10744],"class_list":["post-132882","post","type-post","status-publish","format-standard","has-post-thumbnail","hentry","category-biyografi","tag-sahipsizler","tag-sahipsizler-dizisi","tag-sahipsizler-dizisi-vera","tag-yasemin-szawlowski"],"_links":{"self":[{"href":"https:\/\/www.tgrthaber.com\/mavikadin\/wp-json\/wp\/v2\/posts\/132882"}],"collection":[{"href":"https:\/\/www.tgrthaber.com\/mavikadin\/wp-json\/wp\/v2\/posts"}],"about":[{"href":"https:\/\/www.tgrthaber.com\/mavikadin\/wp-json\/wp\/v2\/types\/post"}],"author":[{"embeddable":true,"href":"https:\/\/www.tgrthaber.com\/mavikadin\/wp-json\/wp\/v2\/users\/26"}],"replies":[{"embeddable":true,"href":"https:\/\/www.tgrthaber.com\/mavikadin\/wp-json\/wp\/v2\/comments?post=132882"}],"version-history":[{"count":1,"href":"https:\/\/www.tgrthaber.com\/mavikadin\/wp-json\/wp\/v2\/posts\/132882\/revisions"}],"predecessor-version":[{"id":132896,"href":"https:\/\/www.tgrthaber.com\/mavikadin\/wp-json\/wp\/v2\/posts\/132882\/revisions\/132896"}],"wp:featuredmedia":[{"embeddable":true,"href":"https:\/\/www.tgrthaber.com\/mavikadin\/wp-json\/wp\/v2\/media\/132888"}],"wp:attachment":[{"href":"https:\/\/www.tgrthaber.com\/mavikadin\/wp-json\/wp\/v2\/media?parent=132882"}],"wp:term":[{"taxonomy":"category","embeddable":true,"href":"https:\/\/www.tgrthaber.com\/mavikadin\/wp-json\/wp\/v2\/categories?post=132882"},{"taxonomy":"post_tag","embeddable":true,"href":"https:\/\/www.tgrthaber.com\/mavikadin\/wp-json\/wp\/v2\/tags?post=132882"}],"curies":[{"name":"wp","href":"https:\/\/api.w.org\/{rel}","templated":true}]}}