{"id":133788,"date":"2025-02-14T12:32:48","date_gmt":"2025-02-14T09:32:48","guid":{"rendered":"https:\/\/www.tgrthaber.com\/mavikadin\/?p=133788"},"modified":"2025-02-14T13:13:22","modified_gmt":"2025-02-14T10:13:22","slug":"yasemin-sefkatli-esi-ido-tatlisesin-dogum-gunu-pastasini-dusurdu-burundaki-bant-dikkat-cekti","status":"publish","type":"post","link":"https:\/\/www.tgrthaber.com\/mavikadin\/yasemin-sefkatli-esi-ido-tatlisesin-dogum-gunu-pastasini-dusurdu-burundaki-bant-dikkat-cekti\/","title":{"rendered":"Yasemin \u015eefkatli e\u015fi \u0130do Tatl\u0131ses&#8217;in do\u011fum g\u00fcn\u00fc pastas\u0131n\u0131 d\u00fc\u015f\u00fcrd\u00fc! Burundaki bant dikkat \u00e7ekti"},"content":{"rendered":"<p>\u0130do Tatl\u0131ses&#8217;in e\u015fi Yasemin \u015eefkatli, e\u015finin 33. ya\u015f do\u011fum g\u00fcn\u00fc i\u00e7in kutlama yapaca\u011f\u0131 s\u0131rada yanl\u0131\u015fl\u0131kla pastay\u0131 elinden d\u00fc\u015f\u00fcrd\u00fc. \u00c7ift, arkada\u015flar\u0131 ve aileleriyle birlikte bir do\u011fum g\u00fcn\u00fc kutlamas\u0131 d\u00fczenlerken, Yasemin \u015eefkatli&#8217;nin pastay\u0131 elinden d\u00fc\u015f\u00fcrmesi e\u011flenceli anlara sebep oldu. Bu an\u0131 sosyal medya hesaplar\u0131ndan payla\u015fan \u00e7ift, sosyal medya takip\u00e7ilerini ve hayranlar\u0131n\u0131 da e\u011flenceli anlar\u0131na tan\u0131k ettirdi.<\/p>\n<p>Yasemin \u015eefkatli&#8217;nin bu talihsiz kazas\u0131 sosyal medyada olduk\u00e7a ilgi g\u00f6rd\u00fc. \u00c7iftin e\u011flenceli anlar\u0131 izleyenlerin y\u00fcz\u00fcn\u00fc g\u00fcld\u00fcrd\u00fc. Bu tatl\u0131 anlar bir video ile payla\u015f\u0131l\u0131rken \u0130do Tatl\u0131ses&#8217;in burnundaki bant dikkat \u00e7ekti.<\/p>\n<h3>GE\u00c7T\u0130\u011e\u0130M\u0130Z AY \u0130K\u0130Z BEBEKLER\u0130 D\u00dcNYAYA GELM\u0130\u015eT\u0130<\/h3>\n<p>Ge\u00e7ti\u011fimiz ay Yasemin \u015eefkatli ve \u0130do Tatl\u0131ses ikiz bebeklerini d\u00fcnyaya getirdi ve takip\u00e7ileriyle b\u00fcy\u00fck bir sevin\u00e7 ya\u015fad\u0131. Bebeklerden biri \u0130do Tatl\u0131ses&#8217;in babas\u0131 \u00fcnl\u00fc sanat\u00e7\u0131 \u0130brahim Tatl\u0131ses&#8217;in ad\u0131n\u0131 al\u0131rken, di\u011feri ise Yasemin \u015eefkatli&#8217;nin babas\u0131 Sinan \u015eefkatli&#8217;nin ad\u0131n\u0131 ald\u0131. Do\u011fumdan sonra Yasemin ve \u0130do bebeklerinin ilk foto\u011fraflar\u0131n\u0131 sosyal medya hesaplar\u0131ndan payla\u015farak hayranlar\u0131na mutluluklar\u0131n\u0131 dile getirdiler. Bebekler iyi durumda olsa da \u0130brahim Ayel&#8217;in do\u011fumdan k\u0131sa bir s\u00fcre sonra kalp rahats\u0131zl\u0131\u011f\u0131 nedeniyle ameliyat olmas\u0131 gerekmi\u015fti. Yasemin \u015eefkatli bebe\u011fi i\u00e7in takip\u00e7ilerden dua istemi\u015fti.<\/p>\n<div style=\"width: 640px;\" class=\"wp-video\"><!--[if lt IE 9]><script>document.createElement('video');<\/script><![endif]-->\n<video class=\"wp-video-shortcode\" id=\"video-133788-1\" width=\"640\" height=\"640\" preload=\"metadata\" controls=\"controls\"><source type=\"video\/mp4\" src=\"https:\/\/www.tgrthaber.com\/mavikadin\/wp-content\/uploads\/WhatsApp-Video-2025-02-14-at-11.41.49.mp4?_=1\" \/><a href=\"https:\/\/www.tgrthaber.com\/mavikadin\/wp-content\/uploads\/WhatsApp-Video-2025-02-14-at-11.41.49.mp4\">https:\/\/www.tgrthaber.com\/mavikadin\/wp-content\/uploads\/WhatsApp-Video-2025-02-14-at-11.41.49.mp4<\/a><\/video><\/div>\n<hr \/>\n<p>Yasemin sosyal medyada aktif olarak anne olarak yeni hayat\u0131 hakk\u0131nda g\u00fcncellemeler veriyor, ikizleriyle ya\u015fad\u0131\u011f\u0131 tatl\u0131 anlar\u0131 payla\u015f\u0131yor ve ebeveynlik ipu\u00e7lar\u0131 veriyor. Hatta takip\u00e7ilerinin merak etti\u011fi ikizlerini nas\u0131l birbirinden ay\u0131rd\u0131\u011f\u0131n\u0131 bile payla\u015ft\u0131.<\/p>\n<p><img loading=\"lazy\" decoding=\"async\" class=\"alignnone wp-image-133795\" src=\"https:\/\/www.tgrthaber.com\/mavikadin\/wp-content\/uploads\/3-162.png\" alt=\"\" width=\"1208\" height=\"680\" title=\"\" srcset=\"https:\/\/www.tgrthaber.com\/mavikadin\/wp-content\/uploads\/3-162.png 1280w, https:\/\/www.tgrthaber.com\/mavikadin\/wp-content\/uploads\/3-162-300x169.png 300w, https:\/\/www.tgrthaber.com\/mavikadin\/wp-content\/uploads\/3-162-1024x576.png 1024w, https:\/\/www.tgrthaber.com\/mavikadin\/wp-content\/uploads\/3-162-768x432.png 768w\" sizes=\"(max-width: 1208px) 100vw, 1208px\" \/><\/p>\n<p>&nbsp;<\/p>\n<hr \/>\n<h3>YASEM\u0130N \u015eEFKATL\u0130 K\u0130MD\u0130R?<\/h3>\n<p>Yasemin \u015eefkatli, 1993 do\u011fumlu T\u00fcrk sosyal medya fenomeni, model ve giri\u015fimcidir. G\u00fczelli\u011fi ve stiliyle tan\u0131nan \u015eefkatli, moda ve ya\u015fam tarz\u0131n\u0131 payla\u015ft\u0131\u011f\u0131 sosyal medyada \u00f6nemli bir takip\u00e7i kitlesi edindi. Yasemin kariyerine ilk olarak modellik ve sosyal medya fenomeni olarak ba\u015flad\u0131 ve daha sonra i\u015f d\u00fcnyas\u0131na ad\u0131m atarak kendini ba\u015far\u0131l\u0131 bir giri\u015fimci olarak kan\u0131tlad\u0131.<\/p>\n<p><img loading=\"lazy\" decoding=\"async\" class=\"alignnone wp-image-133794\" src=\"https:\/\/www.tgrthaber.com\/mavikadin\/wp-content\/uploads\/2-159.png\" alt=\"\" width=\"1208\" height=\"680\" title=\"\" srcset=\"https:\/\/www.tgrthaber.com\/mavikadin\/wp-content\/uploads\/2-159.png 1280w, https:\/\/www.tgrthaber.com\/mavikadin\/wp-content\/uploads\/2-159-300x169.png 300w, https:\/\/www.tgrthaber.com\/mavikadin\/wp-content\/uploads\/2-159-1024x576.png 1024w, https:\/\/www.tgrthaber.com\/mavikadin\/wp-content\/uploads\/2-159-768x432.png 768w\" sizes=\"(max-width: 1208px) 100vw, 1208px\" \/><\/p>\n<hr \/>\n<h3>YASEM\u0130N \u015eEFKATL\u0130 VE \u0130DO TATLISES&#8217;\u0130N EVL\u0130L\u0130\u011e\u0130<\/h3>\n<p>Yasemin \u015eefkatli ve \u0130do Tatl\u0131ses \u00f6zel bir t\u00f6renle d\u00fcnya evine girmi\u015fti. \u00c7ift, nikah masas\u0131na oturmadan \u00f6nce bir s\u00fcredir birlikteydi ve ili\u015fkileri hem medyan\u0131n hem de kamuoyunun dikkatini \u00e7ekiyordu. G\u00fc\u00e7l\u00fc ba\u011flar\u0131 ve medyada sevgi g\u00f6sterileriyle tan\u0131n\u0131yorlar. Evlendikten sonra, ikiz \u00e7ocuklar\u0131n\u0131n geli\u015fiyle ailelerini geni\u015flettiler ve hayatlar\u0131nda yeni bir sayfa a\u00e7t\u0131lar.<\/p>\n","protected":false},"excerpt":{"rendered":"<p>Yasemin \u015eefkatli e\u015fi \u0130do Tatl\u0131ses&#8217;in 33. ya\u015f do\u011fum g\u00fcn\u00fcn\u00fc kutlamak isterken talihsiz bir olay ya\u015fad\u0131. Kutlama s\u0131ras\u0131nda pastay\u0131 elinden d\u00fc\u015f\u00fcne Yasemin \u015eefkatli&#8217;nin o anlar\u0131 sosyal medya hesaplar\u0131ndan payla\u015f\u0131ld\u0131. \u0130\u015fte detaylar&#8230;<\/p>\n","protected":false},"author":28,"featured_media":133793,"comment_status":"closed","ping_status":"closed","sticky":false,"template":"","format":"standard","meta":{"rank_math_lock_modified_date":false,"footnotes":""},"categories":[76],"tags":[2415,2414],"class_list":["post-133788","post","type-post","status-publish","format-standard","has-post-thumbnail","hentry","category-magazin","tag-ido-tatlises","tag-yasemin-sefkatli"],"_links":{"self":[{"href":"https:\/\/www.tgrthaber.com\/mavikadin\/wp-json\/wp\/v2\/posts\/133788"}],"collection":[{"href":"https:\/\/www.tgrthaber.com\/mavikadin\/wp-json\/wp\/v2\/posts"}],"about":[{"href":"https:\/\/www.tgrthaber.com\/mavikadin\/wp-json\/wp\/v2\/types\/post"}],"author":[{"embeddable":true,"href":"https:\/\/www.tgrthaber.com\/mavikadin\/wp-json\/wp\/v2\/users\/28"}],"replies":[{"embeddable":true,"href":"https:\/\/www.tgrthaber.com\/mavikadin\/wp-json\/wp\/v2\/comments?post=133788"}],"version-history":[{"count":2,"href":"https:\/\/www.tgrthaber.com\/mavikadin\/wp-json\/wp\/v2\/posts\/133788\/revisions"}],"predecessor-version":[{"id":133799,"href":"https:\/\/www.tgrthaber.com\/mavikadin\/wp-json\/wp\/v2\/posts\/133788\/revisions\/133799"}],"wp:featuredmedia":[{"embeddable":true,"href":"https:\/\/www.tgrthaber.com\/mavikadin\/wp-json\/wp\/v2\/media\/133793"}],"wp:attachment":[{"href":"https:\/\/www.tgrthaber.com\/mavikadin\/wp-json\/wp\/v2\/media?parent=133788"}],"wp:term":[{"taxonomy":"category","embeddable":true,"href":"https:\/\/www.tgrthaber.com\/mavikadin\/wp-json\/wp\/v2\/categories?post=133788"},{"taxonomy":"post_tag","embeddable":true,"href":"https:\/\/www.tgrthaber.com\/mavikadin\/wp-json\/wp\/v2\/tags?post=133788"}],"curies":[{"name":"wp","href":"https:\/\/api.w.org\/{rel}","templated":true}]}}