{"id":133805,"date":"2025-02-14T13:11:14","date_gmt":"2025-02-14T10:11:14","guid":{"rendered":"https:\/\/www.tgrthaber.com\/mavikadin\/?p=133805"},"modified":"2025-02-14T13:11:14","modified_gmt":"2025-02-14T10:11:14","slug":"sibel-can-yeni-album-icin-imaj-degistirdi-malefize-benzetildi","status":"publish","type":"post","link":"https:\/\/www.tgrthaber.com\/mavikadin\/sibel-can-yeni-album-icin-imaj-degistirdi-malefize-benzetildi\/","title":{"rendered":"Sibel can yeni alb\u00fcm i\u00e7in imaj de\u011fi\u015ftirdi! Malefize benzetildi"},"content":{"rendered":"<p>T\u00fcrk pop m\u00fczik ikonu Sibel Can, sosyal medyada yank\u0131 uyand\u0131ran imaj\u0131n\u0131 de\u011fi\u015ftirerek yeni alb\u00fcm\u00fcn\u00fcn \u00e7\u0131k\u0131\u015f\u0131 i\u00e7in cesur bir hamle yapt\u0131. Yakla\u015fan yeni alb\u00fcm\u00fc i\u00e7in Can, bir\u00e7ok ki\u015finin Angelina Jolie&#8217;nin Maleficent tasvirine benzetti\u011fi dramatik, karanl\u0131k bir g\u00f6r\u00fcn\u00fcm se\u00e7ti. Koyu makyaj\u0131 ve giydi\u011fi k\u0131yafetiyle Malefiz karakterine benzetildi.<\/p>\n<h3>S\u0130BEL CAN HAKKINDA<\/h3>\n<p>1 A\u011fustos 1970&#8217;te \u0130stanbul, T\u00fcrkiye&#8217;de do\u011fan Sibel Can, \u00f6nde gelen bir \u015fark\u0131c\u0131, oyuncu ve T\u00fcrk pop m\u00fczi\u011finin \u00f6nde gelen isimlerinden biridir. M\u00fczik kariyerine 1990&#8217;lar\u0131n ba\u015f\u0131nda ba\u015flad\u0131 ve b\u00fcy\u00fcleyici sesiyle h\u0131zla \u00fcnlendi. Kariyeri boyunca \u00e7ok say\u0131da hit \u015fark\u0131 ve alb\u00fcm \u00fcretti ve \u00fclke \u00e7ap\u0131nda sad\u0131k bir hayran kitlesi kazand\u0131.<\/p>\n<p><img loading=\"lazy\" decoding=\"async\" class=\"alignnone wp-image-133812\" src=\"https:\/\/www.tgrthaber.com\/mavikadin\/wp-content\/uploads\/4-131.png\" alt=\"\" width=\"1208\" height=\"680\" title=\"\" srcset=\"https:\/\/www.tgrthaber.com\/mavikadin\/wp-content\/uploads\/4-131.png 1280w, https:\/\/www.tgrthaber.com\/mavikadin\/wp-content\/uploads\/4-131-300x169.png 300w, https:\/\/www.tgrthaber.com\/mavikadin\/wp-content\/uploads\/4-131-1024x576.png 1024w, https:\/\/www.tgrthaber.com\/mavikadin\/wp-content\/uploads\/4-131-768x432.png 768w\" sizes=\"(max-width: 1208px) 100vw, 1208px\" \/><\/p>\n<hr \/>\n<p>Sibel Can, m\u00fczik kariyerinin yan\u0131 s\u0131ra oyunculukta da ad\u0131n\u0131 duyurdu ve \u00e7e\u015fitli dizi ve filmlerde rol ald\u0131. Y\u0131llar ge\u00e7tik\u00e7e sadece m\u00fczi\u011fiyle de\u011fil ayn\u0131 zamanda genellikle cesur stil tercihleriyle de tan\u0131nd\u0131.<\/p>\n<p>Sibel Can, son zamanlarda \u00f6zellikle sahne k\u0131yafetleriyle ilgili olarak kamuoyuna a\u00e7\u0131k g\u00f6r\u00fcn\u00fcmleriyle de tart\u0131\u015fma yaratt\u0131. Bu y\u0131l\u0131n ba\u015flar\u0131nda, konser ve \u015fovlardaki kost\u00fcm tercihleri \u200b\u200bdikkat \u00e7ekti ve hayranlar\u0131 cesur moda ifadeleri hakk\u0131nda g\u00f6r\u00fc\u015flerini dile getirdi. Bir di\u011fer \u00f6nemli an ise, \u015eark\u0131lar Bizi S\u00f6yler adl\u0131 TV program\u0131nda efsanevi T\u00fcrk \u015fark\u0131c\u0131 Ferdi Tayfur&#8217;a yapt\u0131\u011f\u0131 sayg\u0131 duru\u015fuydu ve burada merhum sanat\u00e7\u0131y\u0131 y\u00fcrekten bir performansla onurland\u0131rd\u0131.<\/p>\n<p><img loading=\"lazy\" decoding=\"async\" class=\"alignnone wp-image-133811\" src=\"https:\/\/www.tgrthaber.com\/mavikadin\/wp-content\/uploads\/3-163.png\" alt=\"\" width=\"1208\" height=\"680\" title=\"\" srcset=\"https:\/\/www.tgrthaber.com\/mavikadin\/wp-content\/uploads\/3-163.png 1280w, https:\/\/www.tgrthaber.com\/mavikadin\/wp-content\/uploads\/3-163-300x169.png 300w, https:\/\/www.tgrthaber.com\/mavikadin\/wp-content\/uploads\/3-163-1024x576.png 1024w, https:\/\/www.tgrthaber.com\/mavikadin\/wp-content\/uploads\/3-163-768x432.png 768w\" sizes=\"(max-width: 1208px) 100vw, 1208px\" \/><\/p>\n<hr \/>\n<h3>S\u0130BEL CAN&#8217;DAN YEN\u0130 ALB\u00dcM &#8216;DRAMA&#8217;<\/h3>\n<p>Sibel Can&#8217;\u0131n Drama adl\u0131 yakla\u015fan alb\u00fcm\u00fc heyranlar\u0131 taraf\u0131ndan heyecanla bekleniyor. Yeni imaj\u0131 ve dramatik g\u00f6rsel \u00f6\u011felerle, m\u00fczi\u011fine taze ve modern bir bak\u0131\u015f a\u00e7\u0131s\u0131 getiriyor gibi g\u00f6r\u00fcn\u00fcyor. Alb\u00fcm, sanat\u00e7\u0131 olarak \u00e7ok y\u00f6nl\u00fcl\u00fc\u011f\u00fcn\u00fc sergileyen \u00e7a\u011fda\u015f ve geleneksel T\u00fcrk \u015fark\u0131lar\u0131n\u0131n bir kar\u0131\u015f\u0131m\u0131n\u0131 vaat ediyor. Hayranlar, yeni alb\u00fcm\u00fcn yay\u0131nlanmas\u0131n\u0131 beklerken, sanat\u00e7\u0131n\u0131n yeni tarz\u0131 alb\u00fcme dair meraklar uyand\u0131rd\u0131.<\/p>\n<p><img loading=\"lazy\" decoding=\"async\" class=\"alignnone size-full wp-image-133813\" src=\"https:\/\/www.tgrthaber.com\/mavikadin\/wp-content\/uploads\/5-86.png\" alt=\"\" width=\"1280\" height=\"720\" title=\"\" srcset=\"https:\/\/www.tgrthaber.com\/mavikadin\/wp-content\/uploads\/5-86.png 1280w, https:\/\/www.tgrthaber.com\/mavikadin\/wp-content\/uploads\/5-86-300x169.png 300w, https:\/\/www.tgrthaber.com\/mavikadin\/wp-content\/uploads\/5-86-1024x576.png 1024w, https:\/\/www.tgrthaber.com\/mavikadin\/wp-content\/uploads\/5-86-768x432.png 768w\" sizes=\"(max-width: 1280px) 100vw, 1280px\" \/><\/p>\n<p>Sibel Can&#8217;\u0131n Drama alb\u00fcm\u00fc i\u00e7in yeni imaj\u0131 dikkatleri \u00fczerine \u00e7ekti. M\u00fczikteki kapsaml\u0131 kariyeri ve \u00e7arp\u0131c\u0131 moda se\u00e7imleriyle Sibel Can, T\u00fcrk medya sekt\u00f6r\u00fcnde \u00f6nemli bir isim olmaya devam ediyor ve hayranlar\u0131, bu \u00e7ok beklenen alb\u00fcmle neler sunaca\u011f\u0131 sab\u0131rs\u0131zl\u0131kla bekliyor.<\/p>\n","protected":false},"excerpt":{"rendered":"<p>Yeni alb\u00fcm\u00fc i\u00e7in imaj de\u011fi\u015fikli\u011fine giden Sibel Can, alb\u00fcm kapa\u011f\u0131 foto\u011fraflar\u0131 de\u011fi\u015fik yorumlara maruz kald\u0131. Koyu makyaj\u0131, dar ve diyah kost\u00fcm\u00fcyle ak\u0131llara Malefiz karakterini getiren Sibel Can, hayranlar\u0131 taraf\u0131ndan Malefiz&#8217;e benzetildi. \u0130\u015fte detaylar&#8230;<\/p>\n","protected":false},"author":28,"featured_media":133809,"comment_status":"closed","ping_status":"closed","sticky":false,"template":"","format":"standard","meta":{"rank_math_lock_modified_date":false,"footnotes":""},"categories":[76],"tags":[2810,10952,10951],"class_list":["post-133805","post","type-post","status-publish","format-standard","has-post-thumbnail","hentry","category-magazin","tag-sibel-can","tag-sibel-can-drama","tag-sibel-can-yeni-album"],"_links":{"self":[{"href":"https:\/\/www.tgrthaber.com\/mavikadin\/wp-json\/wp\/v2\/posts\/133805"}],"collection":[{"href":"https:\/\/www.tgrthaber.com\/mavikadin\/wp-json\/wp\/v2\/posts"}],"about":[{"href":"https:\/\/www.tgrthaber.com\/mavikadin\/wp-json\/wp\/v2\/types\/post"}],"author":[{"embeddable":true,"href":"https:\/\/www.tgrthaber.com\/mavikadin\/wp-json\/wp\/v2\/users\/28"}],"replies":[{"embeddable":true,"href":"https:\/\/www.tgrthaber.com\/mavikadin\/wp-json\/wp\/v2\/comments?post=133805"}],"version-history":[{"count":1,"href":"https:\/\/www.tgrthaber.com\/mavikadin\/wp-json\/wp\/v2\/posts\/133805\/revisions"}],"predecessor-version":[{"id":133814,"href":"https:\/\/www.tgrthaber.com\/mavikadin\/wp-json\/wp\/v2\/posts\/133805\/revisions\/133814"}],"wp:featuredmedia":[{"embeddable":true,"href":"https:\/\/www.tgrthaber.com\/mavikadin\/wp-json\/wp\/v2\/media\/133809"}],"wp:attachment":[{"href":"https:\/\/www.tgrthaber.com\/mavikadin\/wp-json\/wp\/v2\/media?parent=133805"}],"wp:term":[{"taxonomy":"category","embeddable":true,"href":"https:\/\/www.tgrthaber.com\/mavikadin\/wp-json\/wp\/v2\/categories?post=133805"},{"taxonomy":"post_tag","embeddable":true,"href":"https:\/\/www.tgrthaber.com\/mavikadin\/wp-json\/wp\/v2\/tags?post=133805"}],"curies":[{"name":"wp","href":"https:\/\/api.w.org\/{rel}","templated":true}]}}